

{"id":43046,"date":"2023-03-31T09:13:48","date_gmt":"2023-03-31T12:13:48","guid":{"rendered":"http:\/\/portalfloresnoar.com\/floresnoar\/?p=43046"},"modified":"2023-04-06T09:47:31","modified_gmt":"2023-04-06T12:47:31","slug":"curso-on-line-de-meditacao-mindfulness-e-autoconhecimento-esta-com-as-inscricoes-abertas","status":"publish","type":"post","link":"https:\/\/portalfloresnoar.com\/floresnoar\/curso-on-line-de-meditacao-mindfulness-e-autoconhecimento-esta-com-as-inscricoes-abertas\/","title":{"rendered":"Curso On-line de Medita\u00e7\u00e3o, Mindfulness e Autoconhecimento est\u00e1 com as inscri\u00e7\u00f5es abertas"},"content":{"rendered":"<p><img decoding=\"async\" loading=\"lazy\" class=\"aligncenter wp-image-43153 \" src=\"http:\/\/portalfloresnoar.com\/floresnoar\/wp-content\/uploads\/2023\/03\/curso-online-meditacao-2-700x700.jpeg\" alt=\"\" width=\"633\" height=\"633\" srcset=\"https:\/\/portalfloresnoar.com\/floresnoar\/wp-content\/uploads\/2023\/03\/curso-online-meditacao-2-700x700.jpeg 700w, https:\/\/portalfloresnoar.com\/floresnoar\/wp-content\/uploads\/2023\/03\/curso-online-meditacao-2-150x150.jpeg 150w, https:\/\/portalfloresnoar.com\/floresnoar\/wp-content\/uploads\/2023\/03\/curso-online-meditacao-2-300x300.jpeg 300w, https:\/\/portalfloresnoar.com\/floresnoar\/wp-content\/uploads\/2023\/03\/curso-online-meditacao-2-768x768.jpeg 768w, https:\/\/portalfloresnoar.com\/floresnoar\/wp-content\/uploads\/2023\/03\/curso-online-meditacao-2-100x100.jpeg 100w, https:\/\/portalfloresnoar.com\/floresnoar\/wp-content\/uploads\/2023\/03\/curso-online-meditacao-2.jpeg 1080w\" sizes=\"(max-width: 633px) 100vw, 633px\" \/><\/p>\n<p>Est\u00e3o abertas as inscri\u00e7\u00f5es para o curso on-line &#8216;<a href=\"https:\/\/maisconsciente.com.br\/curso-de-meditacao-mindfulness-e-autoconhecimento-online-video-aula?a=816299\" target=\"_blank\" rel=\"noopener\">Despertar &#8211; Medita\u00e7\u00e3o, Mindfulness e Autoconhecimento<\/a>&#8216;, conduzido pelo instrutor de Medita\u00e7\u00e3o e Mindfulness Felipe Lapa. O curso visa promover o desfrute de uma vida mais produtiva, focada, tranquila, alegre, saud\u00e1vel e pr\u00f3spera, atrav\u00e9s da pr\u00e1tica da Medita\u00e7\u00e3o e Mindfulness.<\/p>\n<p>De acordo com Felipe, o curso foi especialmente criado para as pessoas que querem aprender a lidar com suas emo\u00e7\u00f5es e assumir o controle das diversas situa\u00e7\u00f5es da vida. \u201cO Despertar \u00e9 um curso completo e pr\u00e1tico, onde o participante ir\u00e1 introduzir a medita\u00e7\u00e3o na sua rotina di\u00e1ria de forma gradual. Durante as aulas, o participante ser\u00e1 guiado em um processo de reconex\u00e3o consigo mesmo, aprendendo a ouvir a intui\u00e7\u00e3o e encontrar as respostas dentro de si&#8221;, explica o instrutor.<\/p>\n<p>BENEF\u00cdCIOS:<br \/>\n* Energiza o corpo<br \/>\n* Reduz o estresse<br \/>\n* Melhora a sa\u00fade, fortalecendo o sistema imunol\u00f3gico<br \/>\n* Aumenta o foco<br \/>\n* Proporciona mais qualidade de vida, reduzindo efeitos da ansiedade e depress\u00e3o<br \/>\n* Tranquiliza a mente<\/p>\n<p>M\u00d3DULOS<br \/>\n01 Semana: Como Sair do Piloto Autom\u00e1tico e Transformar Sua Vida<br \/>\n02 Semana: Liberte-se da pris\u00e3o da mente e viva com mais equil\u00edbrio e serenidade<br \/>\n03 Semana: Transforme sua rela\u00e7\u00e3o com o pensamento compulsivo<br \/>\n04 Semana: Aprenda a manter a calma em meio ao caos da vida moderna<br \/>\n05 Semana: Transforme o negativo em positivo: aprenda a acolher sentimentos desagrad\u00e1veis<br \/>\n06 Semana: Desafie seus pensamentos e encontre a verdadeira paz interior<br \/>\n07 Semana: Decis\u00f5es com discernimento: Aprenda a confiar em si mesmo<br \/>\n08 Semana: Consolide seus conhecimentos e avance na sua jornada de descoberta consciente<\/p>\n<p><em>Obs.: Confira informa\u00e7\u00f5es detalhadas de cada m\u00f3dulo, <strong><a href=\"https:\/\/maisconsciente.com.br\/curso-de-meditacao-mindfulness-e-autoconhecimento-online-video-aula?a=816299\" target=\"_blank\" rel=\"noopener\">neste link<\/a><\/strong>!<\/em><\/p>\n<p>B\u00d4NUS ESPECIAIS<br \/>\nAo se inscrever no Despertar, os inscritos recebem como b\u00f4nus os seguintes cursos:<br \/>\n&#8211; Curso Completo de Autoconhecimento e Cura Interior ONLINE<br \/>\n&#8211; Curso Completo de Limpeza, Alinhamento e Prote\u00e7\u00e3o Energ\u00e9tica ONLINE<br \/>\n&#8211; Curso Completo de Interpreta\u00e7\u00e3o dos Sonhos ONLINE<\/p>\n<p>SOBRE O FACILITADOR<br \/>\n<strong>Felipe Lapa<\/strong> \u00e9 especialista em Medita\u00e7\u00e3o, terapeuta Integrativo e instrutor de Mindfulness, formado pelo MTI \u2013 Mindfulness Training Internacional. Possui uma ampla gama de habilidades e conhecimentos em pr\u00e1ticas alternativas, incluindo mestre em Reiki, professor de Leitura de Aura e Medita\u00e7\u00e3o das Rosas, Deeksha Giver, Practitioner de Barras de Access, Practitioner em PNL \u2013 Programa\u00e7\u00e3o Neuro Lingu\u00edstica e facilitador do Maha Lilah \u2013 Jogo Milenar do Autoconhecimento. Tamb\u00e9m atua como mentor de processos de Autoconhecimento e Desenvolvimento Humano.<\/p>\n<p><strong>CONFIRA O VALOR DO CURSO E OUTRAS INFORMA\u00c7\u00d5ES, NESTE LINK: <a href=\"https:\/\/maisconsciente.com.br\/curso-de-meditacao-mindfulness-e-autoconhecimento-online-video-aula?a=816299\" target=\"_blank\" rel=\"noopener\">https:\/\/maisconsciente.com.br\/curso-de-meditacao-mindfulness-e-autoconhecimento-online-video-aula?a=816299<\/a><\/strong><\/p>\n","protected":false},"excerpt":{"rendered":"<p>Est\u00e3o abertas as inscri\u00e7\u00f5es para o curso on-line &#8216;Despertar &#8211; Medita\u00e7\u00e3o, Mindfulness e Autoconhecimento&#8216;, conduzido pelo instrutor de Medita\u00e7\u00e3o e Mindfulness Felipe Lapa. O curso visa promover o desfrute de uma vida mais produtiva, focada, tranquila, alegre, saud\u00e1vel e pr\u00f3spera, atrav\u00e9s da pr\u00e1tica da Medita\u00e7\u00e3o e Mindfulness. De acordo com Felipe, o curso foi especialmente [&hellip;]<\/p>\n","protected":false},"author":1,"featured_media":43178,"comment_status":"open","ping_status":"open","sticky":false,"template":"","format":"standard","meta":{"om_disable_all_campaigns":false,"_monsterinsights_skip_tracking":false,"_monsterinsights_sitenote_active":false,"_monsterinsights_sitenote_note":"","_monsterinsights_sitenote_category":0,"footnotes":""},"categories":[8,9],"tags":[136,167,1054,1302,43,582],"acf":[],"publishpress_future_action":{"enabled":false,"date":"1969-12-31 21:00:00","action":"","terms":[],"taxonomy":"","browser_timezone_offset":0},"_links":{"self":[{"href":"https:\/\/portalfloresnoar.com\/floresnoar\/wp-json\/wp\/v2\/posts\/43046"}],"collection":[{"href":"https:\/\/portalfloresnoar.com\/floresnoar\/wp-json\/wp\/v2\/posts"}],"about":[{"href":"https:\/\/portalfloresnoar.com\/floresnoar\/wp-json\/wp\/v2\/types\/post"}],"author":[{"embeddable":true,"href":"https:\/\/portalfloresnoar.com\/floresnoar\/wp-json\/wp\/v2\/users\/1"}],"replies":[{"embeddable":true,"href":"https:\/\/portalfloresnoar.com\/floresnoar\/wp-json\/wp\/v2\/comments?post=43046"}],"version-history":[{"count":0,"href":"https:\/\/portalfloresnoar.com\/floresnoar\/wp-json\/wp\/v2\/posts\/43046\/revisions"}],"wp:featuredmedia":[{"embeddable":true,"href":"https:\/\/portalfloresnoar.com\/floresnoar\/wp-json\/wp\/v2\/media\/43178"}],"wp:attachment":[{"href":"https:\/\/portalfloresnoar.com\/floresnoar\/wp-json\/wp\/v2\/media?parent=43046"}],"wp:term":[{"taxonomy":"category","embeddable":true,"href":"https:\/\/portalfloresnoar.com\/floresnoar\/wp-json\/wp\/v2\/categories?post=43046"},{"taxonomy":"post_tag","embeddable":true,"href":"https:\/\/portalfloresnoar.com\/floresnoar\/wp-json\/wp\/v2\/tags?post=43046"}],"curies":[{"name":"wp","href":"https:\/\/api.w.org\/{rel}","templated":true}]}}