

{"id":43041,"date":"2023-04-30T04:31:08","date_gmt":"2023-04-30T07:31:08","guid":{"rendered":"http:\/\/portalfloresnoar.com\/floresnoar\/?p=43041"},"modified":"2023-09-01T08:41:30","modified_gmt":"2023-09-01T11:41:30","slug":"inscricoes-abertas-para-o-minicurso-on-line-historia-da-arte-aplicada-a-arteterapia","status":"publish","type":"post","link":"https:\/\/portalfloresnoar.com\/floresnoar\/inscricoes-abertas-para-o-minicurso-on-line-historia-da-arte-aplicada-a-arteterapia\/","title":{"rendered":"Inscri\u00e7\u00f5es abertas para o Minicurso On-line &#8216;Hist\u00f3ria da Arte aplicada \u00e0 Arteterapia&#8217;"},"content":{"rendered":"<p><img decoding=\"async\" loading=\"lazy\" class=\"aligncenter wp-image-43042 \" src=\"http:\/\/portalfloresnoar.com\/floresnoar\/wp-content\/uploads\/2023\/03\/historia-da-arte-aplicada-\u00e0-arteterapia-700x700.jpeg\" alt=\"\" width=\"545\" height=\"545\" srcset=\"https:\/\/portalfloresnoar.com\/floresnoar\/wp-content\/uploads\/2023\/03\/historia-da-arte-aplicada-\u00e0-arteterapia-700x700.jpeg 700w, https:\/\/portalfloresnoar.com\/floresnoar\/wp-content\/uploads\/2023\/03\/historia-da-arte-aplicada-\u00e0-arteterapia-150x150.jpeg 150w, https:\/\/portalfloresnoar.com\/floresnoar\/wp-content\/uploads\/2023\/03\/historia-da-arte-aplicada-\u00e0-arteterapia-300x300.jpeg 300w, https:\/\/portalfloresnoar.com\/floresnoar\/wp-content\/uploads\/2023\/03\/historia-da-arte-aplicada-\u00e0-arteterapia-768x768.jpeg 768w, https:\/\/portalfloresnoar.com\/floresnoar\/wp-content\/uploads\/2023\/03\/historia-da-arte-aplicada-\u00e0-arteterapia-100x100.jpeg 100w, https:\/\/portalfloresnoar.com\/floresnoar\/wp-content\/uploads\/2023\/03\/historia-da-arte-aplicada-\u00e0-arteterapia.jpeg 1080w\" sizes=\"(max-width: 545px) 100vw, 545px\" \/><\/p>\n<p>A arteterapeuta e artista Isabel Viana est\u00e1 oferecendo o<strong><a href=\"https:\/\/go.hotmart.com\/U80370929I\" target=\"_blank\" rel=\"noopener\">\u00a0Minicurso On-line &#8216;Hist\u00f3ria da Arte aplicada \u00e0 Arteterapia&#8217;<\/a><\/strong>, com videoaulas gravadas e dispon\u00edveis na plataforma Hotmart.<\/p>\n<p>&#8220;Este curso \u00e9 fruto de meus estudos, pr\u00e1ticas e experi\u00eancia de 15 anos, entre as fun\u00e7\u00f5es de artista, arteterapeuta e docente. As aulas promovem um sobrevoo sobre alguns movimentos art\u00edsticos do s\u00e9culo XX, estabelecendo paralelos entre a evolu\u00e7\u00e3o dos conceitos e pr\u00e1ticas art\u00edsticas, no estudo da Hist\u00f3rias da Arte e seu di\u00e1logo estreito com o surgimento de terap\u00eauticas constitu\u00eddas pela experi\u00eancia criativa e art\u00edstica&#8221;, conta Isabel.<\/p>\n<p>Segundo a professora, o curso\u00a0oferece ferramentas te\u00f3ricas e pr\u00e1ticas para vivenciar a Hist\u00f3ria da Arte como um mapa conceitual de comportamentos e mudan\u00e7as sociais, abordando tamb\u00e9m como o pr\u00f3prio campo da Arte foi influenciando na estrutura\u00e7\u00e3o do campo das Terapias Expressivas e Arteterapia. &#8220;Vamos conhecer um pouco sobre a modifica\u00e7\u00e3o nos conceitos de Arte, artistas e suas aproxima\u00e7\u00f5es com a Arte como pr\u00e1tica relacional, e conhecer pioneiros da Arte na interven\u00e7\u00e3o psicoterap\u00eautica&#8221;.<\/p>\n<p>SOBRE A PROFESSORA<br \/>\n<strong>Isabel Viana<\/strong> \u00e9 arteterapeuta e artista com forma\u00e7\u00e3o em Artes C\u00eanicas. Vive em Barcelona e \u00e9 graduanda em Psicolog\u00eda (UNED-Espanha). \u00c9 criadora do Clube da Terapia Expressiva<a href=\"https:\/\/www.instagram.com\/clube_da_terapia_expressiva\/\" target=\"_blank\" rel=\"noopener\"><\/a>, espa\u00e7o itinerante de forma\u00e7\u00e3o, viv\u00eancias e troca de conhecimento.<\/p>\n<p><strong>CONTE\u00daDO PROGRAM\u00c1TICO DO MINICURSO<\/strong><br \/>\n1.Culturas ancestrais e efic\u00e1cia simb\u00f3lica<br \/>\n2.Arte em contextos psiqui\u00e1tricos. In\u00edcio da Arteterapia<br \/>\n3.P\u00f3s-Impressionismo<br \/>\n4.Dada\u00edsmo<br \/>\n5.Suerrealismo<br \/>\n6.Movimento FLUXUS<br \/>\n7.Arte relacional<br \/>\n8.Metodologias Terap\u00eauticas e exprssivas<br \/>\n9. Jogos Inventivamente.<\/p>\n<p><strong>METODOLOGIA<\/strong><br \/>\nO curso oferece:<br \/>\n&#8211; V\u00eddeo aulas<br \/>\n&#8211; Podcasts<br \/>\n&#8211; Links de apoio<br \/>\n&#8211; Jogos da colet\u00e2nea Inventivamente, criada por Isabel Viana, para auxiliar profissionais das terapias em seus atendimentos<br \/>\n&#8211; Tutoria on-line para tirar d\u00favidas sobre os materiais did\u00e1ticos<br \/>\n&#8211; Atividades avaliativas para o aluno ou aluna demonstrar o que est\u00e1 compreendendo a partir dos conte\u00fados estudados*.<br \/>\n* Essas atividades s\u00e3o obrigat\u00f3rias para quem deseja receber o certificado do curso.<\/p>\n<p><strong>INSCRI\u00c7\u00d5ES ATRAV\u00c9S DESTE LINK:<\/strong> <a href=\"https:\/\/go.hotmart.com\/U80370929I\" target=\"_blank\" rel=\"noopener\">https:\/\/go.hotmart.com\/U80370929I<\/a><\/p>\n","protected":false},"excerpt":{"rendered":"<p>A arteterapeuta e artista Isabel Viana est\u00e1 oferecendo o\u00a0Minicurso On-line &#8216;Hist\u00f3ria da Arte aplicada \u00e0 Arteterapia&#8217;, com videoaulas gravadas e dispon\u00edveis na plataforma Hotmart. &#8220;Este curso \u00e9 fruto de meus estudos, pr\u00e1ticas e experi\u00eancia de 15 anos, entre as fun\u00e7\u00f5es de artista, arteterapeuta e docente. As aulas promovem um sobrevoo sobre alguns movimentos art\u00edsticos do [&hellip;]<\/p>\n","protected":false},"author":1,"featured_media":43177,"comment_status":"open","ping_status":"open","sticky":false,"template":"","format":"standard","meta":{"om_disable_all_campaigns":false,"_monsterinsights_skip_tracking":false,"_monsterinsights_sitenote_active":false,"_monsterinsights_sitenote_note":"","_monsterinsights_sitenote_category":0,"footnotes":""},"categories":[8,224,9],"tags":[34,167,1054,1297],"acf":[],"publishpress_future_action":{"enabled":false,"date":"1969-12-31 21:00:00","action":"","terms":[],"taxonomy":"","browser_timezone_offset":0},"_links":{"self":[{"href":"https:\/\/portalfloresnoar.com\/floresnoar\/wp-json\/wp\/v2\/posts\/43041"}],"collection":[{"href":"https:\/\/portalfloresnoar.com\/floresnoar\/wp-json\/wp\/v2\/posts"}],"about":[{"href":"https:\/\/portalfloresnoar.com\/floresnoar\/wp-json\/wp\/v2\/types\/post"}],"author":[{"embeddable":true,"href":"https:\/\/portalfloresnoar.com\/floresnoar\/wp-json\/wp\/v2\/users\/1"}],"replies":[{"embeddable":true,"href":"https:\/\/portalfloresnoar.com\/floresnoar\/wp-json\/wp\/v2\/comments?post=43041"}],"version-history":[{"count":1,"href":"https:\/\/portalfloresnoar.com\/floresnoar\/wp-json\/wp\/v2\/posts\/43041\/revisions"}],"predecessor-version":[{"id":43994,"href":"https:\/\/portalfloresnoar.com\/floresnoar\/wp-json\/wp\/v2\/posts\/43041\/revisions\/43994"}],"wp:featuredmedia":[{"embeddable":true,"href":"https:\/\/portalfloresnoar.com\/floresnoar\/wp-json\/wp\/v2\/media\/43177"}],"wp:attachment":[{"href":"https:\/\/portalfloresnoar.com\/floresnoar\/wp-json\/wp\/v2\/media?parent=43041"}],"wp:term":[{"taxonomy":"category","embeddable":true,"href":"https:\/\/portalfloresnoar.com\/floresnoar\/wp-json\/wp\/v2\/categories?post=43041"},{"taxonomy":"post_tag","embeddable":true,"href":"https:\/\/portalfloresnoar.com\/floresnoar\/wp-json\/wp\/v2\/tags?post=43041"}],"curies":[{"name":"wp","href":"https:\/\/api.w.org\/{rel}","templated":true}]}}