

{"id":42985,"date":"2022-03-06T11:13:02","date_gmt":"2022-03-06T14:13:02","guid":{"rendered":"http:\/\/portalfloresnoar.com\/floresnoar\/?p=42985"},"modified":"2023-03-22T10:16:59","modified_gmt":"2023-03-22T13:16:59","slug":"agenda-curso-on-line-de-agricultura-biodinamica-tem-inicio-no-dia-1803","status":"publish","type":"post","link":"https:\/\/portalfloresnoar.com\/floresnoar\/agenda-curso-on-line-de-agricultura-biodinamica-tem-inicio-no-dia-1803\/","title":{"rendered":"[AGENDA] Curso on-line de Agricultura Biodin\u00e2mica tem in\u00edcio no dia 18\/03"},"content":{"rendered":"<p><img decoding=\"async\" loading=\"lazy\" class=\"aligncenter wp-image-42989\" src=\"http:\/\/portalfloresnoar.com\/floresnoar\/wp-content\/uploads\/2023\/03\/curso-agricultura-biodinamica-3-700x466.jpeg\" alt=\"\" width=\"641\" height=\"427\" srcset=\"https:\/\/portalfloresnoar.com\/floresnoar\/wp-content\/uploads\/2023\/03\/curso-agricultura-biodinamica-3-700x466.jpeg 700w, https:\/\/portalfloresnoar.com\/floresnoar\/wp-content\/uploads\/2023\/03\/curso-agricultura-biodinamica-3-300x200.jpeg 300w, https:\/\/portalfloresnoar.com\/floresnoar\/wp-content\/uploads\/2023\/03\/curso-agricultura-biodinamica-3-768x512.jpeg 768w, https:\/\/portalfloresnoar.com\/floresnoar\/wp-content\/uploads\/2023\/03\/curso-agricultura-biodinamica-3.jpeg 1280w\" sizes=\"(max-width: 641px) 100vw, 641px\" \/>Tem in\u00edcio no dia 18 de mar\u00e7o de 2023 o curso on-line\u00a0<strong>&#8216;Mapa de Autenticidade Agr\u00edcola: Uma introdu\u00e7\u00e3o ao conhecimento e \u00e0s pr\u00e1ticas da Agricultura Biodin\u00e2mica&#8217;<\/strong>, facilitado por Luiz Carvalho Gallego, com tutoria de Simon Blaser. O curso tem dura\u00e7\u00e3o de tr\u00eas meses, com aulas ao vivo,\u00a0sempre aos s\u00e1bados.<\/p>\n<p>De acordo com Gallego, o curso tem o objetivo de tornar o conhecimento da Agricultura Biodin\u00e2mica mais acess\u00edvel, sem perder o dimensionamento e a profundidade que esta pr\u00e1xis agr\u00edcola convida a exercitar, dentro e fora da lida. &#8220;No nosso percurso teremos encontros semanais, em aulas ao vivo, com pr\u00e1ticas de campo virtuais. O curso prop\u00f5e o conhecimento a fundo das pr\u00e1ticas essenciais indispens\u00e1veis para a cria\u00e7\u00e3o de um organismo agr\u00edcola biodin\u00e2mico, seja ele grande ou pequeno.&#8221;<\/p>\n<p>&#8220;A qualidade do olhar que lan\u00e7amos sobre a natureza, ou seja, o quanto penetramos nos fen\u00f4menos do mundo vis\u00edvel e invis\u00edvel, tem consequ\u00eancias pr\u00e1ticas e reais sobre a nossa produ\u00e7\u00e3o alimentar, e sobre a nossa qualidade de vida. O mapa, \u00e9, ent\u00e3o, um conjunto de informa\u00e7\u00f5es (e pr\u00e1ticas) dispon\u00edveis, que oferece a possibilidade de um caminho aut\u00eantico, e poss\u00edvel, no \u00e2mbito do trabalho agr\u00edcola. A autenticidade \u00e9, no modo e no resultado, a express\u00e3o da agricultura como linguagem art\u00edstica&#8221;, conta o professor.<\/p>\n<p>Gallego explica que as informa\u00e7\u00f5es do mapa organizam e ampliam a percep\u00e7\u00e3o acerca dos fen\u00f4menos que comp\u00f5em, ou que podem compor, um organismo agr\u00edcola biodin\u00e2mico. &#8220;O Mapa de Autenticidade Agr\u00edcola se desdobra a partir de tr\u00eas epicentros plasmadores do mundo vis\u00edvel: &#8216;For\u00e7as, Seres e Subst\u00e2ncias&#8217;, sendo esta trimembra\u00e7\u00e3o comum a toda e qualquer atividade agr\u00edcola.&#8221;<\/p>\n<p>O curso tem o apoio da Ch\u00e1cara Sol Nascente (Rio Grande do Sul), da Jornada de Forma\u00e7\u00e3o em Agricultura Biodin\u00e2mica EAD do Brasil e do Espa\u00e7o Agricultural de Conv\u00edvio Biodin\u00e2mico.<\/p>\n<p><em>SOBRE O PROFESSOR E O TUTOR DO CURSO<\/em><\/p>\n<p><strong><img decoding=\"async\" loading=\"lazy\" class=\" wp-image-43004 alignleft\" src=\"http:\/\/portalfloresnoar.com\/floresnoar\/wp-content\/uploads\/2023\/03\/curso-agricultura-biodinamica-1-256x300.jpeg\" alt=\"\" width=\"199\" height=\"233\" srcset=\"https:\/\/portalfloresnoar.com\/floresnoar\/wp-content\/uploads\/2023\/03\/curso-agricultura-biodinamica-1-256x300.jpeg 256w, https:\/\/portalfloresnoar.com\/floresnoar\/wp-content\/uploads\/2023\/03\/curso-agricultura-biodinamica-1-598x700.jpeg 598w, https:\/\/portalfloresnoar.com\/floresnoar\/wp-content\/uploads\/2023\/03\/curso-agricultura-biodinamica-1.jpeg 648w\" sizes=\"(max-width: 199px) 100vw, 199px\" \/><\/strong><\/p>\n<p><strong>LUIZ CARVALHO GALLEGO<\/strong><br \/>\nT\u00e9cnico em agroecologia pelo SERTA. Idealizador do Projeto Jardim Produtivo Biodin\u00e2mico e Tratos Agroecol\u00f3gicos. Coordenador da CSA Biodin\u00e2mica 40 graus nordeste (2021 e 2022), aluno e produtor dos cursos regionais de agricultura biodin\u00e2mica em Pernambuco (2018 e 2019). Idealizador, produtor e coordenador pedag\u00f3gico da I Jornada de Forma\u00e7\u00e3o em Agricultura Biodin\u00e2mica EAD do Brasil (2020). \u00c9 facilitador de viv\u00eancias agr\u00edcolas e idealizador do Espa\u00e7o Agricultural de Conv\u00edvio Biodin\u00e2mico, em Aldeia &#8211; PE (2023). Comp\u00f4s o grupo Brasil no curso de Forma\u00e7\u00e3o de Formadores do Futuro da Am\u00e9rica Latina, em agricultura biodin\u00e2mica.<\/p>\n<p>&nbsp;<\/p>\n<p><strong><img decoding=\"async\" loading=\"lazy\" class=\"wp-image-43006 alignleft\" src=\"http:\/\/portalfloresnoar.com\/floresnoar\/wp-content\/uploads\/2023\/03\/simon-blaser-agricultura-biodinamica-289x300.jpeg\" alt=\"\" width=\"165\" height=\"171\" srcset=\"https:\/\/portalfloresnoar.com\/floresnoar\/wp-content\/uploads\/2023\/03\/simon-blaser-agricultura-biodinamica-289x300.jpeg 289w, https:\/\/portalfloresnoar.com\/floresnoar\/wp-content\/uploads\/2023\/03\/simon-blaser-agricultura-biodinamica-768x798.jpeg 768w, https:\/\/portalfloresnoar.com\/floresnoar\/wp-content\/uploads\/2023\/03\/simon-blaser-agricultura-biodinamica-674x700.jpeg 674w, https:\/\/portalfloresnoar.com\/floresnoar\/wp-content\/uploads\/2023\/03\/simon-blaser-agricultura-biodinamica.jpeg 832w\" sizes=\"(max-width: 165px) 100vw, 165px\" \/><\/strong><\/p>\n<p>&nbsp;<\/p>\n<p><strong>SIMON BLASER<\/strong><br \/>\nPassou inf\u00e2ncia e juventude na ch\u00e1cara escola de agricultura biodin\u00e2mica e na comunidade rural \u201cHofgemeinschaft Niederried\u201d, em Berna, na Su\u00ed\u00e7a. \u00c9 agricultor biodin\u00e2mico, professor e aconselhador biogr\u00e1fico. Facilitador de processos biogr\u00e1ficos vinculados a evolu\u00e7\u00e3o agricultural, pessoal ou de uma comunidade.<\/p>\n<p>&nbsp;<\/p>\n<p><em>CONTE\u00daDO PROGRAM\u00c1TICO DO CURSO<\/em><\/p>\n<p><strong>Mar\u00e7o: 18 e 25 &#8211; <em>O Mapa<\/em><\/strong><br \/>\nAcolhimento e apresenta\u00e7\u00f5es.<br \/>\nConviv\u00eancia on-line e informa\u00e7\u00f5es sobre o curso.<br \/>\nRudolf Steiner e o curso Agr\u00edcola.<br \/>\n\u00c9pocas Culturais: A rela\u00e7\u00e3o da consci\u00eancia humana com a terra.<br \/>\nQuest\u00e3o de nossa \u00e9poca: Como estabelecer uma nova cultura agr\u00edcola?<br \/>\nMedita\u00e7\u00e3o Semente.<\/p>\n<p><strong>Abril: 1, 8, 15, 22 e 29 &#8211; <em>As For\u00e7as<\/em><\/strong><br \/>\nAcolhimento e narrativas de sonhos.<br \/>\nLeitura do dia do Calend\u00e1rio Biodin\u00e2mico.<br \/>\nPr\u00e1tica imag\u00e9tica dos planetas e zod\u00edacos.<br \/>\nCosmog\u00eanese.<br \/>\nOs \u00c9teres e o equil\u00edbrio c\u00f3smico e terrestre.<br \/>\nAgricultura Biodin\u00e2mica e Agrofloresta.<br \/>\nPreparados de composto e o composto biodi\u00e2mico.<br \/>\nPr\u00e1tica de Campo Virtual: Pasta Biodin\u00e2mica (Gravado).<br \/>\nIndica\u00e7\u00e3o dos exerc\u00edcios colaterais.<br \/>\nAtividade com o corpo.<br \/>\nQuest\u00e3o Interna: Como a agricultura pode tornar-se uma ferramenta para o desenvolvimento humano?<\/p>\n<p><strong>Maio: 6, 13, 20 e 27 &#8211; <em>Os Seres<\/em><\/strong><br \/>\nAcolhimento e retrospectiva da semana.<br \/>\nPr\u00e1tica imag\u00e9ticas dos planetas e zod\u00edacos.<br \/>\nLeitura do dia do Calend\u00e1rio Biodin\u00e2mico.<br \/>\nAtividade com o corpo.<br \/>\nSementes.<br \/>\nNo\u00e7\u00f5es B\u00e1sicas em Hortali\u00e7as Biodin\u00e2micas.<br \/>\nPlanejamento com o calend\u00e1rio biodin\u00e2mico.<br \/>\nOrganismo e individualidade Agr\u00edcola.<br \/>\nUma introdu\u00e7\u00e3o a perspectiva nutricional antropos\u00f3fica.<\/p>\n<p><strong>Junho: 3, 10, 17 e 24 &#8211; <em>As Subst\u00e2ncias<\/em><\/strong><br \/>\nAcolhimento e retrospectiva da semana.<br \/>\nPr\u00e1tica imag\u00e9ticas dos planetas e zod\u00edacos.<br \/>\nLeitura do dia do Calend\u00e1rio Biodin\u00e2mico.<br \/>\nPr\u00e1tica de Campo Virtual &#8211; feitio, dinamiza\u00e7\u00e3o e aplica\u00e7\u00e3o do P501 e preparo e aplica\u00e7\u00e3o do 508 (Gravado).<br \/>\nPr\u00e1tica de Campo Virtual: feitio, dinamiza\u00e7\u00e3o e aplica\u00e7\u00e3o do Fladen e do Preparado 500 (Gravado).<br \/>\nQuest\u00e3o de encerramento: De que maneira podemos trazer novas formas de organiza\u00e7\u00e3o social?<br \/>\nCSA&#8217;s: a agricultura como caminho e o alimento como ponte.<br \/>\nEncerramento.<\/p>\n<p>SERVI\u00c7O<br \/>\n<strong>Curso On-line\u00a0&#8216;Mapa de Autenticidade Agr\u00edcola: Uma introdu\u00e7\u00e3o ao conhecimento e \u00e0s pr\u00e1ticas da Agricultura Biodin\u00e2mica&#8217;<\/strong><br \/>\n<strong>In\u00edcio:<\/strong> 18\/03\/2023<br \/>\n<strong>Dura\u00e7\u00e3o:<\/strong> 3 meses (aulas on-line, ao vivo, sempre aos s\u00e1bados)<br \/>\n<strong>Investimento:<\/strong> R$ 350,00 por m\u00eas (ou R$ 900,00 o curso todo \u00e0 vista)<\/p>\n<p><em><strong>Obs.1:\u00a0<\/strong>As inscri\u00e7\u00f5es est\u00e3o abertas at\u00e9 o dia 11 de mar\u00e7o ou at\u00e9 acabarem as vagas. <\/em><br \/>\n<em><strong>Obs.2:<\/strong> Ser\u00e3o reservadas 10 vagas para as inscri\u00e7\u00f5es promocionais (valor a consultar diretamente com o facilitador).<\/em><\/p>\n<p><strong>Formul\u00e1rio de Inscri\u00e7\u00e3o:<\/strong> <a href=\"https:\/\/docs.google.com\/forms\/d\/e\/1FAIpQLSfm3aqrDq491D1VwqDFR9hVziP2kJ97Q6-OOixuFnhLDpVgVQ\/viewform\" target=\"_blank\" rel=\"noopener\">https:\/\/docs.google.com\/forms\/d\/e\/1FAIpQLSfm3aqrDq491D1VwqDFR9hVziP2kJ97Q6-OOixuFnhLDpVgVQ\/viewform<\/a><\/p>\n<p>MAIS INFORMA\u00c7\u00d5ES<br \/>\n<strong>WhatsApp:<\/strong> (81) 9 99279598<br \/>\n<strong>Instagram:<\/strong><a href=\"https:\/\/www.instagram.com\/jornadabiodinamicabrasil\/\" target=\"_blank\" rel=\"noopener\"> @jornadabiodinamicabrasil<\/a> e <a href=\"https:\/\/www.instagram.com\/csa_biodinamica\/\" target=\"_blank\" rel=\"noopener\">@csa_biodinamica<\/a><\/p>\n","protected":false},"excerpt":{"rendered":"<p>Tem in\u00edcio no dia 18 de mar\u00e7o de 2023 o curso on-line\u00a0&#8216;Mapa de Autenticidade Agr\u00edcola: Uma introdu\u00e7\u00e3o ao conhecimento e \u00e0s pr\u00e1ticas da Agricultura Biodin\u00e2mica&#8217;, facilitado por Luiz Carvalho Gallego, com tutoria de Simon Blaser. O curso tem dura\u00e7\u00e3o de tr\u00eas meses, com aulas ao vivo,\u00a0sempre aos s\u00e1bados. De acordo com Gallego, o curso tem [&hellip;]<\/p>\n","protected":false},"author":1,"featured_media":42989,"comment_status":"open","ping_status":"open","sticky":false,"template":"","format":"standard","meta":{"om_disable_all_campaigns":false,"_monsterinsights_skip_tracking":false,"_monsterinsights_sitenote_active":false,"_monsterinsights_sitenote_note":"","_monsterinsights_sitenote_category":0,"footnotes":""},"categories":[8,214],"tags":[947,948,23,167,1054],"acf":[],"publishpress_future_action":{"enabled":false,"date":"1969-12-31 21:00:00","action":"","terms":[],"taxonomy":"","browser_timezone_offset":0},"_links":{"self":[{"href":"https:\/\/portalfloresnoar.com\/floresnoar\/wp-json\/wp\/v2\/posts\/42985"}],"collection":[{"href":"https:\/\/portalfloresnoar.com\/floresnoar\/wp-json\/wp\/v2\/posts"}],"about":[{"href":"https:\/\/portalfloresnoar.com\/floresnoar\/wp-json\/wp\/v2\/types\/post"}],"author":[{"embeddable":true,"href":"https:\/\/portalfloresnoar.com\/floresnoar\/wp-json\/wp\/v2\/users\/1"}],"replies":[{"embeddable":true,"href":"https:\/\/portalfloresnoar.com\/floresnoar\/wp-json\/wp\/v2\/comments?post=42985"}],"version-history":[{"count":0,"href":"https:\/\/portalfloresnoar.com\/floresnoar\/wp-json\/wp\/v2\/posts\/42985\/revisions"}],"wp:featuredmedia":[{"embeddable":true,"href":"https:\/\/portalfloresnoar.com\/floresnoar\/wp-json\/wp\/v2\/media\/42989"}],"wp:attachment":[{"href":"https:\/\/portalfloresnoar.com\/floresnoar\/wp-json\/wp\/v2\/media?parent=42985"}],"wp:term":[{"taxonomy":"category","embeddable":true,"href":"https:\/\/portalfloresnoar.com\/floresnoar\/wp-json\/wp\/v2\/categories?post=42985"},{"taxonomy":"post_tag","embeddable":true,"href":"https:\/\/portalfloresnoar.com\/floresnoar\/wp-json\/wp\/v2\/tags?post=42985"}],"curies":[{"name":"wp","href":"https:\/\/api.w.org\/{rel}","templated":true}]}}