

{"id":42943,"date":"2023-02-28T11:01:05","date_gmt":"2023-02-28T14:01:05","guid":{"rendered":"http:\/\/portalfloresnoar.com\/floresnoar\/?p=42943"},"modified":"2023-04-06T18:24:18","modified_gmt":"2023-04-06T21:24:18","slug":"agenda-pe-sessoes-de-barras-de-access-com-valor-social-toda-terca-feira-no-espaco-gerar-no-recife","status":"publish","type":"post","link":"https:\/\/portalfloresnoar.com\/floresnoar\/agenda-pe-sessoes-de-barras-de-access-com-valor-social-toda-terca-feira-no-espaco-gerar-no-recife\/","title":{"rendered":"[AGENDA PE] Sess\u00f5es de Barras de Access\u00ae com valor social toda ter\u00e7a-feira no Espa\u00e7o Gerar, no Recife"},"content":{"rendered":"<p><img decoding=\"async\" loading=\"lazy\" class=\"aligncenter wp-image-42944 \" src=\"http:\/\/portalfloresnoar.com\/floresnoar\/wp-content\/uploads\/2023\/02\/atendimento-barras-de-access-no-recife-700x700.jpeg\" alt=\"\" width=\"601\" height=\"601\" srcset=\"https:\/\/portalfloresnoar.com\/floresnoar\/wp-content\/uploads\/2023\/02\/atendimento-barras-de-access-no-recife-700x700.jpeg 700w, https:\/\/portalfloresnoar.com\/floresnoar\/wp-content\/uploads\/2023\/02\/atendimento-barras-de-access-no-recife-150x150.jpeg 150w, https:\/\/portalfloresnoar.com\/floresnoar\/wp-content\/uploads\/2023\/02\/atendimento-barras-de-access-no-recife-300x300.jpeg 300w, https:\/\/portalfloresnoar.com\/floresnoar\/wp-content\/uploads\/2023\/02\/atendimento-barras-de-access-no-recife-768x768.jpeg 768w, https:\/\/portalfloresnoar.com\/floresnoar\/wp-content\/uploads\/2023\/02\/atendimento-barras-de-access-no-recife-100x100.jpeg 100w, https:\/\/portalfloresnoar.com\/floresnoar\/wp-content\/uploads\/2023\/02\/atendimento-barras-de-access-no-recife.jpeg 1024w\" sizes=\"(max-width: 601px) 100vw, 601px\" \/><\/p>\n<p>A terapeuta <a href=\"https:\/\/www.instagram.com\/marcelinha__abreu\/\" target=\"_blank\" rel=\"noopener\">Marcela Abreu<\/a> est\u00e1 oferecendo atendimentos com valor social, utilizando a t\u00e9cnica terap\u00eautica de &#8216;Barras de Access\u00ae&#8217;. As sess\u00f5es s\u00e3o realizadas todas as ter\u00e7as-feiras, no turno da tarde, no Espa\u00e7o Gerar, localizado no bairro do Po\u00e7o da Panela, no Recife. O atendimento est\u00e1 pelo valor de R$ 30,00 + 1kg alimento n\u00e3o perec\u00edvel.<\/p>\n<p>De acordo com a terapeuta, Barras de Access\u00ae \u00e9 um tratamento suave que \u00e9 ativado atrav\u00e9s de leves toques em pontos na cabe\u00e7a que, quando ativados, liberam cargas eletromagn\u00e9ticas de situa\u00e7\u00f5es, decis\u00f5es, atitudes, cren\u00e7as, ideias, bloqueios, pontos de vista e comportamentos limitantes.<\/p>\n<p>&#8220;Na sess\u00e3o uma grande limpeza acontece, \u00e9 como se fosse feito um&#8221;delete\u201d de tudo o que guardamos em nossa mente consciente e inconsciente, destravando estruturas, condicionamentos e toda programa\u00e7\u00e3o que causa bloqueio, limita\u00e7\u00f5es e sofrimento&#8221;, explica.<\/p>\n<p>BENEF\u00cdCIOS:<br \/>\n&#8211; Auxilia nos tratamentos de ansiedade, depress\u00e3o, transtornos mentais, hiperatividade, d\u00e9ficit de aten\u00e7\u00e3o;<br \/>\n&#8211; Melhora a qualidade do sono, cansa\u00e7o mental, fadiga, ins\u00f4nia;<br \/>\n&#8211; Elimina pensamentos e cren\u00e7as imitantes;<br \/>\n&#8211; Promove relaxamento, expans\u00e3o de consci\u00eancia;<br \/>\n&#8211; Melhora o relacionamento consigo e com as outras pessoas;<br \/>\n&#8211; Auxilia na capacidade de fluir nos estudos.<\/p>\n<p><strong>O agendamento deve ser feito atrav\u00e9s do WhatsApp do Espa\u00e7o Gerar:<\/strong> (81) 99760.6383<\/p>\n<p><strong>Local do atendimento:<\/strong> <a href=\"https:\/\/www.instagram.com\/gerararteterapia\/\" target=\"_blank\" rel=\"noopener\">GERAR &#8211; Psicologia, Arteterapia e Bem-Estar<\/a> Rua Luiz Guimar\u00e3es, 253, Po\u00e7o da Panela, Recife\/PE<\/p>\n<p><strong>Mais informa\u00e7\u00f5es:<\/strong>\u00a0(81) 99760.6383<\/p>\n","protected":false},"excerpt":{"rendered":"<p>A terapeuta Marcela Abreu est\u00e1 oferecendo atendimentos com valor social, utilizando a t\u00e9cnica terap\u00eautica de &#8216;Barras de Access\u00ae&#8217;. As sess\u00f5es s\u00e3o realizadas todas as ter\u00e7as-feiras, no turno da tarde, no Espa\u00e7o Gerar, localizado no bairro do Po\u00e7o da Panela, no Recife. O atendimento est\u00e1 pelo valor de R$ 30,00 + 1kg alimento n\u00e3o perec\u00edvel. De [&hellip;]<\/p>\n","protected":false},"author":1,"featured_media":42945,"comment_status":"open","ping_status":"open","sticky":false,"template":"","format":"standard","meta":{"om_disable_all_campaigns":false,"_monsterinsights_skip_tracking":false,"_monsterinsights_sitenote_active":false,"_monsterinsights_sitenote_note":"","_monsterinsights_sitenote_category":0,"footnotes":""},"categories":[8,214],"tags":[],"acf":[],"publishpress_future_action":{"enabled":false,"date":"1969-12-31 21:00:00","action":"","terms":[],"taxonomy":"","browser_timezone_offset":0},"_links":{"self":[{"href":"https:\/\/portalfloresnoar.com\/floresnoar\/wp-json\/wp\/v2\/posts\/42943"}],"collection":[{"href":"https:\/\/portalfloresnoar.com\/floresnoar\/wp-json\/wp\/v2\/posts"}],"about":[{"href":"https:\/\/portalfloresnoar.com\/floresnoar\/wp-json\/wp\/v2\/types\/post"}],"author":[{"embeddable":true,"href":"https:\/\/portalfloresnoar.com\/floresnoar\/wp-json\/wp\/v2\/users\/1"}],"replies":[{"embeddable":true,"href":"https:\/\/portalfloresnoar.com\/floresnoar\/wp-json\/wp\/v2\/comments?post=42943"}],"version-history":[{"count":0,"href":"https:\/\/portalfloresnoar.com\/floresnoar\/wp-json\/wp\/v2\/posts\/42943\/revisions"}],"wp:featuredmedia":[{"embeddable":true,"href":"https:\/\/portalfloresnoar.com\/floresnoar\/wp-json\/wp\/v2\/media\/42945"}],"wp:attachment":[{"href":"https:\/\/portalfloresnoar.com\/floresnoar\/wp-json\/wp\/v2\/media?parent=42943"}],"wp:term":[{"taxonomy":"category","embeddable":true,"href":"https:\/\/portalfloresnoar.com\/floresnoar\/wp-json\/wp\/v2\/categories?post=42943"},{"taxonomy":"post_tag","embeddable":true,"href":"https:\/\/portalfloresnoar.com\/floresnoar\/wp-json\/wp\/v2\/tags?post=42943"}],"curies":[{"name":"wp","href":"https:\/\/api.w.org\/{rel}","templated":true}]}}