

{"id":42872,"date":"2023-02-01T16:40:31","date_gmt":"2023-02-01T19:40:31","guid":{"rendered":"http:\/\/portalfloresnoar.com\/floresnoar\/?p=42872"},"modified":"2023-02-01T16:40:31","modified_gmt":"2023-02-01T19:40:31","slug":"pesquisadores-lancam-atlas-do-pernambuco-indigena","status":"publish","type":"post","link":"https:\/\/portalfloresnoar.com\/floresnoar\/pesquisadores-lancam-atlas-do-pernambuco-indigena\/","title":{"rendered":"Pesquisadores lan\u00e7am &#8216;Atlas do Pernambuco Ind\u00edgena&#8217;"},"content":{"rendered":"<p><img decoding=\"async\" loading=\"lazy\" class=\"aligncenter wp-image-42873 \" src=\"http:\/\/portalfloresnoar.com\/floresnoar\/wp-content\/uploads\/2023\/02\/atlas-do-pernambuco-indigena-700x385.jpg\" alt=\"\" width=\"641\" height=\"352\" srcset=\"https:\/\/portalfloresnoar.com\/floresnoar\/wp-content\/uploads\/2023\/02\/atlas-do-pernambuco-indigena-700x385.jpg 700w, https:\/\/portalfloresnoar.com\/floresnoar\/wp-content\/uploads\/2023\/02\/atlas-do-pernambuco-indigena-300x165.jpg 300w, https:\/\/portalfloresnoar.com\/floresnoar\/wp-content\/uploads\/2023\/02\/atlas-do-pernambuco-indigena-768x422.jpg 768w, https:\/\/portalfloresnoar.com\/floresnoar\/wp-content\/uploads\/2023\/02\/atlas-do-pernambuco-indigena.jpg 1048w\" sizes=\"(max-width: 641px) 100vw, 641px\" \/><\/p>\n<p>Est\u00e1 dispon\u00edvel na Internet o &#8216;<a href=\"https:\/\/www.atlasindigena.org\/\" target=\"_blank\" rel=\"noopener\"><strong>Atlas do Pernambuco Ind\u00edgena<\/strong><\/a>&#8216;, pesquisa realizada pela doutora em Antropologia Lara Erendira Andrade, pelo doutorando em Antropologia Jamerson Lucena, pela historiadora e mestra em Direitos Humanos Polyana Medeiros e pela designer e doutoranda em Antropologia Juliana Ferreira Lima, sob a coordena\u00e7\u00e3o do professor Est\u00eav\u00e3o Palitot (Lapa\/UFPB).<\/p>\n<p>De acordo com os pesquisadores, o projeto tem entre seus objetivos contribuir com os esfor\u00e7os de visibiliza\u00e7\u00e3o dos povos ind\u00edgenas, de seus territ\u00f3rios e culturas, de suas demandas por justi\u00e7a e repara\u00e7\u00e3o hist\u00f3rica. &#8220;Reunimos e divulgamos no projeto &#8211; para um p\u00fablico amplo e n\u00e3o especializado &#8211; as informa\u00e7\u00f5es dispon\u00edveis sobre os povos ind\u00edgenas em Pernambuco em um conjunto de mapas, que busca suprir essa lacuna.&#8221; Pernambuco conta com a quarta maior popula\u00e7\u00e3o ind\u00edgena do Pa\u00eds (IBGE, 2010). S\u00e3o mais de uma dezena de povos ind\u00edgenas no Estado.<\/p>\n<p>O Atlas est\u00e1 organizado em postagens compostas de textos, imagens e mapas georeferenciados, divididas em duas se\u00e7\u00f5es. Na se\u00e7\u00e3o &#8216;Cartografias&#8217; est\u00e3o textos mais curtos que acompanham a leitura dos mapas, s\u00e3o reflex\u00f5es panor\u00e2micas e com refer\u00eancias a outros trabalhos para aprofundar os conhecimentos. J\u00e1 a se\u00e7\u00e3o &#8216;Artigos&#8217; conta com publica\u00e7\u00f5es que s\u00e3o frutos de pesquisas mais elaboradas, realizadas pela equipe do projeto e por pesquisadores\/as convidados\/as.<\/p>\n<p>\u201cOs mapas sempre foram instrumentos de conhecimento e de poder. Aquilo que neles aparece tem exist\u00eancia reconhecida. Quando se trata de povos ind\u00edgenas a cartografia convencional est\u00e1 cheia de espa\u00e7os vazios. H\u00e1 um silenciamento enorme sobre a presen\u00e7a e as vidas ind\u00edgenas. Pretendemos contribuir com a luta hist\u00f3rica dos povos ind\u00edgenas pelo seu reconhecimento atrav\u00e9s dessa potente ferramenta que s\u00e3o as cartografias digitais\u201d, conta o antrop\u00f3logo Est\u00eav\u00e3o Palitot.<\/p>\n<p>\u201cEntendemos que pesquisa e a\u00e7\u00e3o caminham juntas, e, para n\u00f3s, h\u00e1 uma simbologia muito grande em lan\u00e7ar o projeto neste m\u00eas, em pleno processo de retomada da normalidade democr\u00e1tica no Pa\u00eds\u201d, destaca a antrop\u00f3loga Lara Erendira.<\/p>\n<p><strong>O &#8216;Atlas do Pernambuco Ind\u00edgena&#8217; pode ser acessado atrav\u00e9s do endere\u00e7o:<\/strong> <a href=\"https:\/\/www.atlasindigena.org\/\" target=\"_blank\" rel=\"noopener\">www.atlasindigena.org<\/a><\/p>\n","protected":false},"excerpt":{"rendered":"<p>Est\u00e1 dispon\u00edvel na Internet o &#8216;Atlas do Pernambuco Ind\u00edgena&#8216;, pesquisa realizada pela doutora em Antropologia Lara Erendira Andrade, pelo doutorando em Antropologia Jamerson Lucena, pela historiadora e mestra em Direitos Humanos Polyana Medeiros e pela designer e doutoranda em Antropologia Juliana Ferreira Lima, sob a coordena\u00e7\u00e3o do professor Est\u00eav\u00e3o Palitot (Lapa\/UFPB). De acordo com os [&hellip;]<\/p>\n","protected":false},"author":1,"featured_media":42873,"comment_status":"open","ping_status":"open","sticky":false,"template":"","format":"standard","meta":{"om_disable_all_campaigns":false,"_monsterinsights_skip_tracking":false,"_monsterinsights_sitenote_active":false,"_monsterinsights_sitenote_note":"","_monsterinsights_sitenote_category":0,"footnotes":""},"categories":[9],"tags":[1194,1287,552],"acf":[],"publishpress_future_action":{"enabled":false,"date":"1969-12-31 21:00:00","action":"","terms":[],"taxonomy":"","browser_timezone_offset":0},"_links":{"self":[{"href":"https:\/\/portalfloresnoar.com\/floresnoar\/wp-json\/wp\/v2\/posts\/42872"}],"collection":[{"href":"https:\/\/portalfloresnoar.com\/floresnoar\/wp-json\/wp\/v2\/posts"}],"about":[{"href":"https:\/\/portalfloresnoar.com\/floresnoar\/wp-json\/wp\/v2\/types\/post"}],"author":[{"embeddable":true,"href":"https:\/\/portalfloresnoar.com\/floresnoar\/wp-json\/wp\/v2\/users\/1"}],"replies":[{"embeddable":true,"href":"https:\/\/portalfloresnoar.com\/floresnoar\/wp-json\/wp\/v2\/comments?post=42872"}],"version-history":[{"count":0,"href":"https:\/\/portalfloresnoar.com\/floresnoar\/wp-json\/wp\/v2\/posts\/42872\/revisions"}],"wp:featuredmedia":[{"embeddable":true,"href":"https:\/\/portalfloresnoar.com\/floresnoar\/wp-json\/wp\/v2\/media\/42873"}],"wp:attachment":[{"href":"https:\/\/portalfloresnoar.com\/floresnoar\/wp-json\/wp\/v2\/media?parent=42872"}],"wp:term":[{"taxonomy":"category","embeddable":true,"href":"https:\/\/portalfloresnoar.com\/floresnoar\/wp-json\/wp\/v2\/categories?post=42872"},{"taxonomy":"post_tag","embeddable":true,"href":"https:\/\/portalfloresnoar.com\/floresnoar\/wp-json\/wp\/v2\/tags?post=42872"}],"curies":[{"name":"wp","href":"https:\/\/api.w.org\/{rel}","templated":true}]}}