

{"id":42824,"date":"2023-01-21T18:47:13","date_gmt":"2023-01-21T21:47:13","guid":{"rendered":"http:\/\/portalfloresnoar.com\/floresnoar\/?p=42824"},"modified":"2023-01-21T18:47:13","modified_gmt":"2023-01-21T21:47:13","slug":"lu-rabelo-lanca-o-ep-ebulicao","status":"publish","type":"post","link":"https:\/\/portalfloresnoar.com\/floresnoar\/lu-rabelo-lanca-o-ep-ebulicao\/","title":{"rendered":"Lu Rabelo lan\u00e7a o EP &#8216;Ebuli\u00e7\u00e3o&#8217;"},"content":{"rendered":"<p><img decoding=\"async\" loading=\"lazy\" class=\"aligncenter  wp-image-42827\" src=\"http:\/\/portalfloresnoar.com\/floresnoar\/wp-content\/uploads\/2023\/01\/EP-Ebuli\u00e7\u00e3o-Lu-Rabelo-700x700.jpg\" alt=\"\" width=\"601\" height=\"601\" srcset=\"https:\/\/portalfloresnoar.com\/floresnoar\/wp-content\/uploads\/2023\/01\/EP-Ebuli\u00e7\u00e3o-Lu-Rabelo-700x700.jpg 700w, https:\/\/portalfloresnoar.com\/floresnoar\/wp-content\/uploads\/2023\/01\/EP-Ebuli\u00e7\u00e3o-Lu-Rabelo-150x150.jpg 150w, https:\/\/portalfloresnoar.com\/floresnoar\/wp-content\/uploads\/2023\/01\/EP-Ebuli\u00e7\u00e3o-Lu-Rabelo-300x300.jpg 300w, https:\/\/portalfloresnoar.com\/floresnoar\/wp-content\/uploads\/2023\/01\/EP-Ebuli\u00e7\u00e3o-Lu-Rabelo-768x768.jpg 768w, https:\/\/portalfloresnoar.com\/floresnoar\/wp-content\/uploads\/2023\/01\/EP-Ebuli\u00e7\u00e3o-Lu-Rabelo-100x100.jpg 100w, https:\/\/portalfloresnoar.com\/floresnoar\/wp-content\/uploads\/2023\/01\/EP-Ebuli\u00e7\u00e3o-Lu-Rabelo.jpg 1200w\" sizes=\"(max-width: 601px) 100vw, 601px\" \/><\/p>\n<p>Est\u00e1 no ar \u2018Ebuli\u00e7\u00e3o\u2019, o primeiro EP da cantadeira Lu Rabelo. Nele est\u00e3o tr\u00eas can\u00e7\u00f5es que Lu gravou h\u00e1 7 anos, junto com os m\u00fasicos Ant\u00f4nio de Hollanda (cordas), Cleto Campos (percuss\u00e3o) e Rog\u00ea Victor (cordas).<\/p>\n<p>&#8220;O EP \u00e9 uma pequena mostra da \u2018Ebuli\u00e7\u00e3o\u2019 que me moveu entre os anos de 2014 e 2016. As grava\u00e7\u00f5es inicialmente tinham sido feitas para que eu tivesse algum material para enviar a editais e tals. A ideia de lan\u00e7ar o EP veio de uma conversa recente com minha amiga K\u00e9lita Myra, do Fogo no Paiol , selo respons\u00e1vel pelo lan\u00e7amento, com distribui\u00e7\u00e3o da Nikita Music Digital&#8221;, conta a cantadeira.<\/p>\n<p>Lu conta sobre as tr\u00eas can\u00e7\u00f5es:<\/p>\n<p>A primeira faixa &#8211; \u2018Tubale\u00e3o\u2019 &#8211; \u00e9 inspirada em dois sonhos (um com um le\u00e3o, e outro com um tubar\u00e3o) que tive na semana em que estava lendo o conto La Loba. Escrevi o poema e senti que era tamb\u00e9m uma can\u00e7\u00e3o. Quando tava pegando no sono, ouvi uma voz dizendo: \u201c\u00c9 um reggae!\u201d. E a\u00ed chegou a parte da melodia que toco no kazoo.<\/p>\n<p>\u2018Congo\u2019, tamb\u00e9m vem da dimens\u00e3o on\u00edrica. No sonho, eu tava pras bandas orientais do planeta. Tempos de luta. Ap\u00f3s morrer asfixiada, me vejo dan\u00e7ando, mascando algo, que algu\u00e9m chega e me diz que vem do Congo. Dan\u00e7o. Pego meu filho, me viro, mato algu\u00e9m. Ao chegar em casa, escuto um som de viola.<\/p>\n<p>\u2018Frutos\u2019 veio como resposta a uma pergunta que meu filho Ravi, ainda crian\u00e7a, me fez: \u201cM\u00e3e, como nasceu o primeiro p\u00e9 de bananeira?\u201d.<\/p>\n<p>A ilustra\u00e7\u00e3o do \u2018EP Ebuli\u00e7\u00e3o\u2019 \u00e9 da artista Lua, filha de Lu, que se inspirou nas ebuli\u00e7\u00f5es da vida e numa fotografia de Lu Ourique.<\/p>\n<p>&#8220;Agrade\u00e7o a Rog\u00ea Victor, que foi quem primeiro me instigou e arranjou toda a primeira leva de can\u00e7\u00f5es que compus. Agrade\u00e7o a meu cumpadi Cleto Campos , que sempre est\u00e1 comigo. E agrade\u00e7o a minha par\u00eaia Ant\u00f4nio de Hollanda pela ciganagem e companheirismo. Feliz, de, ap\u00f3s um per\u00edodo de \u2018decanta\u00e7\u00e3o\u2019, lan\u00e7ar este EP neste janeiro de 2023, j\u00e1 com Lula na Presid\u00eancia do Brasil. Tempo de retomada!&#8221;<\/p>\n<p><strong>O EP poder ser ouvido em diversas plataformas, atrav\u00e9s deste link:<\/strong>\u00a0<a href=\"https:\/\/found.ee\/Ebulicao__Lu_Rabelo\" target=\"_blank\" rel=\"noopener\">https:\/\/found.ee\/Ebulicao__Lu_Rabelo<\/a><\/p>\n<p>SOBRE A ARTISTA<br \/>\n<img decoding=\"async\" loading=\"lazy\" class=\" wp-image-42826 alignleft\" src=\"http:\/\/portalfloresnoar.com\/floresnoar\/wp-content\/uploads\/2023\/01\/Luciana-Carmen_-foto-Nina-Fran\u00e7a-2-467x700.jpg\" alt=\"\" width=\"311\" height=\"466\" srcset=\"https:\/\/portalfloresnoar.com\/floresnoar\/wp-content\/uploads\/2023\/01\/Luciana-Carmen_-foto-Nina-Fran\u00e7a-2-467x700.jpg 467w, https:\/\/portalfloresnoar.com\/floresnoar\/wp-content\/uploads\/2023\/01\/Luciana-Carmen_-foto-Nina-Fran\u00e7a-2-200x300.jpg 200w, https:\/\/portalfloresnoar.com\/floresnoar\/wp-content\/uploads\/2023\/01\/Luciana-Carmen_-foto-Nina-Fran\u00e7a-2-768x1152.jpg 768w, https:\/\/portalfloresnoar.com\/floresnoar\/wp-content\/uploads\/2023\/01\/Luciana-Carmen_-foto-Nina-Fran\u00e7a-2.jpg 1200w\" sizes=\"(max-width: 311px) 100vw, 311px\" \/>A cantadeira Lu Rabelo \u00e9 poeta, cordelista, cantora, compositora, arteterapeuta e jornalista. Nascida em Bras\u00edlia, em 1973, \u00e9 radicada h\u00e1 muitos anos no Recife, sendo filha de pais sertanejos do Paje\u00fa pernambucano.<\/p>\n<p>J\u00e1 conhecida como poeta cordelista, desde o in\u00edcio dos anos 2000, Lu, a partir de 2014, iniciou sua carreira como cantora e compositora, apresentando o show autoral \u2018Ebuli\u00e7\u00e3o\u2019 em diversos espa\u00e7os culturais de Pernambuco, e tamb\u00e9m em Salvador\/BA. Seu repert\u00f3rio \u00e9 composto de ritmos variados, incluindo blues, reggaes, xotes, sambas, baladas, ciranda, coco, maracatu e ijex\u00e1.<\/p>\n<p>Guiadas pela intui\u00e7\u00e3o, emo\u00e7\u00e3o, espontaneidade e experimentalismo, suas poesias e can\u00e7\u00f5es t\u00eam como motes a Natureza, as Paix\u00f5es, a Poesia, o Tempo, o Ser&#8230; \u201cEscrever, compor, declamar, cantar me tornam inteira e nua. Acesso minha alma e expresso minha ess\u00eancia\u201d, declara a cantadeira.<\/p>\n<p>Desde 2000 a poesia \u00e9 uma das principais formas de express\u00e3o de Lu, que tem v\u00e1rios cord\u00e9is lan\u00e7ados. Seu primeiro cordel, escrito em 2006 e intitulado \u2018O Cordel da TV Digital\u2019, tornou-se nacionalmente conhecido por ter sido lido publicamente pelo ent\u00e3o ministro da Cultura Gilberto Gil.<\/p>\n<p>\u201cA rima e a m\u00e9trica me surpreendem com as possibilidades de dizer o que sinto de um jeito diferente do que diria sem \u2018a forma\u2019. E a poesia livre me faz expressar sentimentos e pensamentos num outro ritmo, de mesma intensidade\u201d. Lu integra, junto \u00e0 artista Ana\u00edra Mahin, a premiada dupla po\u00e9tica &#8216;As Cumade&#8217;.<\/p>\n<p>Neste Janeiro de 2023, Lu Rabelo lan\u00e7ou o seu primeiro EP \u2013 \u2018Ebuli\u00e7\u00e3o\u2019 \u2013 composto por tr\u00eas can\u00e7\u00f5es autorais. O EP encontra-se dispon\u00edvel neste link: <a href=\"https:\/\/found.ee\/Ebulicao__Lu_Rabelo\" target=\"_blank\" rel=\"noopener\">https:\/\/found.ee\/Ebulicao__Lu_Rabelo<\/a><\/p>\n<p><iframe loading=\"lazy\" title=\"YouTube video player\" src=\"https:\/\/www.youtube.com\/embed\/videoseries?list=OLAK5uy_mIWKBCwJdjckQKzlqHwJMiClRFF5HlrQA\" width=\"560\" height=\"315\" frameborder=\"0\" allowfullscreen=\"allowfullscreen\"><\/iframe><\/p>\n","protected":false},"excerpt":{"rendered":"<p>Est\u00e1 no ar \u2018Ebuli\u00e7\u00e3o\u2019, o primeiro EP da cantadeira Lu Rabelo. Nele est\u00e3o tr\u00eas can\u00e7\u00f5es que Lu gravou h\u00e1 7 anos, junto com os m\u00fasicos Ant\u00f4nio de Hollanda (cordas), Cleto Campos (percuss\u00e3o) e Rog\u00ea Victor (cordas). &#8220;O EP \u00e9 uma pequena mostra da \u2018Ebuli\u00e7\u00e3o\u2019 que me moveu entre os anos de 2014 e 2016. As [&hellip;]<\/p>\n","protected":false},"author":1,"featured_media":42825,"comment_status":"open","ping_status":"open","sticky":false,"template":"","format":"standard","meta":{"om_disable_all_campaigns":false,"_monsterinsights_skip_tracking":false,"_monsterinsights_sitenote_active":false,"_monsterinsights_sitenote_note":"","_monsterinsights_sitenote_category":0,"footnotes":""},"categories":[9],"tags":[654,591,31,1284],"acf":[],"publishpress_future_action":{"enabled":false,"date":"1969-12-31 21:00:00","action":"","terms":[],"taxonomy":"","browser_timezone_offset":0},"_links":{"self":[{"href":"https:\/\/portalfloresnoar.com\/floresnoar\/wp-json\/wp\/v2\/posts\/42824"}],"collection":[{"href":"https:\/\/portalfloresnoar.com\/floresnoar\/wp-json\/wp\/v2\/posts"}],"about":[{"href":"https:\/\/portalfloresnoar.com\/floresnoar\/wp-json\/wp\/v2\/types\/post"}],"author":[{"embeddable":true,"href":"https:\/\/portalfloresnoar.com\/floresnoar\/wp-json\/wp\/v2\/users\/1"}],"replies":[{"embeddable":true,"href":"https:\/\/portalfloresnoar.com\/floresnoar\/wp-json\/wp\/v2\/comments?post=42824"}],"version-history":[{"count":0,"href":"https:\/\/portalfloresnoar.com\/floresnoar\/wp-json\/wp\/v2\/posts\/42824\/revisions"}],"wp:featuredmedia":[{"embeddable":true,"href":"https:\/\/portalfloresnoar.com\/floresnoar\/wp-json\/wp\/v2\/media\/42825"}],"wp:attachment":[{"href":"https:\/\/portalfloresnoar.com\/floresnoar\/wp-json\/wp\/v2\/media?parent=42824"}],"wp:term":[{"taxonomy":"category","embeddable":true,"href":"https:\/\/portalfloresnoar.com\/floresnoar\/wp-json\/wp\/v2\/categories?post=42824"},{"taxonomy":"post_tag","embeddable":true,"href":"https:\/\/portalfloresnoar.com\/floresnoar\/wp-json\/wp\/v2\/tags?post=42824"}],"curies":[{"name":"wp","href":"https:\/\/api.w.org\/{rel}","templated":true}]}}