

{"id":42816,"date":"2022-01-20T18:15:57","date_gmt":"2022-01-20T21:15:57","guid":{"rendered":"http:\/\/portalfloresnoar.com\/floresnoar\/?p=42816"},"modified":"2023-02-20T09:34:00","modified_gmt":"2023-02-20T12:34:00","slug":"agenda-pe-retiro-de-carnaval-no-espaco-beija-flor-em-cha-grandepe","status":"publish","type":"post","link":"https:\/\/portalfloresnoar.com\/floresnoar\/agenda-pe-retiro-de-carnaval-no-espaco-beija-flor-em-cha-grandepe\/","title":{"rendered":"[AGENDA PE] Retiro de Carnaval no Espa\u00e7o Beija-Flor, em Ch\u00e3 Grande\/PE"},"content":{"rendered":"<p><img decoding=\"async\" loading=\"lazy\" class=\"wp-image-42818 alignleft\" src=\"http:\/\/portalfloresnoar.com\/floresnoar\/wp-content\/uploads\/2023\/01\/espaco-beija-flor-cha-grande-700x700.jpeg\" alt=\"\" width=\"330\" height=\"330\" srcset=\"https:\/\/portalfloresnoar.com\/floresnoar\/wp-content\/uploads\/2023\/01\/espaco-beija-flor-cha-grande-700x700.jpeg 700w, https:\/\/portalfloresnoar.com\/floresnoar\/wp-content\/uploads\/2023\/01\/espaco-beija-flor-cha-grande-150x150.jpeg 150w, https:\/\/portalfloresnoar.com\/floresnoar\/wp-content\/uploads\/2023\/01\/espaco-beija-flor-cha-grande-300x300.jpeg 300w, https:\/\/portalfloresnoar.com\/floresnoar\/wp-content\/uploads\/2023\/01\/espaco-beija-flor-cha-grande-768x768.jpeg 768w, https:\/\/portalfloresnoar.com\/floresnoar\/wp-content\/uploads\/2023\/01\/espaco-beija-flor-cha-grande-100x100.jpeg 100w, https:\/\/portalfloresnoar.com\/floresnoar\/wp-content\/uploads\/2023\/01\/espaco-beija-flor-cha-grande.jpeg 1530w\" sizes=\"(max-width: 330px) 100vw, 330px\" \/><\/p>\n<p>Para quem quer aproveitar o feriado de Carnaval para descansar e se conectar com a Natureza, o Espa\u00e7o Beija-Flor, em Ch\u00e3 Grande\/PE, realiza de 18 a 22 de fevereiro o Retiro de Carnaval.<\/p>\n<p>&#8220;O barulho da cidade, o excesso de pensamentos, o distanciamento da natureza nos adoece. A ideia \u00e9 darmos um mergulho na nossa natureza interna e externa, silenciar a barulhenta mente e\u00a0aproveitar a harmonia proporcionada pelo canto dos p\u00e1ssaros, da brisa nas \u00e1rvores e da beleza do lugar para nos conectarmos com n\u00f3s mesmos&#8221;, conta Goretti S\u00e1, guardi\u00e3 do\u00a0Espa\u00e7o Beija-Flor.<\/p>\n<p>&nbsp;<\/p>\n<p><strong>PROGRAMA\u00c7\u00c3O DAS VIV\u00caNCIAS<img decoding=\"async\" loading=\"lazy\" class=\"wp-image-42819 alignright\" src=\"http:\/\/portalfloresnoar.com\/floresnoar\/wp-content\/uploads\/2023\/01\/retiro-carnaval-em-cha-grande-700x525.jpeg\" alt=\"\" width=\"319\" height=\"239\" srcset=\"https:\/\/portalfloresnoar.com\/floresnoar\/wp-content\/uploads\/2023\/01\/retiro-carnaval-em-cha-grande-700x525.jpeg 700w, https:\/\/portalfloresnoar.com\/floresnoar\/wp-content\/uploads\/2023\/01\/retiro-carnaval-em-cha-grande-300x225.jpeg 300w, https:\/\/portalfloresnoar.com\/floresnoar\/wp-content\/uploads\/2023\/01\/retiro-carnaval-em-cha-grande-768x576.jpeg 768w, https:\/\/portalfloresnoar.com\/floresnoar\/wp-content\/uploads\/2023\/01\/retiro-carnaval-em-cha-grande-160x120.jpeg 160w, https:\/\/portalfloresnoar.com\/floresnoar\/wp-content\/uploads\/2023\/01\/retiro-carnaval-em-cha-grande.jpeg 1600w\" sizes=\"(max-width: 319px) 100vw, 319px\" \/><\/strong><br \/>\n&#8211; Medita\u00e7\u00e3o individual e coletiva (passiva e ativa)<br \/>\n&#8211; Viv\u00eancias de reconex\u00e3o com Gaia atrav\u00e9s de caminhadas contemplativas e exerc\u00edcios da Ecol\u00f3gica Profunda<br \/>\n&#8211; Contato e conhecimento de ervas medicinais e PANCs, alimenta\u00e7\u00e3o saud\u00e1vel<br \/>\n&#8211; Viv\u00eancia do Tempo Natural, atrav\u00e9s do acesso a no\u00e7\u00f5es b\u00e1sicas do Sincron\u00e1rio da Paz ( inspirado no Calend\u00e1rio Maia)<br \/>\n&#8211; Acesso a seu Animal de Poder, atrav\u00e9s do ritual do fogo e do tambor<\/p>\n<p><em><strong>Atividades alternativas<\/strong><\/em><br \/>\n&#8211; Feitura do seu tambor<br \/>\n&#8211; Reiki<br \/>\n&#8211; Massagem<br \/>\n&#8211; A\u00e7\u00e3o solid\u00e1ria numa comunidade pr\u00f3xima<br \/>\n&#8211; Atendimento individual (terapia hol\u00edstica e psicoterapia, previamente agendada)<\/p>\n<p>RETIRO DE CARNAVAL NO ESPA\u00c7O BEIJA-FLOR<br \/>\n<strong>Data:<\/strong> 18 a 22\/02\/23<br \/>\nLocal: Espa\u00e7o Beija-flor, zona rural de Ch\u00e3 Grande\/PE (a cerca de 80 Km do Recife)<br \/>\n<strong>Contribui\u00e7\u00e3o:<\/strong> 152,00 a di\u00e1ria (inclui: alimenta\u00e7\u00e3o saud\u00e1vel, hospedagem e participa\u00e7\u00e3o nas viv\u00eancias)<\/p>\n<p><em><strong>Obs.:<\/strong> A participa\u00e7\u00e3o nas atividades alternativas n\u00e3o est\u00e1 inclusa no valor.<\/em><\/p>\n<p>INSCRI\u00c7\u00d5ES E MAIS INFORMA\u00c7\u00d5ES<br \/>\n<strong>Telefone\/WhatsApp:<\/strong> 81 997063804 (Goretti S\u00e1)<\/p>\n","protected":false},"excerpt":{"rendered":"<p>Para quem quer aproveitar o feriado de Carnaval para descansar e se conectar com a Natureza, o Espa\u00e7o Beija-Flor, em Ch\u00e3 Grande\/PE, realiza de 18 a 22 de fevereiro o Retiro de Carnaval. &#8220;O barulho da cidade, o excesso de pensamentos, o distanciamento da natureza nos adoece. A ideia \u00e9 darmos um mergulho na nossa [&hellip;]<\/p>\n","protected":false},"author":1,"featured_media":42820,"comment_status":"open","ping_status":"open","sticky":false,"template":"","format":"standard","meta":{"om_disable_all_campaigns":false,"_monsterinsights_skip_tracking":false,"_monsterinsights_sitenote_active":false,"_monsterinsights_sitenote_note":"","_monsterinsights_sitenote_category":0,"footnotes":""},"categories":[8,214],"tags":[108,551,396],"acf":[],"publishpress_future_action":{"enabled":false,"date":"1969-12-31 21:00:00","action":"","terms":[],"taxonomy":"","browser_timezone_offset":0},"_links":{"self":[{"href":"https:\/\/portalfloresnoar.com\/floresnoar\/wp-json\/wp\/v2\/posts\/42816"}],"collection":[{"href":"https:\/\/portalfloresnoar.com\/floresnoar\/wp-json\/wp\/v2\/posts"}],"about":[{"href":"https:\/\/portalfloresnoar.com\/floresnoar\/wp-json\/wp\/v2\/types\/post"}],"author":[{"embeddable":true,"href":"https:\/\/portalfloresnoar.com\/floresnoar\/wp-json\/wp\/v2\/users\/1"}],"replies":[{"embeddable":true,"href":"https:\/\/portalfloresnoar.com\/floresnoar\/wp-json\/wp\/v2\/comments?post=42816"}],"version-history":[{"count":0,"href":"https:\/\/portalfloresnoar.com\/floresnoar\/wp-json\/wp\/v2\/posts\/42816\/revisions"}],"wp:featuredmedia":[{"embeddable":true,"href":"https:\/\/portalfloresnoar.com\/floresnoar\/wp-json\/wp\/v2\/media\/42820"}],"wp:attachment":[{"href":"https:\/\/portalfloresnoar.com\/floresnoar\/wp-json\/wp\/v2\/media?parent=42816"}],"wp:term":[{"taxonomy":"category","embeddable":true,"href":"https:\/\/portalfloresnoar.com\/floresnoar\/wp-json\/wp\/v2\/categories?post=42816"},{"taxonomy":"post_tag","embeddable":true,"href":"https:\/\/portalfloresnoar.com\/floresnoar\/wp-json\/wp\/v2\/tags?post=42816"}],"curies":[{"name":"wp","href":"https:\/\/api.w.org\/{rel}","templated":true}]}}