

{"id":42790,"date":"2023-01-17T19:43:07","date_gmt":"2023-01-17T22:43:07","guid":{"rendered":"http:\/\/portalfloresnoar.com\/floresnoar\/?p=42790"},"modified":"2023-01-17T19:43:07","modified_gmt":"2023-01-17T22:43:07","slug":"carta-do-1-encontro-estadual-da-teia-dos-povos-em-pernambuco","status":"publish","type":"post","link":"https:\/\/portalfloresnoar.com\/floresnoar\/carta-do-1-encontro-estadual-da-teia-dos-povos-em-pernambuco\/","title":{"rendered":"Carta do 1\u00b0 Encontro Estadual da Teia dos Povos em Pernambuco"},"content":{"rendered":"<p><strong>Carta do 1\u00b0 Encontro Estadual da Teia dos Povos em Pernambuco &#8211; \u201cPela alian\u00e7a preta, ind\u00edgena e popular: Reconstruir Palmares e Adiar o fim do mundo\u201d.<\/strong><\/p>\n<p>Assim como nascem os rios da jun\u00e7\u00e3o aos poucos de muitas partes e fluxos, encontros e re\u2013encontros de diversas \u00e1guas, n\u00f3s enquanto Teia dos Povos em Pernambuco nascemos dos nossos encontros e re-encontros em torno da grande luta: por terra e territ\u00f3rio. Entre os dias, 18, 19 e 20 de novembro de 2022, estivemos dando um passo importante, no territ\u00f3rio Quilombola de Castainho, no agreste pernambucano, e este foi resultado de um per\u00edodo de fortalecimento e aglutina\u00e7\u00e3o em torno deste grande sonho: a constru\u00e7\u00e3o de uma alian\u00e7a entre os povos pretos, ind\u00edgenas e populares para discutir e construir autonomia e bem viver, em defesa da vida, de nossas vidas, da m\u00e3e terra.<\/p>\n<p>Neste per\u00edodo, t\u00e3o importante para a luta e resist\u00eancia afrobrasileira, estivemos na terra de descendentes diretos de Zumbi realizando o Encontro da Teia dos Povos em Pernambuco. L\u00e1 reiteramos e fortalecemos a alian\u00e7a preta, ind\u00edgena e popular que nos trouxe at\u00e9 aqui \u00e0 revelia de todos os massacres, opress\u00f5es e injusti\u00e7as operadas pelo colonialismo burgu\u00eas euroc\u00eantrico \u00e0 servi\u00e7o do capitalismo e a sua cria\u00e7\u00e3o infinita de valores e mercadorias.<\/p>\n<p>Nos inspiramos em Palmares, em suas li\u00e7\u00f5es de coragem, rebeldia e compromisso com a justi\u00e7a e a liberdade, na luta por Terra e Territ\u00f3rio e pelo direito de estar e ser quem somos, com nossa ancestralidade, costumes, tradi\u00e7\u00f5es. Em Castainho n\u00e3o \u00e9 diferente, homens e mulheres lutam todos os dias na defesa de sua terra e cultura, para viver bem. Sendo um espa\u00e7o de aprendizado, onde nos educamos em uma conversa despretensiosa durante um caf\u00e9 pequeno, ou durante os momentos de escuta atenciosa dos mais velhos, sob uma gameleira plantada h\u00e1 10 anos, por irm\u00e3os da luta ind\u00edgena, hoje s\u00edmbolo dessa alian\u00e7a ancestral e espiritual de nossos povos. O quilombo nos acolheu e testemunhou o nascimento de uma tessitura que j\u00e1 vem dando bons frutos, em um entrela\u00e7ar de gente, um cruzamento de terreiros, encontro de territ\u00f3rios.<\/p>\n<p>Sob o ritual sagrado, iniciamos o encontro para aben\u00e7oar e iluminar os caminhos do que viria a ser tecido, selamos os pactos de cuidado e conviv\u00eancia coletiva, partilhamos responsabilidades e aprendemos um pouco da trajet\u00f3ria de luta dos povos presentes e sua luta constante para manuten\u00e7\u00e3o de seus territ\u00f3rios. Estivemos em mutir\u00e3o em todas as tarefas, cozinha, limpeza, cuidado, al\u00e9m disso, estivemos junto ao grupo de mulheres guerreiras quilombolas do Castainho, em um mutir\u00e3o em que aprendemos sobre um trabalho de grande import\u00e2ncia que executam em sua comunidade: coleta e separa\u00e7\u00e3o de res\u00edduos s\u00f3lidos para reciclagem. Paralelamente, sob a sombra da gameleira m\u00e3e que nos recebeu, ouvimos Mestre Joelson, conselheiro e membro fundador da Teia dos Povos, e pudemos tamb\u00e9m aprender sobre o fortalecimento territorial por via da autonomia, \u00e0 exemplo do cultivo do cacau para produ\u00e7\u00e3o de chocolate, desenvolvido no Assentamento Terra \u00e0 Vista no sul da Bahia.<\/p>\n<p>Com a presen\u00e7a de mais de dez territ\u00f3rios com suas representa\u00e7\u00f5es, movimentos sociais e v\u00e1rias organiza\u00e7\u00f5es da sociedade civil, al\u00e9m de pessoas com diferentes ac\u00famulos pol\u00edticos no prop\u00f3sito de atuar como elos e\/ou fundamentar seu processo de territorializa\u00e7\u00e3o. Representa\u00e7\u00e3o do povo Xukuru do Ororub\u00e1 em Pesqueira; do S\u00edtio do Serrote Preto no Catimbau; do povo Pankar\u00e1 de Brig\u00edda do Sert\u00e3o do S\u00e3o Francisco; do assentamento S\u00edtio \u00c1gatha em Tracunha\u00e9m e do Normandia em Caruaru; das comunidades urbanas do Caranguejo Tabaiares, Ibura, GRIS, Cabras, Caranguejo U\u00e7\u00e1; al\u00e9m da Teia dos Povos de S\u00e3o Paulo; e do pr\u00f3prio Castainho. Todos trazendo seus desafios e conquistas no processo de resist\u00eancia territorial e luta pelo direito de ocupar a terra, enfrentando o poder econ\u00f4mico cada vez mais ostensivo sobre os modos de viver das comunidades.<\/p>\n<p>Findamos nosso encontro, atrav\u00e9s da proposta de articula\u00e7\u00f5es regionais sob as especificidades de cada bioma: sert\u00e3o, agreste, mata e regi\u00e3o metropolitana no litoral, cujas pessoas e territ\u00f3rios se integrariam alinhando demandas e possibilidades segundo a regi\u00e3o que habitam, circulam e semeiam seus sonhos. As articula\u00e7\u00f5es regionais fizeram suas partilhas coletivas e cada uma encaminhou formas de dar continuidade a esses encontros e trocas. Culminando em uma celebra\u00e7\u00e3o em honra ao 20 de novembro, saudando os que fortaleceram o passado, lutaram no presente e sonharam o futuro para nossa gente.<\/p>\n<p>Os grupos se debru\u00e7aram sobre os pr\u00f3ximos passos e deliberamos por pr\u00f3ximas a\u00e7\u00f5es, em territ\u00f3rios diversos em todo o estado. Confiantes na pot\u00eancia de nossos rezos, cantos e encantos, das manifesta\u00e7\u00f5es ancestrais de nossa luta, firmamos o compromisso de estar juntas a todes aqueles e aquelas que lutam por justi\u00e7a, terra Y liberdade!<\/p>\n<p><em>Garanhuns, 20 de Novembro de 2021.<\/em><\/p>\n","protected":false},"excerpt":{"rendered":"<p>Carta do 1\u00b0 Encontro Estadual da Teia dos Povos em Pernambuco &#8211; \u201cPela alian\u00e7a preta, ind\u00edgena e popular: Reconstruir Palmares e Adiar o fim do mundo\u201d. Assim como nascem os rios da jun\u00e7\u00e3o aos poucos de muitas partes e fluxos, encontros e re\u2013encontros de diversas \u00e1guas, n\u00f3s enquanto Teia dos Povos em Pernambuco nascemos dos [&hellip;]<\/p>\n","protected":false},"author":1,"featured_media":42799,"comment_status":"open","ping_status":"open","sticky":false,"template":"","format":"standard","meta":{"om_disable_all_campaigns":false,"_monsterinsights_skip_tracking":false,"_monsterinsights_sitenote_active":false,"_monsterinsights_sitenote_note":"","_monsterinsights_sitenote_category":0,"footnotes":""},"categories":[10],"tags":[1064],"acf":[],"publishpress_future_action":{"enabled":false,"date":"1969-12-31 21:00:00","action":"","terms":[],"taxonomy":"","browser_timezone_offset":0},"_links":{"self":[{"href":"https:\/\/portalfloresnoar.com\/floresnoar\/wp-json\/wp\/v2\/posts\/42790"}],"collection":[{"href":"https:\/\/portalfloresnoar.com\/floresnoar\/wp-json\/wp\/v2\/posts"}],"about":[{"href":"https:\/\/portalfloresnoar.com\/floresnoar\/wp-json\/wp\/v2\/types\/post"}],"author":[{"embeddable":true,"href":"https:\/\/portalfloresnoar.com\/floresnoar\/wp-json\/wp\/v2\/users\/1"}],"replies":[{"embeddable":true,"href":"https:\/\/portalfloresnoar.com\/floresnoar\/wp-json\/wp\/v2\/comments?post=42790"}],"version-history":[{"count":0,"href":"https:\/\/portalfloresnoar.com\/floresnoar\/wp-json\/wp\/v2\/posts\/42790\/revisions"}],"wp:featuredmedia":[{"embeddable":true,"href":"https:\/\/portalfloresnoar.com\/floresnoar\/wp-json\/wp\/v2\/media\/42799"}],"wp:attachment":[{"href":"https:\/\/portalfloresnoar.com\/floresnoar\/wp-json\/wp\/v2\/media?parent=42790"}],"wp:term":[{"taxonomy":"category","embeddable":true,"href":"https:\/\/portalfloresnoar.com\/floresnoar\/wp-json\/wp\/v2\/categories?post=42790"},{"taxonomy":"post_tag","embeddable":true,"href":"https:\/\/portalfloresnoar.com\/floresnoar\/wp-json\/wp\/v2\/tags?post=42790"}],"curies":[{"name":"wp","href":"https:\/\/api.w.org\/{rel}","templated":true}]}}