

{"id":42722,"date":"2022-05-27T17:38:43","date_gmt":"2022-05-27T20:38:43","guid":{"rendered":"http:\/\/portalfloresnoar.com\/floresnoar\/?p=42722"},"modified":"2023-01-24T10:56:52","modified_gmt":"2023-01-24T13:56:52","slug":"agenda-pe-tardes-astrais-promove-brincadeiras-de-quintal-em-janeiro-no-recife","status":"publish","type":"post","link":"https:\/\/portalfloresnoar.com\/floresnoar\/agenda-pe-tardes-astrais-promove-brincadeiras-de-quintal-em-janeiro-no-recife\/","title":{"rendered":"[AGENDA PE] &#8216;Tardes Astrais&#8217; promove brincadeiras de quintal em janeiro no Recife"},"content":{"rendered":"<p><img decoding=\"async\" loading=\"lazy\" class=\"aligncenter  wp-image-42733\" src=\"http:\/\/portalfloresnoar.com\/floresnoar\/wp-content\/uploads\/2022\/12\/1-tardes-astrais-janeiro-700x700.jpg\" alt=\"\" width=\"576\" height=\"576\" srcset=\"https:\/\/portalfloresnoar.com\/floresnoar\/wp-content\/uploads\/2022\/12\/1-tardes-astrais-janeiro-700x700.jpg 700w, https:\/\/portalfloresnoar.com\/floresnoar\/wp-content\/uploads\/2022\/12\/1-tardes-astrais-janeiro-150x150.jpg 150w, https:\/\/portalfloresnoar.com\/floresnoar\/wp-content\/uploads\/2022\/12\/1-tardes-astrais-janeiro-300x300.jpg 300w, https:\/\/portalfloresnoar.com\/floresnoar\/wp-content\/uploads\/2022\/12\/1-tardes-astrais-janeiro-768x768.jpg 768w, https:\/\/portalfloresnoar.com\/floresnoar\/wp-content\/uploads\/2022\/12\/1-tardes-astrais-janeiro-100x100.jpg 100w, https:\/\/portalfloresnoar.com\/floresnoar\/wp-content\/uploads\/2022\/12\/1-tardes-astrais-janeiro.jpg 1080w\" sizes=\"(max-width: 576px) 100vw, 576px\" \/><\/p>\n<p>Janeiro vem chegando e o convite \u00e9 para a crian\u00e7ada vivenciar experi\u00eancias de f\u00e9rias ainda mais marcantes e especiais, deixando os dispositivos digitais de lado para vivenciar brincadeiras de quintal.\u00a0\u00c9 essa a proposta das &#8216;Tardes Astrais&#8217;, que ser\u00e3o realizadas de 9 a 27 de janeiro na <a href=\"https:\/\/www.instagram.com\/casa.astral\/\" target=\"_blank\" rel=\"noopener\">Casa Astral<\/a>, no Recife, numa parceria com o coletivo de recrea\u00e7\u00e3o infantil <a href=\"https:\/\/www.instagram.com\/farrinhacriativa\/\" target=\"_blank\" rel=\"noopener\">Farrinha Criativa<\/a>. As atividades s\u00e3o voltadas para crian\u00e7as a partir de 4 anos.<\/p>\n<p>&#8220;Desde sua abertura, h\u00e1 8 anos, a Casa Astral realiza proporciona a\u00e7\u00f5es voltadas \u00e0s crian\u00e7as, sendo o abre alas do espa\u00e7o, em 6 de janeiro de 2015, &#8216;As F\u00e9rias Astrais&#8217;. Desde ent\u00e3o, o calend\u00e1rio anual de atividades do espa\u00e7o se inicia com a\u00e7\u00f5es para o p\u00fablico infantil,  buscando promover a conex\u00e3o da meninada com a natureza, com a arte, com o livre brincar e com as manifesta\u00e7\u00f5es da cultura popular&#8221;, ressalta Guida Gomes, gestora da Casa Astral.<\/p>\n<p>De acordo com Melissa Bara\u00fana, da Farrinha Criativa, o projeto &#8216;Tardes Astrais&#8217; busca proporcionar uma programa\u00e7\u00e3o plural, recheada de ludicidade para as crian\u00e7as curtirem o ver\u00e3o no espa\u00e7o gostoso da Casa Astral. Ser\u00e3o tr\u00eas semanas com propostas culturais, manuais, c\u00eanicas, ecol\u00f3gicas e brincadeiras de p\u00e9 no ch\u00e3o. As atividades ser\u00e3o facilitadas por Melissa, em parceria com as artistas \u00cdris Campos e Laura Melo.<\/p>\n<p>RECREADORAS<br \/>\n<b>\u00cdris Campos<\/b>\u00a0\u00e9 m\u00e3e de Iuri (12 anos) e ind\u00edgena em retomada. Comp\u00f5e o Coletivo Mata Sul Ind\u00edgena e Ind\u00edgenas em contexto urbano Karaxuwanassu. Artista educadora das \u00e1reas da dan\u00e7a e teatro, formada pela UFPE. Desenvolve h\u00e1 20 anos trabalhos na \u00e1rea da cultura popular dentro de espa\u00e7os educacionais e terreiros do estado. Integrante h\u00e1 18 anos do Caboclinho 7 Flexas do Recife. Hoje, al\u00e9m de brincar nos palcos desse mund\u00e3o, \u00e9 professora de dan\u00e7a da Educa\u00e7\u00e3o Infantil ao Fundamental I nas Escola Arco \u00cdris Recife e Academia Santa Gertrudes, em Olinda.<\/p>\n<p><b>Melissa Bara\u00fana<\/b>\u00a0\u00e9 produtora cultural, idealizadora e recreadora da Farrinha Criativa, e estudante de Licenciatura em Artes Visuais. J\u00e1 desenvolveu trabalhos nas \u00e1reas de audiovisual, teatro e artesanato, ent\u00e3o tenta levar um pouco de cada um desses universos para a constru\u00e7\u00e3o do brincar com as crian\u00e7as, com quem vem desenvolvendo intera\u00e7\u00f5es bem especiais desde 2018, em atividades de f\u00e9rias, eventos e celebra\u00e7\u00f5es pela cidade de Recife.<\/p>\n<p><b>Laura Melo\u00a0<\/b>\u00e9 m\u00e3e de Azuh (9 anos) e Ita (7 anos), artista-educadora que costuma brincar com diferentes t\u00e9cnicas dentro das artes visuais, dan\u00e7ando direitinho com as linhas e trama\u00e7\u00f5es das artes t\u00eaxteis, al\u00e9m de deixar amarradinha uma rela\u00e7\u00e3o de afeto com a fotografia. Professora de artes da Escola Arco-\u00edris, onde vem experimentando esse di\u00e1logo entre a magia da arte e a criatividade em expans\u00e3o das crian\u00e7as, com um olhar sens\u00edvel e atento.<\/p>\n<p>SERVI\u00c7O<br \/>\n<em><strong>Tardes Astrais<\/strong><\/em><br \/>\n<strong>Hor\u00e1rio:<\/strong> 14h \u00e0s 17h<br \/>\n<strong>Data:<\/strong> 09 a 27 de janeiro de 2023 (exceto finais de semana)<br \/>\n<strong>Investimento:<\/strong> R$ 60 di\u00e1ria | R$ 250 pacote para semana inteira<br \/>\n<strong>Local:<\/strong> Casa Astral &#8211; Rua Joaquim Xavier de Andrade, 104, Po\u00e7o da Panela, Recife<\/p>\n<p><em><strong>Obs.:<\/strong> S\u00e3o oferecidas 10 vagas por dia.<\/em><\/p>\n<p><strong>Inscri\u00e7\u00f5es via Whatsapp:<\/strong>\u00a0(81) 998368786<\/p>\n<p><strong>CONFIRA ABAIXO A PROGRAMA\u00c7\u00c3O DAS ATIVIDADES!<\/strong><\/p>\n<p><img decoding=\"async\" loading=\"lazy\" class=\"aligncenter  wp-image-42734\" src=\"http:\/\/portalfloresnoar.com\/floresnoar\/wp-content\/uploads\/2022\/12\/2-tardes-astrais-janeiro-700x700.jpg\" alt=\"\" width=\"601\" height=\"601\" srcset=\"https:\/\/portalfloresnoar.com\/floresnoar\/wp-content\/uploads\/2022\/12\/2-tardes-astrais-janeiro-700x700.jpg 700w, https:\/\/portalfloresnoar.com\/floresnoar\/wp-content\/uploads\/2022\/12\/2-tardes-astrais-janeiro-150x150.jpg 150w, https:\/\/portalfloresnoar.com\/floresnoar\/wp-content\/uploads\/2022\/12\/2-tardes-astrais-janeiro-300x300.jpg 300w, https:\/\/portalfloresnoar.com\/floresnoar\/wp-content\/uploads\/2022\/12\/2-tardes-astrais-janeiro-768x768.jpg 768w, https:\/\/portalfloresnoar.com\/floresnoar\/wp-content\/uploads\/2022\/12\/2-tardes-astrais-janeiro-100x100.jpg 100w, https:\/\/portalfloresnoar.com\/floresnoar\/wp-content\/uploads\/2022\/12\/2-tardes-astrais-janeiro.jpg 1080w\" sizes=\"(max-width: 601px) 100vw, 601px\" \/> <img decoding=\"async\" loading=\"lazy\" class=\"aligncenter  wp-image-42735\" src=\"http:\/\/portalfloresnoar.com\/floresnoar\/wp-content\/uploads\/2022\/12\/3-tardes-astrais-janeiro-700x700.jpg\" alt=\"\" width=\"602\" height=\"602\" srcset=\"https:\/\/portalfloresnoar.com\/floresnoar\/wp-content\/uploads\/2022\/12\/3-tardes-astrais-janeiro-700x700.jpg 700w, https:\/\/portalfloresnoar.com\/floresnoar\/wp-content\/uploads\/2022\/12\/3-tardes-astrais-janeiro-150x150.jpg 150w, https:\/\/portalfloresnoar.com\/floresnoar\/wp-content\/uploads\/2022\/12\/3-tardes-astrais-janeiro-300x300.jpg 300w, https:\/\/portalfloresnoar.com\/floresnoar\/wp-content\/uploads\/2022\/12\/3-tardes-astrais-janeiro-768x768.jpg 768w, https:\/\/portalfloresnoar.com\/floresnoar\/wp-content\/uploads\/2022\/12\/3-tardes-astrais-janeiro-100x100.jpg 100w, https:\/\/portalfloresnoar.com\/floresnoar\/wp-content\/uploads\/2022\/12\/3-tardes-astrais-janeiro.jpg 1080w\" sizes=\"(max-width: 602px) 100vw, 602px\" \/> <img decoding=\"async\" loading=\"lazy\" class=\"aligncenter  wp-image-42736\" src=\"http:\/\/portalfloresnoar.com\/floresnoar\/wp-content\/uploads\/2022\/12\/4-tardes-astrais-janeiro-700x700.jpg\" alt=\"\" width=\"601\" height=\"601\" srcset=\"https:\/\/portalfloresnoar.com\/floresnoar\/wp-content\/uploads\/2022\/12\/4-tardes-astrais-janeiro-700x700.jpg 700w, https:\/\/portalfloresnoar.com\/floresnoar\/wp-content\/uploads\/2022\/12\/4-tardes-astrais-janeiro-150x150.jpg 150w, https:\/\/portalfloresnoar.com\/floresnoar\/wp-content\/uploads\/2022\/12\/4-tardes-astrais-janeiro-300x300.jpg 300w, https:\/\/portalfloresnoar.com\/floresnoar\/wp-content\/uploads\/2022\/12\/4-tardes-astrais-janeiro-768x768.jpg 768w, https:\/\/portalfloresnoar.com\/floresnoar\/wp-content\/uploads\/2022\/12\/4-tardes-astrais-janeiro-100x100.jpg 100w, https:\/\/portalfloresnoar.com\/floresnoar\/wp-content\/uploads\/2022\/12\/4-tardes-astrais-janeiro.jpg 1080w\" sizes=\"(max-width: 601px) 100vw, 601px\" \/><\/p>\n","protected":false},"excerpt":{"rendered":"<p>Janeiro vem chegando e o convite \u00e9 para a crian\u00e7ada vivenciar experi\u00eancias de f\u00e9rias ainda mais marcantes e especiais, deixando os dispositivos digitais de lado para vivenciar brincadeiras de quintal.\u00a0\u00c9 essa a proposta das &#8216;Tardes Astrais&#8217;, que ser\u00e3o realizadas de 9 a 27 de janeiro na Casa Astral, no Recife, numa parceria com o coletivo [&hellip;]<\/p>\n","protected":false},"author":1,"featured_media":42732,"comment_status":"open","ping_status":"open","sticky":false,"template":"","format":"standard","meta":{"om_disable_all_campaigns":false,"_monsterinsights_skip_tracking":false,"_monsterinsights_sitenote_active":false,"_monsterinsights_sitenote_note":"","_monsterinsights_sitenote_category":0,"footnotes":""},"categories":[8,224,214],"tags":[223,340],"acf":[],"publishpress_future_action":{"enabled":false,"date":"1969-12-31 21:00:00","action":"","terms":[],"taxonomy":"","browser_timezone_offset":0},"_links":{"self":[{"href":"https:\/\/portalfloresnoar.com\/floresnoar\/wp-json\/wp\/v2\/posts\/42722"}],"collection":[{"href":"https:\/\/portalfloresnoar.com\/floresnoar\/wp-json\/wp\/v2\/posts"}],"about":[{"href":"https:\/\/portalfloresnoar.com\/floresnoar\/wp-json\/wp\/v2\/types\/post"}],"author":[{"embeddable":true,"href":"https:\/\/portalfloresnoar.com\/floresnoar\/wp-json\/wp\/v2\/users\/1"}],"replies":[{"embeddable":true,"href":"https:\/\/portalfloresnoar.com\/floresnoar\/wp-json\/wp\/v2\/comments?post=42722"}],"version-history":[{"count":0,"href":"https:\/\/portalfloresnoar.com\/floresnoar\/wp-json\/wp\/v2\/posts\/42722\/revisions"}],"wp:featuredmedia":[{"embeddable":true,"href":"https:\/\/portalfloresnoar.com\/floresnoar\/wp-json\/wp\/v2\/media\/42732"}],"wp:attachment":[{"href":"https:\/\/portalfloresnoar.com\/floresnoar\/wp-json\/wp\/v2\/media?parent=42722"}],"wp:term":[{"taxonomy":"category","embeddable":true,"href":"https:\/\/portalfloresnoar.com\/floresnoar\/wp-json\/wp\/v2\/categories?post=42722"},{"taxonomy":"post_tag","embeddable":true,"href":"https:\/\/portalfloresnoar.com\/floresnoar\/wp-json\/wp\/v2\/tags?post=42722"}],"curies":[{"name":"wp","href":"https:\/\/api.w.org\/{rel}","templated":true}]}}