

{"id":42715,"date":"2021-03-01T03:44:53","date_gmt":"2021-03-01T06:44:53","guid":{"rendered":"http:\/\/portalfloresnoar.com\/floresnoar\/?p=42715"},"modified":"2025-06-18T17:58:51","modified_gmt":"2025-06-18T20:58:51","slug":"agenda-pe-atendimentos-arteterapeuticos-com-lu-rabelo-no-espaco-gerar","status":"publish","type":"post","link":"https:\/\/portalfloresnoar.com\/floresnoar\/agenda-pe-atendimentos-arteterapeuticos-com-lu-rabelo-no-espaco-gerar\/","title":{"rendered":"[AGENDA PE] Atendimentos Arteterap\u00eauticos com Lu Rabelo no Espa\u00e7o Gerar"},"content":{"rendered":"<p><img decoding=\"async\" loading=\"lazy\" class=\"aligncenter wp-image-42716\" src=\"http:\/\/portalfloresnoar.com\/floresnoar\/wp-content\/uploads\/2022\/12\/arteterapia-no-recife-700x525.jpg\" alt=\"\" width=\"601\" height=\"451\" srcset=\"https:\/\/portalfloresnoar.com\/floresnoar\/wp-content\/uploads\/2022\/12\/arteterapia-no-recife-700x525.jpg 700w, https:\/\/portalfloresnoar.com\/floresnoar\/wp-content\/uploads\/2022\/12\/arteterapia-no-recife-300x225.jpg 300w, https:\/\/portalfloresnoar.com\/floresnoar\/wp-content\/uploads\/2022\/12\/arteterapia-no-recife-768x576.jpg 768w, https:\/\/portalfloresnoar.com\/floresnoar\/wp-content\/uploads\/2022\/12\/arteterapia-no-recife-160x120.jpg 160w, https:\/\/portalfloresnoar.com\/floresnoar\/wp-content\/uploads\/2022\/12\/arteterapia-no-recife.jpg 1200w\" sizes=\"(max-width: 601px) 100vw, 601px\" \/><\/p>\n<p>A arteterapeuta e cantadeira Lu Rabelo est\u00e1 oferecendo sess\u00f5es arteterap\u00eauticas, no Recife, voltadas para jovens e adultos. Os encontros acontecem no Espa\u00e7o Gerar, localizado no bairro do Po\u00e7o da Panela.<\/p>\n<p>O atendimento pode ser realizado de forma continuada, com encontros semanais ou quinzenais; e tamb\u00e9m no modo avulso, atrav\u00e9s da consulta arteterap\u00eautica de urg\u00eancia.<\/p>\n<p>\u201cNos encontros estimulo a express\u00e3o criativa e a movimenta\u00e7\u00e3o corporal, visando a conex\u00e3o com as emo\u00e7\u00f5es, e o aprofundamento no autoconhecimento e no autocuidado\u201d, explica Lu, que utiliza, al\u00e9m das t\u00e9cnicas arteterap\u00eauticas, pr\u00e1ticas de Yogaterapia e recursos da Aromaterapia e do Herbalismo.<\/p>\n<p>A arteterapeuta informa que s\u00e3o utilizadas v\u00e1rias linguagens art\u00edsticas nos atendimentos, a depender de cada pessoa. Ela lembra que na Arteterapia o foco \u00e9 a sa\u00fade, n\u00e3o sendo necess\u00e1ria a preocupa\u00e7\u00e3o com a est\u00e9tica art\u00edstica, e sim com o fluir da express\u00e3o.<\/p>\n<p>CONHE\u00c7A UM POUCO DAS TERAPIAS UTILIZADAS!<\/p>\n<p><strong>Arteterapia<\/strong>\u00a0\u2013 A Arteterapia faz uso das diversas linguagens art\u00edsticas (pintura, desenho, colagem, dan\u00e7a, m\u00fasica, teatro, modelagem, fotografia, escrita criativa, costura\u2026), estimulando a express\u00e3o criativa, tendo como foco a sa\u00fade, n\u00e3o havendo preocupa\u00e7\u00e3o com a est\u00e9tica art\u00edstica, mas sim com o conte\u00fado simb\u00f3lico que aparece. \u201cNa Arteterapia n\u00e3o tem certo nem errado, feio nem bonito. O que vale \u00e9 a express\u00e3o,\u201d explica Lu.<\/p>\n<p><strong>Yogaterapia<\/strong>\u00a0\u2013 A partir dos fundamentos do Yoga, s\u00e3o praticados terap\u00eauticamente os \u00e1sanas (posturas), pranayamas (exerc\u00edcios respirat\u00f3rios), mantras e medita\u00e7\u00e3o, com o intuito de promover a auto-escuta, o movimento corporal, e o equil\u00edbrio energ\u00e9tico, emocional e mental.<\/p>\n<p><strong>Aromaterapia e Herbalismo<\/strong>\u00a0\u2013 As mulheres atendidas s\u00e3o orientadas na utiliza\u00e7\u00e3o de plantas e \u00f3leos medicinais, atrav\u00e9s de banhos de assento, escalda-p\u00e9s, banhos de ervas, vaporiza\u00e7\u00e3o do \u00fatero, automassagem, uso de ch\u00e1s, temperos, perfumes naturais e defuma\u00e7\u00e3o, entre outras pr\u00e1ticas em comunh\u00e3o com a Natureza.<\/p>\n<p>VIV\u00caNCIAS VIRTUAIS<br \/>\nLu Rabelo tamb\u00e9m oferece viv\u00eancias criativas on-line, individuais e em grupo, atrav\u00e9s do projeto \u2018Andarilhas \u2013 Travessia Criativa\u2019, visando estimular o Autoconhecimento, o Autocuidado e a Express\u00e3o Criativa. Nas viv\u00eancias s\u00e3o propostas experimenta\u00e7\u00f5es arteterap\u00eauticas em diversas linguagens, unidas a t\u00e9cnicas de Respira\u00e7\u00e3o, Medita\u00e7\u00e3o, Consci\u00eancia Corporal, e conex\u00e3o com os Sonhos e com a Natureza.<\/p>\n<p>Mais informa\u00e7\u00f5es, neste link:<a href=\"https:\/\/portalfloresnoar.com\/floresnoar\/agenda-jornada-andarilhas-oferece-vivencias-arteterapeuticas-on-line\/\" target=\"_blank\" rel=\"noopener\"> http:\/\/portalfloresnoar.com\/floresnoar\/agenda-jornada-andarilhas-oferece-vivencias-arteterapeuticas-on-line\/<\/a><\/p>\n<p><strong>SOBRE A TERAPEUTA<\/strong><\/p>\n<p><strong><img decoding=\"async\" loading=\"lazy\" class=\"wp-image-42297 alignleft\" src=\"http:\/\/portalfloresnoar.com\/floresnoar\/wp-content\/uploads\/2022\/09\/Lu-Rabelo-arteterapeuta-foto-Andre-Occenstein-3-700x700.png\" alt=\"\" width=\"280\" height=\"280\" srcset=\"https:\/\/portalfloresnoar.com\/floresnoar\/wp-content\/uploads\/2022\/09\/Lu-Rabelo-arteterapeuta-foto-Andre-Occenstein-3-700x700.png 700w, https:\/\/portalfloresnoar.com\/floresnoar\/wp-content\/uploads\/2022\/09\/Lu-Rabelo-arteterapeuta-foto-Andre-Occenstein-3-150x150.png 150w, https:\/\/portalfloresnoar.com\/floresnoar\/wp-content\/uploads\/2022\/09\/Lu-Rabelo-arteterapeuta-foto-Andre-Occenstein-3-300x300.png 300w, https:\/\/portalfloresnoar.com\/floresnoar\/wp-content\/uploads\/2022\/09\/Lu-Rabelo-arteterapeuta-foto-Andre-Occenstein-3-768x768.png 768w, https:\/\/portalfloresnoar.com\/floresnoar\/wp-content\/uploads\/2022\/09\/Lu-Rabelo-arteterapeuta-foto-Andre-Occenstein-3-100x100.png 100w, https:\/\/portalfloresnoar.com\/floresnoar\/wp-content\/uploads\/2022\/09\/Lu-Rabelo-arteterapeuta-foto-Andre-Occenstein-3.png 1080w\" sizes=\"(max-width: 280px) 100vw, 280px\" \/><\/strong><\/p>\n<p>&nbsp;<\/p>\n<p><strong>Lu Rabelo<\/strong> \u00e9 m\u00e3e, canta, escreve, reza, planta, dan\u00e7a. Estuda Herbalismo, Tarot, Sonhos, Astrologia, Palha\u00e7aria\u2026 \u00c9 formada em Jornalismo, p\u00f3s-graduada em Arteterapia, e tem forma\u00e7\u00e3o em Yogaterapia, Aromaterapia e Reiki. \u00c9 docente nas Forma\u00e7\u00f5es em Arteterapia pela Tra\u00e7os Estudos em Arteterapia e pela Terapiarte\/ Faculdade Modelo, ambas no Recife. \u00c9 guardi\u00e3 do <a href=\"http:\/\/portalfloresnoar.com\/floresnoar\" target=\"_blank\" rel=\"noopener\">Portal Flores no Ar,<\/a>\u00a0brincante em\u00a0<a href=\"https:\/\/www.instagram.com\/as_cumade\/\" target=\"_blank\" rel=\"noopener\">As Cumade<\/a>, herbalista no\u00a0<a href=\"https:\/\/www.instagram.com\/feitiolunar\/\" target=\"_blank\" rel=\"noopener\">Feitio Lunar<\/a>\u00a0e poeta no projeto\u00a0<a href=\"https:\/\/www.instagram.com\/cordeldotarot\/\" target=\"_blank\" rel=\"noopener\">Cordel do Tarot<\/a>.<\/p>\n<p>&nbsp;<\/p>\n<p><strong>AGENDAMENTOS E MAIS INFORMA\u00c7\u00d5ES<\/strong><br \/>\n<strong>WhatsApp<\/strong>: 81 999669188<br \/>\n<strong>Instagram<\/strong>:\u00a0<a href=\"https:\/\/www.instagram.com\/jardim.arteterapeutico\/\" target=\"_blank\" rel=\"noopener\">@jardim.arteterapeutico<\/a><br \/>\n<strong>Local de atendimento:<\/strong> Espa\u00e7o Gerar Arteterapia e Bem-Estar &#8211; Rua Luiz Guimar\u00e3es, 253, Po\u00e7o da Panela, Recife\/PE.<\/p>\n","protected":false},"excerpt":{"rendered":"<p>A arteterapeuta e cantadeira Lu Rabelo est\u00e1 oferecendo sess\u00f5es arteterap\u00eauticas, no Recife, voltadas para jovens e adultos. Os encontros acontecem no Espa\u00e7o Gerar, localizado no bairro do Po\u00e7o da Panela. O atendimento pode ser realizado de forma continuada, com encontros semanais ou quinzenais; e tamb\u00e9m no modo avulso, atrav\u00e9s da consulta arteterap\u00eautica de urg\u00eancia. \u201cNos [&hellip;]<\/p>\n","protected":false},"author":1,"featured_media":42717,"comment_status":"open","ping_status":"open","sticky":false,"template":"","format":"standard","meta":{"om_disable_all_campaigns":false,"_monsterinsights_skip_tracking":false,"_monsterinsights_sitenote_active":false,"_monsterinsights_sitenote_note":"","_monsterinsights_sitenote_category":0,"footnotes":""},"categories":[8,214],"tags":[73,34,900,165],"acf":[],"publishpress_future_action":{"enabled":false,"date":"1969-12-31 21:00:00","action":"","terms":[],"taxonomy":"","browser_timezone_offset":0},"_links":{"self":[{"href":"https:\/\/portalfloresnoar.com\/floresnoar\/wp-json\/wp\/v2\/posts\/42715"}],"collection":[{"href":"https:\/\/portalfloresnoar.com\/floresnoar\/wp-json\/wp\/v2\/posts"}],"about":[{"href":"https:\/\/portalfloresnoar.com\/floresnoar\/wp-json\/wp\/v2\/types\/post"}],"author":[{"embeddable":true,"href":"https:\/\/portalfloresnoar.com\/floresnoar\/wp-json\/wp\/v2\/users\/1"}],"replies":[{"embeddable":true,"href":"https:\/\/portalfloresnoar.com\/floresnoar\/wp-json\/wp\/v2\/comments?post=42715"}],"version-history":[{"count":3,"href":"https:\/\/portalfloresnoar.com\/floresnoar\/wp-json\/wp\/v2\/posts\/42715\/revisions"}],"predecessor-version":[{"id":45856,"href":"https:\/\/portalfloresnoar.com\/floresnoar\/wp-json\/wp\/v2\/posts\/42715\/revisions\/45856"}],"wp:featuredmedia":[{"embeddable":true,"href":"https:\/\/portalfloresnoar.com\/floresnoar\/wp-json\/wp\/v2\/media\/42717"}],"wp:attachment":[{"href":"https:\/\/portalfloresnoar.com\/floresnoar\/wp-json\/wp\/v2\/media?parent=42715"}],"wp:term":[{"taxonomy":"category","embeddable":true,"href":"https:\/\/portalfloresnoar.com\/floresnoar\/wp-json\/wp\/v2\/categories?post=42715"},{"taxonomy":"post_tag","embeddable":true,"href":"https:\/\/portalfloresnoar.com\/floresnoar\/wp-json\/wp\/v2\/tags?post=42715"}],"curies":[{"name":"wp","href":"https:\/\/api.w.org\/{rel}","templated":true}]}}