

{"id":42700,"date":"2021-12-23T05:38:35","date_gmt":"2021-12-23T08:38:35","guid":{"rendered":"http:\/\/portalfloresnoar.com\/floresnoar\/?p=42700"},"modified":"2023-02-20T09:35:06","modified_gmt":"2023-02-20T12:35:06","slug":"agenda-pe-da-raiz-a-flor-retiro-de-palhacaria-e-xamanismo-acontece-em-cha-grandepe-no-feriado-do-carnaval","status":"publish","type":"post","link":"https:\/\/portalfloresnoar.com\/floresnoar\/agenda-pe-da-raiz-a-flor-retiro-de-palhacaria-e-xamanismo-acontece-em-cha-grandepe-no-feriado-do-carnaval\/","title":{"rendered":"[AGENDA PE] &#8216;Da Raiz \u00e0 Flor &#8211; Retiro de Palha\u00e7aria e Xamanismo&#8217; acontece, em Ch\u00e3 Grande\/PE, no feriado do Carnaval"},"content":{"rendered":"<p><img decoding=\"async\" loading=\"lazy\" class=\"aligncenter wp-image-42702 \" src=\"http:\/\/portalfloresnoar.com\/floresnoar\/wp-content\/uploads\/2022\/12\/retiro-de-palha\u00e7aria-700x700.jpg\" alt=\"\" width=\"601\" height=\"601\" srcset=\"https:\/\/portalfloresnoar.com\/floresnoar\/wp-content\/uploads\/2022\/12\/retiro-de-palha\u00e7aria-700x700.jpg 700w, https:\/\/portalfloresnoar.com\/floresnoar\/wp-content\/uploads\/2022\/12\/retiro-de-palha\u00e7aria-150x150.jpg 150w, https:\/\/portalfloresnoar.com\/floresnoar\/wp-content\/uploads\/2022\/12\/retiro-de-palha\u00e7aria-300x300.jpg 300w, https:\/\/portalfloresnoar.com\/floresnoar\/wp-content\/uploads\/2022\/12\/retiro-de-palha\u00e7aria-768x768.jpg 768w, https:\/\/portalfloresnoar.com\/floresnoar\/wp-content\/uploads\/2022\/12\/retiro-de-palha\u00e7aria-100x100.jpg 100w, https:\/\/portalfloresnoar.com\/floresnoar\/wp-content\/uploads\/2022\/12\/retiro-de-palha\u00e7aria.jpg 1080w\" sizes=\"(max-width: 601px) 100vw, 601px\" \/><\/p>\n<p style=\"text-align: right;\"><em>\u201cMinha vida, meu of\u00edcio, tudo est\u00e1 no mesmo saco! Eu n\u00e3o represento um papel: estou nu; o clown \u00e9 o mais nu de todos os artistas porque p\u00f5e em jogo a si mesmo, sem poder trapacear\u201d. (Fellini)<\/em><\/p>\n<p>No feriado do Carnaval de 2023 &#8211; dias 18, 19, 20 e 21 de fevereiro-, ser\u00e1 realizado o &#8216;Da Raiz \u00e0 Flor &#8211; Retiro de Palha\u00e7aria e Xamanismo&#8217;, facilitado pela palha\u00e7a, atriz e terapeuta L\u00edvia Falc\u00e3o, com o apoio da tamb\u00e9m artista e palha\u00e7a Mayra Waquim. O encontro ser\u00e1 no Espa\u00e7o Tempo XammayArte, em Ch\u00e3 Grande\/PE, localizado a cerca de 80 Km do Recife.<\/p>\n<p>&#8216;Da Raiz \u00e0 Flor&#8217; \u00e9 um retiro de arte e autoconhecimento, de carnaval para a Alma, feito em imers\u00e3o de quatro dias, com alimentA\u00e7\u00e3o vegana, cantos, cinema, medita\u00e7\u00e3o, biodan\u00e7a, brincadeiras e intera\u00e7\u00f5es com a natureza. A viv\u00eancia \u00e9 voltada a todas as pessoas interessadas, n\u00e3o sendo necess\u00e1ria experi\u00eancia pr\u00e9via em Palha\u00e7aria.<\/p>\n<p>&#8220;Aprender a rir de si mesma(o), \u00e9 uma das li\u00e7\u00f5es mais grandiosas dessa vida. A Palha\u00e7aria e o Xamanismo nos ajudam a compreender isso de forma natural e espont\u00e2nea, trazendo mais liberdade e aceita\u00e7\u00e3o pra nossa vida. Honrando o caminho da beleza, vamos unindo a arte ao nosso caminho de cura&#8221;, conta L\u00edvia.<\/p>\n<p>&#8220;A proposta do Retiro \u00e9 de abrir espa\u00e7os, de escuta interna, de sil\u00eancios e amplitudes, de crescimento, de fazer contato com a energia \u00edmpar da sua palha\u00e7a(o), percebendo o caminho de descoberta da nossa &#8216;figura&#8217;, compreendendo o potencial infinito de cura que reside ali, e melhorando a qualidade da nossa presen\u00e7a na vida&#8221;.<\/p>\n<p>O Espa\u00e7o Tempo XammayArte, em Ch\u00e3 Grande, \u00e9 um local privilegiado em Pernambuco que recebe eventos ligados \u00e0 cura do Ser, em meio \u00e0 natureza, e que traz todas as condi\u00e7\u00f5es para a imers\u00e3o acontecer em toda sua profundidade. A hospedagem \u00e9 simples em quartos coletivos, com uso consciente da \u00e1gua no local.<\/p>\n<p>INVESTIMENTO:<br \/>\n<strong>&gt;&gt;&gt; Lote Promocional (at\u00e9 12\/01\/23):<\/strong> R$ 900,00 (\u00e0 vista ou parcelado em at\u00e9 3x de R$ 300,00)<br \/>\n<strong>&gt;&gt;&gt; Segundo Lote (de 13\/01 a 04\/02\/23):<\/strong> R$ 1.350,00 (\u00e0 vista ou em at\u00e9 duas 2x de R$ 675,00)<br \/>\n<strong>&gt;&gt;&gt; Terceiro Lote (de 05\/02 a 16\/02\/23):<\/strong> R$ 1.530,00 (\u00e0 vista)<\/p>\n<p><strong>Inscri\u00e7\u00f5es atrav\u00e9s do preenchimento do formul\u00e1rio, dispon\u00edvel neste link:<\/strong> <a href=\"https:\/\/docs.google.com\/forms\/d\/1hiwBkywVUZrNLot915q7vW07eWMmzVA74nRM2MKKDFA\/viewform?edit_requested=true\" target=\"_blank\" rel=\"noopener\">https:\/\/docs.google.com\/forms\/d\/1hiwBkywVUZrNLot915q7vW07eWMmzVA74nRM2MKKDFA\/viewform?edit_requested=true<\/a><\/p>\n<p><strong>MAIS INFORMA\u00c7\u00d5ES:<\/strong><br \/>\n(81) 99986 3170 (WhatsApp)<\/p>\n","protected":false},"excerpt":{"rendered":"<p>\u201cMinha vida, meu of\u00edcio, tudo est\u00e1 no mesmo saco! Eu n\u00e3o represento um papel: estou nu; o clown \u00e9 o mais nu de todos os artistas porque p\u00f5e em jogo a si mesmo, sem poder trapacear\u201d. (Fellini) No feriado do Carnaval de 2023 &#8211; dias 18, 19, 20 e 21 de fevereiro-, ser\u00e1 realizado o [&hellip;]<\/p>\n","protected":false},"author":1,"featured_media":42703,"comment_status":"open","ping_status":"open","sticky":false,"template":"","format":"standard","meta":{"om_disable_all_campaigns":false,"_monsterinsights_skip_tracking":false,"_monsterinsights_sitenote_active":false,"_monsterinsights_sitenote_note":"","_monsterinsights_sitenote_category":0,"footnotes":""},"categories":[8,214],"tags":[136,492,396,85],"acf":[],"publishpress_future_action":{"enabled":false,"date":"1969-12-31 21:00:00","action":"","terms":[],"taxonomy":"","browser_timezone_offset":0},"_links":{"self":[{"href":"https:\/\/portalfloresnoar.com\/floresnoar\/wp-json\/wp\/v2\/posts\/42700"}],"collection":[{"href":"https:\/\/portalfloresnoar.com\/floresnoar\/wp-json\/wp\/v2\/posts"}],"about":[{"href":"https:\/\/portalfloresnoar.com\/floresnoar\/wp-json\/wp\/v2\/types\/post"}],"author":[{"embeddable":true,"href":"https:\/\/portalfloresnoar.com\/floresnoar\/wp-json\/wp\/v2\/users\/1"}],"replies":[{"embeddable":true,"href":"https:\/\/portalfloresnoar.com\/floresnoar\/wp-json\/wp\/v2\/comments?post=42700"}],"version-history":[{"count":0,"href":"https:\/\/portalfloresnoar.com\/floresnoar\/wp-json\/wp\/v2\/posts\/42700\/revisions"}],"wp:featuredmedia":[{"embeddable":true,"href":"https:\/\/portalfloresnoar.com\/floresnoar\/wp-json\/wp\/v2\/media\/42703"}],"wp:attachment":[{"href":"https:\/\/portalfloresnoar.com\/floresnoar\/wp-json\/wp\/v2\/media?parent=42700"}],"wp:term":[{"taxonomy":"category","embeddable":true,"href":"https:\/\/portalfloresnoar.com\/floresnoar\/wp-json\/wp\/v2\/categories?post=42700"},{"taxonomy":"post_tag","embeddable":true,"href":"https:\/\/portalfloresnoar.com\/floresnoar\/wp-json\/wp\/v2\/tags?post=42700"}],"curies":[{"name":"wp","href":"https:\/\/api.w.org\/{rel}","templated":true}]}}