

{"id":42663,"date":"2022-12-17T10:18:38","date_gmt":"2022-12-17T13:18:38","guid":{"rendered":"http:\/\/portalfloresnoar.com\/floresnoar\/?p=42663"},"modified":"2022-12-17T10:18:38","modified_gmt":"2022-12-17T13:18:38","slug":"canto-de-lu-povoadas-somos","status":"publish","type":"post","link":"https:\/\/portalfloresnoar.com\/floresnoar\/canto-de-lu-povoadas-somos\/","title":{"rendered":"[CANTO DE LU] Povoadas somos!"},"content":{"rendered":"<figure id=\"attachment_42666\" aria-describedby=\"caption-attachment-42666\" style=\"width: 594px\" class=\"wp-caption aligncenter\"><img decoding=\"async\" loading=\"lazy\" class=\"wp-image-42666\" src=\"http:\/\/portalfloresnoar.com\/floresnoar\/wp-content\/uploads\/2022\/12\/performance-Su\u00e7uaranas-foto-Joao-Claudiano-700x382.jpeg\" alt=\"\" width=\"594\" height=\"324\" srcset=\"https:\/\/portalfloresnoar.com\/floresnoar\/wp-content\/uploads\/2022\/12\/performance-Su\u00e7uaranas-foto-Joao-Claudiano-700x382.jpeg 700w, https:\/\/portalfloresnoar.com\/floresnoar\/wp-content\/uploads\/2022\/12\/performance-Su\u00e7uaranas-foto-Joao-Claudiano-300x164.jpeg 300w, https:\/\/portalfloresnoar.com\/floresnoar\/wp-content\/uploads\/2022\/12\/performance-Su\u00e7uaranas-foto-Joao-Claudiano-768x419.jpeg 768w, https:\/\/portalfloresnoar.com\/floresnoar\/wp-content\/uploads\/2022\/12\/performance-Su\u00e7uaranas-foto-Joao-Claudiano.jpeg 1316w\" sizes=\"(max-width: 594px) 100vw, 594px\" \/><figcaption id=\"caption-attachment-42666\" class=\"wp-caption-text\">&#8216;Su\u00e7uaranas&#8217;, na Mostra de Artes C\u00eanicas &#8216;A Porta Aberta&#8217;, realizada pela no Teatro \u00c1guas do Capibaribe, da Escola Municipal de Arte Jo\u00e3o Pernambuco. Foto: Jo\u00e3o Claudiano\/ Flores no Ar<\/figcaption><\/figure>\n<p>| <em>Por Lu Rabelo*<\/em> |<\/p>\n<p>Movida estou com a performance &#8216;Su\u00e7uaranas &#8211; mulheres em fuga&#8217;, que assisti no dia 14\/12\/2022, na &#8216;Mostra de Artes C\u00eanicas A Porta Aberta&#8217;, na Escola Municipal de Arte Jo\u00e3o Pernambuco, no Recife.<\/p>\n<p>Beleza e Fortaleza. Fogo, Terra, Dan\u00e7a e Grito.<br \/>\nQuando a fuga \u00e9 coragem, livramento, salva\u00e7\u00e3o, renascimento.<br \/>\nE a irmandade sustento!<\/p>\n<p>Povoadas somos!<\/p>\n<p>A performance &#8216;Su\u00e7uaranas &#8211; mulheres em fuga&#8217; \u00e9 um experimento-culmin\u00e2ncia da viv\u00eancia &#8216;CorpoLuz &#8211; Semente de Cria\u00e7\u00e3o&#8217;, projeto impulsionado pela artista Natalie Revor\u00eado\u00a0<a href=\"https:\/\/www.instagram.com\/natalierevoredo\/\">@natalierevoredo<\/a>. O projeto, que contou com o incentivo do Funcultura\/PE, reuniu v\u00e1rias mulheres, que caminharam juntas durante um m\u00eas, no mergulho e costura da trama que pode ser vista\/sentida em &#8216;Su\u00e7uaranas&#8217;.<\/p>\n<p>Recentemente, estive numa encruzilhada, onde achava que se sa\u00edsse daquela situa\u00e7\u00e3o estaria fugindo. Me convenci que precisaria encarar aqueles tantos desafios que vivenciava. Ultrapassei meus limites. E adoeci.<\/p>\n<p>Foi ent\u00e3o que, pra sobreviver, me pus em retirada. Ap\u00f3s a fuga, renasci, ferida. Sigo reintegrando as partes de mim perdidas. Sa\u00ed da experi\u00eancia mais forte, mais \u00edntegra. E agrade\u00e7o os aprendizados, apesar das tantas dores.<\/p>\n<p>Presenciar \u2018Su\u00e7uaranas\u2019 me confirmou que sempre que algo fere as nossas almas, podemos, e devemos, procurar uma sa\u00edda, nos p\u00f4r em disparada.<\/p>\n<p><em>* Lu Rabelo \u00e9\u00a0<a href=\"https:\/\/www.instagram.com\/canto.de.lu\" target=\"_blank\" rel=\"noopener\">cantadeira<\/a><a href=\"https:\/\/www.facebook.com\/cantodelu7\/\" target=\"_blank\" rel=\"noopener noreferrer\">,<\/a>\u00a0arteterapeuta, herbalista, jornalista e guardi\u00e3 do\u00a0<a href=\"http:\/\/portalfloresnoar.com\/\" target=\"_blank\" rel=\"noopener noreferrer\">Portal Flores no Ar<\/a>.\u00a0<\/em><\/p>\n","protected":false},"excerpt":{"rendered":"<p>| Por Lu Rabelo* | Movida estou com a performance &#8216;Su\u00e7uaranas &#8211; mulheres em fuga&#8217;, que assisti no dia 14\/12\/2022, na &#8216;Mostra de Artes C\u00eanicas A Porta Aberta&#8217;, na Escola Municipal de Arte Jo\u00e3o Pernambuco, no Recife. Beleza e Fortaleza. Fogo, Terra, Dan\u00e7a e Grito. Quando a fuga \u00e9 coragem, livramento, salva\u00e7\u00e3o, renascimento. E a [&hellip;]<\/p>\n","protected":false},"author":1,"featured_media":42665,"comment_status":"open","ping_status":"open","sticky":false,"template":"","format":"standard","meta":{"om_disable_all_campaigns":false,"_monsterinsights_skip_tracking":false,"_monsterinsights_sitenote_active":false,"_monsterinsights_sitenote_note":"","_monsterinsights_sitenote_category":0,"footnotes":""},"categories":[227,220],"tags":[657,1071,19,591,59,64],"acf":[],"publishpress_future_action":{"enabled":false,"date":"1969-12-31 21:00:00","action":"","terms":[],"taxonomy":"","browser_timezone_offset":0},"_links":{"self":[{"href":"https:\/\/portalfloresnoar.com\/floresnoar\/wp-json\/wp\/v2\/posts\/42663"}],"collection":[{"href":"https:\/\/portalfloresnoar.com\/floresnoar\/wp-json\/wp\/v2\/posts"}],"about":[{"href":"https:\/\/portalfloresnoar.com\/floresnoar\/wp-json\/wp\/v2\/types\/post"}],"author":[{"embeddable":true,"href":"https:\/\/portalfloresnoar.com\/floresnoar\/wp-json\/wp\/v2\/users\/1"}],"replies":[{"embeddable":true,"href":"https:\/\/portalfloresnoar.com\/floresnoar\/wp-json\/wp\/v2\/comments?post=42663"}],"version-history":[{"count":0,"href":"https:\/\/portalfloresnoar.com\/floresnoar\/wp-json\/wp\/v2\/posts\/42663\/revisions"}],"wp:featuredmedia":[{"embeddable":true,"href":"https:\/\/portalfloresnoar.com\/floresnoar\/wp-json\/wp\/v2\/media\/42665"}],"wp:attachment":[{"href":"https:\/\/portalfloresnoar.com\/floresnoar\/wp-json\/wp\/v2\/media?parent=42663"}],"wp:term":[{"taxonomy":"category","embeddable":true,"href":"https:\/\/portalfloresnoar.com\/floresnoar\/wp-json\/wp\/v2\/categories?post=42663"},{"taxonomy":"post_tag","embeddable":true,"href":"https:\/\/portalfloresnoar.com\/floresnoar\/wp-json\/wp\/v2\/tags?post=42663"}],"curies":[{"name":"wp","href":"https:\/\/api.w.org\/{rel}","templated":true}]}}