

{"id":42619,"date":"2022-12-07T15:39:59","date_gmt":"2022-12-07T18:39:59","guid":{"rendered":"http:\/\/portalfloresnoar.com\/floresnoar\/?p=42619"},"modified":"2023-02-09T18:44:37","modified_gmt":"2023-02-09T21:44:37","slug":"artigo-sobre-o-horario-de-verao","status":"publish","type":"post","link":"https:\/\/portalfloresnoar.com\/floresnoar\/artigo-sobre-o-horario-de-verao\/","title":{"rendered":"[COLUNA DO SCALAMBRINI] Sobre o &#8216;Hor\u00e1rio de Ver\u00e3o&#8217;"},"content":{"rendered":"<p>| <em>Por Heitor Scalambrini Costa*<\/em> |<\/p>\n<p>O Hor\u00e1rio de Ver\u00e3o foi institu\u00eddo pela primeira vez no Brasil em 3 de outubro de 1931, e durou at\u00e9 31 de mar\u00e7o de 1932. No ver\u00e3o seguinte foi reeditada a medida, com a mesma dura\u00e7\u00e3o da vers\u00e3o anterior. Depois disso, adiantar o hor\u00e1rio no pa\u00eds em 1 hora, ocorreu em per\u00edodos n\u00e3o consecutivos, nos anos de 1949 at\u00e9 1953, de 1963 a 1968. Nos tempos atuais, de 1985 a 2018. Em abril de 2019, decreto presidencial encerrou o ciclo do hor\u00e1rio de ver\u00e3o.<\/p>\n<p>Segundo o Operador Nacional do Sistema El\u00e9trico (ONS), &#8220;o Hor\u00e1rio de Ver\u00e3o tem como objetivo principal a redu\u00e7\u00e3o da demanda m\u00e1xima do Sistema Interligado Nacional (SIN) no per\u00edodo de ponta. Isso \u00e9 poss\u00edvel, pelo fato da parcela de carga referente \u00e0 ilumina\u00e7\u00e3o ser acionada mais tarde, que normalmente o seria, motivada pelo adiantamento do hor\u00e1rio brasileiro em 1 hora. O efeito provocado \u00e9 de n\u00e3o haver a coincid\u00eancia da entrada da ilumina\u00e7\u00e3o, com o consumo existente ao longo do dia, do com\u00e9rcio, e da ind\u00fastria, cujo montante se reduz ap\u00f3s as 18 horas&#8221;.<\/p>\n<p>A justificativa para o Hor\u00e1rio de Ver\u00e3o \u00e9 contribuir para reduzir o consumo de energia, com o melhor aproveitamento da luz natural, proporcionando assim uma importante redu\u00e7\u00e3o no consumo de energia el\u00e9trica destinada \u00e0 ilumina\u00e7\u00e3o artificial. Tamb\u00e9m assim, dilui o hor\u00e1rio de pico, evitando uma sobrecarga do sistema.<\/p>\n<p>Mais recentemente, com elevadas ondas de calor, foi verificado o deslocamento do per\u00edodo de ponta (em m\u00e9dia entre 7 a 9 horas, e 19 a 21 horas), nas regi\u00f5es Sul e Sudeste, maiores consumidores de energia. A ocorr\u00eancia de uma maior demanda foi identificada nas resid\u00eancias pelo acionamento do ar condicionado na metade da tarde. Assim o adiantamento dos rel\u00f3gios passou a n\u00e3o fazer diferen\u00e7a significativa na economia de energia. O que acabou justificando sua interrup\u00e7\u00e3o.<\/p>\n<p>Al\u00e9m da pequena redu\u00e7\u00e3o no consumo de energia, a mudan\u00e7a no hor\u00e1rio funciona bem nas regi\u00f5es distantes da linha do Equador, pois no ver\u00e3o os dias se tornam mais longos e as noites mais curtas. Nas regi\u00f5es pr\u00f3ximas ao Equador, como a maior parte do Brasil, os dias e as noites t\u00eam dura\u00e7\u00e3o igual ao longo do ano, e a implanta\u00e7\u00e3o do Hor\u00e1rio de Ver\u00e3o nesses locais traz pouco ou nenhum proveito.<\/p>\n<p>Outro ponto negativo na ado\u00e7\u00e3o do Hor\u00e1rio de Ver\u00e3o \u00e9 que o adiantamento dos rel\u00f3gios pode trazer malef\u00edcios ao ciclo biol\u00f3gico da popula\u00e7\u00e3o em geral, principalmente nas crian\u00e7as. A consequ\u00eancia imediata \u00e9 o desajuste do rel\u00f3gio biol\u00f3gico. Enquanto o organismo n\u00e3o se adapta ao novo hor\u00e1rio, o indiv\u00edduo se sente mais sonolento e, em decorr\u00eancia disso, aumenta o cansa\u00e7o e a diminui\u00e7\u00e3o da aten\u00e7\u00e3o. O aspecto da seguran\u00e7a \u00e9 recorrente entre as den\u00fancias das mulheres, que se queixam de n\u00e3o se sentirem seguras em sair de casa para trabalhar ainda no escuro.<\/p>\n<p>Cerca de trinta pa\u00edses usam o Hor\u00e1rio de Ver\u00e3o pelo menos em uma regi\u00e3o do seu territ\u00f3rio. Grande parte est\u00e1 localizado no Hemisf\u00e9rio Norte, em altas latitudes, onde o inverno \u00e9 mais rigoroso, com o Sol se pondo muito cedo, e nascendo lentamente durante o dia. No ver\u00e3o, o inverso ocorre. \u00c9 comum o dia ainda estar claro \u00e0s 20 ou at\u00e9 \u00e0s 22 horas. Por isso, nesses lugares o Hor\u00e1rio de Ver\u00e3o faz uma grande diferen\u00e7a.<\/p>\n<p>No caso do Nordeste brasileiro, inserido entre as latitudes de 0<b>\u00b0<\/b> a 15<b>\u00b0<\/b>, pr\u00f3ximo ao Equador, a dura\u00e7\u00e3o dos dias e das noites n\u00e3o sofre grandes altera\u00e7\u00f5es significativas ao longo do ano. Este fato torna as poss\u00edveis redu\u00e7\u00f5es no consumo de energia inexpressivas pelo adiantamento do rel\u00f3gio. Assim, \u00e9 dispens\u00e1vel a inclus\u00e3o desta regi\u00e3o, sob o ponto de vista exclusivamente el\u00e9trico.<\/p>\n<p>Outras op\u00e7\u00f5es existem, e com melhores resultados na economia de energia. Por exemplo: a troca do chuveiro el\u00e9trico pelo aquecimento solar da \u00e1gua. \u00c9 conhecido que entre 20% a 40% do consumo residencial \u00e9 devido ao gasto com o chuveiro el\u00e9trico. Caso houvesse pol\u00edticas p\u00fablicas que incentivassem a substitui\u00e7\u00e3o do chuveiro pelos coletores solares planos para aquecimento de \u00e1gua, como j\u00e1 \u00e9 feito largamente em v\u00e1rias partes do mundo, poder\u00edamos ter uma economia total no consumo de energia el\u00e9trica, em torno de 10%. Valores bem mais significativos do que ocorreram com a ado\u00e7\u00e3o do Hor\u00e1rio de Ver\u00e3o nos \u00faltimos anos. E, ademais, o uso do aquecimento de \u00e1gua solar seria cont\u00ednuo, durante todo o ano, e n\u00e3o somente em um curto per\u00edodo.<\/p>\n<p>Existem argumentos favor\u00e1veis \u00e0 ado\u00e7\u00e3o deste novo hor\u00e1rio que visam atender interesses ligados \u00e0 movimenta\u00e7\u00e3o da pr\u00f3pria economia de base, como o turismo, telecomunica\u00e7\u00f5es, avia\u00e7\u00e3o comercial, transa\u00e7\u00f5es banc\u00e1rias, entre outras. Todavia estes interesses n\u00e3o s\u00e3o explicitados para a popula\u00e7\u00e3o. N\u00e3o existem estudos conclusivos que de fato demonstrem os preju\u00edzos financeiros a estes setores, causados pela n\u00e3o ado\u00e7\u00e3o desta modifica\u00e7\u00e3o no hor\u00e1rio oficial.<\/p>\n<p>Na minha opini\u00e3o, mudan\u00e7as de tal ordem, afetando milh\u00f5es de pessoas, deveriam ser discutidas mais amplamente e n\u00e3o ficarem restritas a decis\u00f5es de tecnocratas que desconhecem a import\u00e2ncia de incluir a popula\u00e7\u00e3o nas decis\u00f5es que afetem toda a coletividade. Democratiza\u00e7\u00e3o da pol\u00edtica energ\u00e9tica, J\u00c1.<\/p>\n<p><em>* Heitor Scalambrini Costa \u00e9 Doutor em Energ\u00e9tica, professor aposentado da Universidade Federal de Pernambuco.<\/em><\/p>\n","protected":false},"excerpt":{"rendered":"<p>| Por Heitor Scalambrini Costa* | O Hor\u00e1rio de Ver\u00e3o foi institu\u00eddo pela primeira vez no Brasil em 3 de outubro de 1931, e durou at\u00e9 31 de mar\u00e7o de 1932. No ver\u00e3o seguinte foi reeditada a medida, com a mesma dura\u00e7\u00e3o da vers\u00e3o anterior. Depois disso, adiantar o hor\u00e1rio no pa\u00eds em 1 hora, [&hellip;]<\/p>\n","protected":false},"author":1,"featured_media":42622,"comment_status":"open","ping_status":"open","sticky":false,"template":"","format":"standard","meta":{"om_disable_all_campaigns":false,"_monsterinsights_skip_tracking":false,"_monsterinsights_sitenote_active":false,"_monsterinsights_sitenote_note":"","_monsterinsights_sitenote_category":0,"footnotes":""},"categories":[1289,220],"tags":[499,106,1243],"acf":[],"publishpress_future_action":{"enabled":false,"date":"1969-12-31 21:00:00","action":"","terms":[],"taxonomy":"","browser_timezone_offset":0},"_links":{"self":[{"href":"https:\/\/portalfloresnoar.com\/floresnoar\/wp-json\/wp\/v2\/posts\/42619"}],"collection":[{"href":"https:\/\/portalfloresnoar.com\/floresnoar\/wp-json\/wp\/v2\/posts"}],"about":[{"href":"https:\/\/portalfloresnoar.com\/floresnoar\/wp-json\/wp\/v2\/types\/post"}],"author":[{"embeddable":true,"href":"https:\/\/portalfloresnoar.com\/floresnoar\/wp-json\/wp\/v2\/users\/1"}],"replies":[{"embeddable":true,"href":"https:\/\/portalfloresnoar.com\/floresnoar\/wp-json\/wp\/v2\/comments?post=42619"}],"version-history":[{"count":0,"href":"https:\/\/portalfloresnoar.com\/floresnoar\/wp-json\/wp\/v2\/posts\/42619\/revisions"}],"wp:featuredmedia":[{"embeddable":true,"href":"https:\/\/portalfloresnoar.com\/floresnoar\/wp-json\/wp\/v2\/media\/42622"}],"wp:attachment":[{"href":"https:\/\/portalfloresnoar.com\/floresnoar\/wp-json\/wp\/v2\/media?parent=42619"}],"wp:term":[{"taxonomy":"category","embeddable":true,"href":"https:\/\/portalfloresnoar.com\/floresnoar\/wp-json\/wp\/v2\/categories?post=42619"},{"taxonomy":"post_tag","embeddable":true,"href":"https:\/\/portalfloresnoar.com\/floresnoar\/wp-json\/wp\/v2\/tags?post=42619"}],"curies":[{"name":"wp","href":"https:\/\/api.w.org\/{rel}","templated":true}]}}