

{"id":42606,"date":"2022-04-06T09:42:30","date_gmt":"2022-04-06T12:42:30","guid":{"rendered":"http:\/\/portalfloresnoar.com\/floresnoar\/?p=42606"},"modified":"2022-12-12T18:24:21","modified_gmt":"2022-12-12T21:24:21","slug":"agenda-iatec-e-fogo-no-paiol-realizam-o-curso-on-line-assessoria-de-comunicacao-e-midias-digitais-para-artistas","status":"publish","type":"post","link":"https:\/\/portalfloresnoar.com\/floresnoar\/agenda-iatec-e-fogo-no-paiol-realizam-o-curso-on-line-assessoria-de-comunicacao-e-midias-digitais-para-artistas\/","title":{"rendered":"[AGENDA] Iatec e Fogo no Paiol realizam o curso on-line &#8216;Assessoria de Comunica\u00e7\u00e3o e M\u00eddias Digitais para Artistas&#8217;"},"content":{"rendered":"<p><img decoding=\"async\" loading=\"lazy\" class=\"aligncenter wp-image-42610\" src=\"http:\/\/portalfloresnoar.com\/floresnoar\/wp-content\/uploads\/2022\/12\/midias-sociais-para-artistas-1-700x518.jpeg\" alt=\"\" width=\"589\" height=\"436\" srcset=\"https:\/\/portalfloresnoar.com\/floresnoar\/wp-content\/uploads\/2022\/12\/midias-sociais-para-artistas-1-700x518.jpeg 700w, https:\/\/portalfloresnoar.com\/floresnoar\/wp-content\/uploads\/2022\/12\/midias-sociais-para-artistas-1-300x222.jpeg 300w, https:\/\/portalfloresnoar.com\/floresnoar\/wp-content\/uploads\/2022\/12\/midias-sociais-para-artistas-1.jpeg 720w\" sizes=\"(max-width: 589px) 100vw, 589px\" \/><\/p>\n<p>O <a href=\"https:\/\/iatec.com.br\/\" target=\"_blank\" rel=\"noopener\">Instituto de Artes e T\u00e9cnicas em Comunica\u00e7\u00e3o (Iatec)<\/a> e o <a href=\"https:\/\/www.fogonopaiol.com.br\/\" target=\"_blank\" rel=\"noopener\">Fogo no Paiol Music Hub<\/a>\u00a0est\u00e3o lan\u00e7ando o curso &#8216;Assessoria de Comunica\u00e7\u00e3o e M\u00eddias Digitais para Artistas&#8217;. As aulas ser\u00e3o on-line nos dias 6, 8, 12, 13 e 15 de dezembro, das 19h \u00e0s 22h30.<\/p>\n<p>O curso \u00e9 direcionado para artistas, selos, produtores e profissionais de comunica\u00e7\u00e3o e marketing. Os alunos ter\u00e3o acesso a um grupo exclusivo no WhatsApp, \u00e0s aulas gravadas pelo per\u00edodo de 60 dias do t\u00e9rmino dos encontros e receber\u00e3o Certificado Digital do Iatec.<\/p>\n<p><em><strong>PROGRAMA DO CURSO (15 horas\/aula)<\/strong><\/em><\/p>\n<p><strong>Aula 01<\/strong><br \/>\nIdentidade e Posicionamento Art\u00edstico<br \/>\nImagem que conduz e vende mais<\/p>\n<p><strong>Aula 02<\/strong><br \/>\nRedes Sociais e Estrat\u00e9gias de cria\u00e7\u00e3o de conte\u00fado<\/p>\n<p><strong>Aula 03<\/strong><br \/>\nAssessoria de Comunica\u00e7\u00e3o e novos canais de divulga\u00e7\u00e3o.<br \/>\nPresen\u00e7a social nas Plataformas de M\u00fasica.<\/p>\n<p><strong>Aula 04<\/strong><br \/>\nM\u00eddia 1 \u2013 Conhecendo o P\u00fablico e primeiros an\u00fancios<\/p>\n<p><strong>Aula 05<\/strong><br \/>\nM\u00eddia 2 &#8211; Aprimore seu alcance e alastre sua m\u00fasica<\/p>\n<p><em><strong>SOBRE OS PROFESSORES<\/strong><\/em><\/p>\n<p><strong>K\u00c9LITA MYRA<\/strong> (<a href=\"https:\/\/www.instagram.com\/kelita.myra\/\" target=\"_blank\" rel=\"noopener\">@kelita.myra<\/a> <a href=\"https:\/\/www.instagram.com\/fogonopaiol\/\" target=\"_blank\" rel=\"noopener\">@fogonopaiol<\/a>)<br \/>\nJornalista e profissional de Marketing h\u00e1 20 anos, \u00e9 diretora da empresa Fogo no Paiol<br \/>\nMusic Hub, com seu formato exclusivo de Gest\u00e3o de Comunica\u00e7\u00e3o para Artistas e Neg\u00f3cios da M\u00fasica, reunindo Assessoria de Imprensa, Marketing Digital e Consultoria para Plataformas de Streaming. K\u00e9lita Myra atuou como rep\u00f3rter e produtora de conte\u00fado em reda\u00e7\u00f5es da Editora Abril e Infoglobo e esteve \u00e0 frente de Planos de Comunica\u00e7\u00e3o para as gravadoras Deckdisc e Universal Music Brasil, trabalhando diretamente com artistas como Marcelo D2, Pitty, Seu Jorge, Nando Reis, Caetano Veloso, Ivete Sangalo, Zeca Pagodinho, Maria Rita, Melim, Anavitoria, Matheus e Kauan, Justin Bieber, Demi Lovato, Taylor Swift, Jack Johnson, Lady Gaga, Metallica, The Killers, Imagine Dragons, entre outros.<\/p>\n<p>A empresa FNP Music Hub atua nas \u00e1reas de Marketing &amp; Comunica\u00e7\u00e3o (Consultoria e Servi\u00e7os), Selo; Editora Musical, Cursos; Mentorias e Rela\u00e7\u00f5es P\u00fablicas para o Mercado da M\u00fasica, com clientes como Frejat, Nikita Music Digital, Ney Matogrosso Produ\u00e7\u00f5es, Ubem (Uni\u00e3o Brasileira das Editoras de M\u00fasica), Grupo Rio Scenarium, Sensorial Artes, Associa\u00e7\u00e3o Palcos do Rio, Produtora Divers\u00e3o &amp; Arte, Tim Music, grupo Fuerza Bruta, entre outros artistas e empreendimentos culturais independentes.<\/p>\n<p><strong>RODRIGO AZEVEDO<\/strong> (<a href=\"https:\/\/www.instagram.com\/agenciadonaneia\/\" target=\"_blank\" rel=\"noopener\">@agenciadonaneia<\/a>)<br \/>\nFounder CEO da AG\u00caNCIA DONA N\u00c9IA, professor FIRJAN SESI\/SENAI e Spectaculu, \u00e9 publicit\u00e1rio com Especializa\u00e7\u00e3o em Marketing e Comunica\u00e7\u00e3o e MBA em Intelig\u00eancia de Neg\u00f3cios Digitais. Atua nas \u00e1reas de Marketing, Intelig\u00eancia de Dados e Performance em Ads para diversas empresas, entre gravadoras e produtoras, tendo entre seus clientes nomes como Frejat, Luisa Sonza, Cleo Pires, King T\u00e1 no Som, Paulinha Abelha, entre outros.<\/p>\n<p>SERVI\u00c7O<br \/>\n<strong>Assessoria de Comunica\u00e7\u00e3o e M\u00eddias Digitais para Artistas<\/strong><br \/>\n<strong>Datas das aulas:\u00a0<\/strong> 06, 08, 12, 13 e 15 de dezembro de 2022<br \/>\n<strong>Hor\u00e1rio:<\/strong> 19h \u00e0s 22h30<br \/>\n<strong>Local:<\/strong> On-line<br \/>\n<strong>Investimento:<\/strong> 12x R$ 59,88 ou R$ 600,00 \u00e0 vista. N\u00e3o haver\u00e1 jogo do Brasil<br \/>\nnestas datas.<br \/>\n<strong>Inscri\u00e7\u00f5es:<\/strong> <a href=\"https:\/\/iatec.com.br\/cursos\/midias-digitais\/\" target=\"_blank\" rel=\"noopener\">https:\/\/iatec.com.br\/cursos\/midias-digitais\/<\/a><\/p>\n<p>MAIS INFORMA\u00c7\u00d5ES:<br \/>\nK\u00e9lita Myra &#8211; Tel: (+55 21) 9.9151.6770<br \/>\nE-mail: kelita.myra@fogonopaiol.com.br<br \/>\nInstagram: <a href=\"https:\/\/www.instagram.com\/fogonopaiol\/\" target=\"_blank\" rel=\"noopener\">@fogonopaiol<\/a><\/p>\n<p>Mario Carvalho &#8211; Tel: (+5521) 99437-8199<br \/>\nE-mail: pr@fogonopaiol.com.br<\/p>\n","protected":false},"excerpt":{"rendered":"<p>O Instituto de Artes e T\u00e9cnicas em Comunica\u00e7\u00e3o (Iatec) e o Fogo no Paiol Music Hub\u00a0est\u00e3o lan\u00e7ando o curso &#8216;Assessoria de Comunica\u00e7\u00e3o e M\u00eddias Digitais para Artistas&#8217;. As aulas ser\u00e3o on-line nos dias 6, 8, 12, 13 e 15 de dezembro, das 19h \u00e0s 22h30. O curso \u00e9 direcionado para artistas, selos, produtores e profissionais [&hellip;]<\/p>\n","protected":false},"author":1,"featured_media":42611,"comment_status":"open","ping_status":"open","sticky":false,"template":"","format":"standard","meta":{"om_disable_all_campaigns":false,"_monsterinsights_skip_tracking":false,"_monsterinsights_sitenote_active":false,"_monsterinsights_sitenote_note":"","_monsterinsights_sitenote_category":0,"footnotes":""},"categories":[8,280],"tags":[164,1262,49,505,31],"acf":[],"publishpress_future_action":{"enabled":false,"date":"1969-12-31 21:00:00","action":"","terms":[],"taxonomy":"","browser_timezone_offset":0},"_links":{"self":[{"href":"https:\/\/portalfloresnoar.com\/floresnoar\/wp-json\/wp\/v2\/posts\/42606"}],"collection":[{"href":"https:\/\/portalfloresnoar.com\/floresnoar\/wp-json\/wp\/v2\/posts"}],"about":[{"href":"https:\/\/portalfloresnoar.com\/floresnoar\/wp-json\/wp\/v2\/types\/post"}],"author":[{"embeddable":true,"href":"https:\/\/portalfloresnoar.com\/floresnoar\/wp-json\/wp\/v2\/users\/1"}],"replies":[{"embeddable":true,"href":"https:\/\/portalfloresnoar.com\/floresnoar\/wp-json\/wp\/v2\/comments?post=42606"}],"version-history":[{"count":0,"href":"https:\/\/portalfloresnoar.com\/floresnoar\/wp-json\/wp\/v2\/posts\/42606\/revisions"}],"wp:featuredmedia":[{"embeddable":true,"href":"https:\/\/portalfloresnoar.com\/floresnoar\/wp-json\/wp\/v2\/media\/42611"}],"wp:attachment":[{"href":"https:\/\/portalfloresnoar.com\/floresnoar\/wp-json\/wp\/v2\/media?parent=42606"}],"wp:term":[{"taxonomy":"category","embeddable":true,"href":"https:\/\/portalfloresnoar.com\/floresnoar\/wp-json\/wp\/v2\/categories?post=42606"},{"taxonomy":"post_tag","embeddable":true,"href":"https:\/\/portalfloresnoar.com\/floresnoar\/wp-json\/wp\/v2\/tags?post=42606"}],"curies":[{"name":"wp","href":"https:\/\/api.w.org\/{rel}","templated":true}]}}