

{"id":42604,"date":"2023-01-07T16:51:12","date_gmt":"2023-01-07T19:51:12","guid":{"rendered":"http:\/\/portalfloresnoar.com\/floresnoar\/?p=42604"},"modified":"2023-10-10T09:14:01","modified_gmt":"2023-10-10T12:14:01","slug":"espaco-gerar-lanca-o-projeto-gerar-nas-empresas","status":"publish","type":"post","link":"https:\/\/portalfloresnoar.com\/floresnoar\/espaco-gerar-lanca-o-projeto-gerar-nas-empresas\/","title":{"rendered":"Espa\u00e7o Gerar lan\u00e7a o projeto &#8216;Gerar nas Empresas&#8217;"},"content":{"rendered":"<p><img decoding=\"async\" loading=\"lazy\" class=\" wp-image-44247 alignleft\" src=\"https:\/\/portalfloresnoar.com\/floresnoar\/wp-content\/uploads\/2023\/01\/terapias-no-recife.jpg\" alt=\"\" width=\"385\" height=\"513\" srcset=\"https:\/\/portalfloresnoar.com\/floresnoar\/wp-content\/uploads\/2023\/01\/terapias-no-recife.jpg 500w, https:\/\/portalfloresnoar.com\/floresnoar\/wp-content\/uploads\/2023\/01\/terapias-no-recife-225x300.jpg 225w\" sizes=\"(max-width: 385px) 100vw, 385px\" \/>Cada vez mais as empresas est\u00e3o investindo no autodesenvolvimento e no bem-estar dos seus colaboradores, partindo da compreens\u00e3o de que um profissional que procura se conhecer estar\u00e1 mais focado, mais determinado em superar seus limites e conhecedor de suas habilidades e compet\u00eancias e, dessa forma, mais satisfeito e adaptado em seu ambiente de trabalho, gerando para si e para a empresa, excelentes resultados. Pensando nisso, o\u00a0<a href=\"http:\/\/portalfloresnoar.com\/floresnoar\/referencia-em-saude-mental-espaco-gerar-oferece-diversas-abordagens-terapeuticas-no-recife\/\" target=\"_blank\" rel=\"noopener\">Gerar Arteterapia e Bem-Estar<\/a>\u00a0est\u00e1 lan\u00e7ando neste final de ano o projeto &#8216;Gerar nas Empresas&#8217;, com o objetivo de promover sa\u00fade e bem-estar\u00a0aos funcion\u00e1rios e seus familiares.<\/p>\n<p>&#8220;Uma empresa que entende que, para ter sucesso em seu segmento, deve proporcionar ao seu colaborador condi\u00e7\u00f5es adequadas ao ambiente de trabalho, onde todos possam se beneficiar, \u00e9 uma institui\u00e7\u00e3o que se compromete com as vidas humanas que est\u00e3o a seu servi\u00e7o&#8221;, ressaltam as gestoras do Gerar,\u00a0Fabiana Guimar\u00e3es Josefina Campos\u00a0 e Patr\u00edcia Mello, acrescentando que o\u00a0projeto Gerar nas Empresas visa promover uma conex\u00e3o entre a complexidade do ambiente de trabalho e a sa\u00fade integral do profissional, aliando bem-estar com a rotina de trabalho, e, assim, ter colaboradores com mentes mais tranquilas e capazes.<\/p>\n<p>Refer\u00eancia regional em Sa\u00fade Mental, o Espa\u00e7o Gerar Arteterapia e Bem-Estar atua h\u00e1 18 anos no Recife, promovendo sa\u00fade e bem-estar, atrav\u00e9s do oferecimento de diversas abordagens terap\u00eauticas\u00a0em Psicologia (Psicologia Junguiana, Bioenerg\u00e9tica, Gestalt e TCC), Arteterapia e Pr\u00e1ticas Integrativas, como Yoga, Reiki, Hipnoterapia, Aromaterapia, Terapia Floral, Agroecologia, entre outras.<\/p>\n<p>SERVI\u00c7OS OFERECIDOS NA PARCERIA COM AS EMPRESAS:<br \/>\n\u00b7 Atendimentos terap\u00eauticos individuais e\/ou em grupo;<br \/>\n\u00b7 Realiza\u00e7\u00e3o de Viv\u00eancias Grupais em Autocuidado e Arteterapia (no ambiente Gerar ou no ambiente da empresa);<br \/>\n\u00b7 Realiza\u00e7\u00e3o de Rodas de Di\u00e1logos;<br \/>\n. Oficinas e Workshops;<br \/>\n\u00b7 Consultoria em Desenvolvimento Humano;<br \/>\n&#8211; Integra\u00e7\u00e3o de funcion\u00e1rios;<br \/>\n&#8211; Gest\u00e3o de Conflitos;<br \/>\n&#8211; Desenvolvimento de Equipes (Plano de A\u00e7\u00e3o);<br \/>\n&#8211; Sele\u00e7\u00e3o de Pessoal a partir de entrevistas e processos criativos.<\/p>\n<p>Todas as a\u00e7\u00f5es previstas ser\u00e3o regidas mediante acordo pr\u00e9vio, a partir da formaliza\u00e7\u00e3o da parceria com a empresa. As atividades oferecidas poder\u00e3o acontecer na sede do Gerar ou no ambiente da empresa, conforme acordado previamente com a empresa parceira.<\/p>\n<p><strong>Para mais informa\u00e7\u00f5es, entrar em contato com o Espa\u00e7o Gerar!<\/strong><br \/>\n<strong>Fone\/WhatsApp:<\/strong>\u00a0(81) 99760.6383<br \/>\n<strong>E-mail:<\/strong>\u00a0gerararte@gmail.com<br \/>\n<strong>Instagram:<\/strong>\u00a0<a href=\"https:\/\/www.instagram.com\/gerararteterapia\/\" target=\"_blank\" rel=\"noopener\">@gerararteterapia<\/a><br \/>\n<strong>Endere\u00e7o:<\/strong>\u00a0Rua Luiz Guimar\u00e3es, 253, Po\u00e7o da Panela, Recife\/PE<\/p>\n","protected":false},"excerpt":{"rendered":"<p>Cada vez mais as empresas est\u00e3o investindo no autodesenvolvimento e no bem-estar dos seus colaboradores, partindo da compreens\u00e3o de que um profissional que procura se conhecer estar\u00e1 mais focado, mais determinado em superar seus limites e conhecedor de suas habilidades e compet\u00eancias e, dessa forma, mais satisfeito e adaptado em seu ambiente de trabalho, gerando [&hellip;]<\/p>\n","protected":false},"author":1,"featured_media":44246,"comment_status":"open","ping_status":"open","sticky":false,"template":"","format":"standard","meta":{"om_disable_all_campaigns":false,"_monsterinsights_skip_tracking":false,"_monsterinsights_sitenote_active":false,"_monsterinsights_sitenote_note":"","_monsterinsights_sitenote_category":0,"footnotes":""},"categories":[9],"tags":[136,48,1057,1148],"acf":[],"publishpress_future_action":{"enabled":false,"date":"1969-12-31 21:00:00","action":"","terms":[],"taxonomy":"","browser_timezone_offset":0},"_links":{"self":[{"href":"https:\/\/portalfloresnoar.com\/floresnoar\/wp-json\/wp\/v2\/posts\/42604"}],"collection":[{"href":"https:\/\/portalfloresnoar.com\/floresnoar\/wp-json\/wp\/v2\/posts"}],"about":[{"href":"https:\/\/portalfloresnoar.com\/floresnoar\/wp-json\/wp\/v2\/types\/post"}],"author":[{"embeddable":true,"href":"https:\/\/portalfloresnoar.com\/floresnoar\/wp-json\/wp\/v2\/users\/1"}],"replies":[{"embeddable":true,"href":"https:\/\/portalfloresnoar.com\/floresnoar\/wp-json\/wp\/v2\/comments?post=42604"}],"version-history":[{"count":2,"href":"https:\/\/portalfloresnoar.com\/floresnoar\/wp-json\/wp\/v2\/posts\/42604\/revisions"}],"predecessor-version":[{"id":44248,"href":"https:\/\/portalfloresnoar.com\/floresnoar\/wp-json\/wp\/v2\/posts\/42604\/revisions\/44248"}],"wp:featuredmedia":[{"embeddable":true,"href":"https:\/\/portalfloresnoar.com\/floresnoar\/wp-json\/wp\/v2\/media\/44246"}],"wp:attachment":[{"href":"https:\/\/portalfloresnoar.com\/floresnoar\/wp-json\/wp\/v2\/media?parent=42604"}],"wp:term":[{"taxonomy":"category","embeddable":true,"href":"https:\/\/portalfloresnoar.com\/floresnoar\/wp-json\/wp\/v2\/categories?post=42604"},{"taxonomy":"post_tag","embeddable":true,"href":"https:\/\/portalfloresnoar.com\/floresnoar\/wp-json\/wp\/v2\/tags?post=42604"}],"curies":[{"name":"wp","href":"https:\/\/api.w.org\/{rel}","templated":true}]}}