

{"id":42597,"date":"2022-12-03T10:22:16","date_gmt":"2022-12-03T13:22:16","guid":{"rendered":"http:\/\/portalfloresnoar.com\/floresnoar\/?p=42597"},"modified":"2022-12-03T10:40:59","modified_gmt":"2022-12-03T13:40:59","slug":"documentario-o-que-o-rio-me-falou-narra-a-historia-da-cantora-e-quilombola-cleide-vasconcelos","status":"publish","type":"post","link":"https:\/\/portalfloresnoar.com\/floresnoar\/documentario-o-que-o-rio-me-falou-narra-a-historia-da-cantora-e-quilombola-cleide-vasconcelos\/","title":{"rendered":"Document\u00e1rio &#8216;O que o rio me falou&#8217; narra a hist\u00f3ria da cantora e lideran\u00e7a quilombola Cleide Vasconcelos"},"content":{"rendered":"<p><iframe loading=\"lazy\" title=\"YouTube video player\" src=\"https:\/\/www.youtube.com\/embed\/zbhxwjYjDzY\" width=\"560\" height=\"315\" frameborder=\"0\" allowfullscreen=\"allowfullscreen\"><\/iframe><\/p>\n<p>Est\u00e1 no ar o <a href=\"https:\/\/www.youtube.com\/watch?v=zbhxwjYjDzY\" target=\"_blank\" rel=\"noopener\">document\u00e1rio &#8216;O que o rio me falou&#8217;<\/a>, que narra a hist\u00f3ria de Cleide Vasconcelos, cantora, compositora e s\u00edmbolo de resist\u00eancia do Quilombo do Arapem\u00e3, em Santar\u00e9m, Par\u00e1.<\/p>\n<p>Cleide \u00e9 uma lideran\u00e7a quilombola da regi\u00e3o do baixo Tapaj\u00f3s e a m\u00fasica a acompanha no seu cotidiano, tornando-se uma ferramenta importante na luta por seu territ\u00f3rio e nas rela\u00e7\u00f5es que constr\u00f3i junto \u00e0 sua fam\u00edlia e com o movimento social.<\/p>\n<p>O filme foi dirigido por <a href=\"https:\/\/www.instagram.com\/liamalxr\/\" target=\"_blank\" rel=\"noopener\">Lia Malcher<\/a> e produzido pela <a href=\"https:\/\/www.instagram.com\/formigadefogo.filmes\/\" target=\"_blank\" rel=\"noopener\">Formiga de Fogo Filmes<\/a>, em parceria com a <a href=\"https:\/\/fase.org.br\/pt\/\" target=\"_blank\" rel=\"noopener\">FASE Amaz\u00f4nia<\/a>, dentre outras organiza\u00e7\u00f5es.<\/p>\n","protected":false},"excerpt":{"rendered":"<p>Est\u00e1 no ar o document\u00e1rio &#8216;O que o rio me falou&#8217;, que narra a hist\u00f3ria de Cleide Vasconcelos, cantora, compositora e s\u00edmbolo de resist\u00eancia do Quilombo do Arapem\u00e3, em Santar\u00e9m, Par\u00e1. Cleide \u00e9 uma lideran\u00e7a quilombola da regi\u00e3o do baixo Tapaj\u00f3s e a m\u00fasica a acompanha no seu cotidiano, tornando-se uma ferramenta importante na luta [&hellip;]<\/p>\n","protected":false},"author":1,"featured_media":42598,"comment_status":"open","ping_status":"open","sticky":false,"template":"","format":"standard","meta":{"om_disable_all_campaigns":false,"_monsterinsights_skip_tracking":false,"_monsterinsights_sitenote_active":false,"_monsterinsights_sitenote_note":"","_monsterinsights_sitenote_category":0,"footnotes":""},"categories":[14],"tags":[121,123,746,31,1193],"acf":[],"publishpress_future_action":{"enabled":false,"date":"1969-12-31 21:00:00","action":"","terms":[],"taxonomy":"","browser_timezone_offset":0},"_links":{"self":[{"href":"https:\/\/portalfloresnoar.com\/floresnoar\/wp-json\/wp\/v2\/posts\/42597"}],"collection":[{"href":"https:\/\/portalfloresnoar.com\/floresnoar\/wp-json\/wp\/v2\/posts"}],"about":[{"href":"https:\/\/portalfloresnoar.com\/floresnoar\/wp-json\/wp\/v2\/types\/post"}],"author":[{"embeddable":true,"href":"https:\/\/portalfloresnoar.com\/floresnoar\/wp-json\/wp\/v2\/users\/1"}],"replies":[{"embeddable":true,"href":"https:\/\/portalfloresnoar.com\/floresnoar\/wp-json\/wp\/v2\/comments?post=42597"}],"version-history":[{"count":0,"href":"https:\/\/portalfloresnoar.com\/floresnoar\/wp-json\/wp\/v2\/posts\/42597\/revisions"}],"wp:featuredmedia":[{"embeddable":true,"href":"https:\/\/portalfloresnoar.com\/floresnoar\/wp-json\/wp\/v2\/media\/42598"}],"wp:attachment":[{"href":"https:\/\/portalfloresnoar.com\/floresnoar\/wp-json\/wp\/v2\/media?parent=42597"}],"wp:term":[{"taxonomy":"category","embeddable":true,"href":"https:\/\/portalfloresnoar.com\/floresnoar\/wp-json\/wp\/v2\/categories?post=42597"},{"taxonomy":"post_tag","embeddable":true,"href":"https:\/\/portalfloresnoar.com\/floresnoar\/wp-json\/wp\/v2\/tags?post=42597"}],"curies":[{"name":"wp","href":"https:\/\/api.w.org\/{rel}","templated":true}]}}