

{"id":42542,"date":"2022-11-29T21:35:01","date_gmt":"2022-11-30T00:35:01","guid":{"rendered":"http:\/\/portalfloresnoar.com\/floresnoar\/?p=42542"},"modified":"2022-11-29T21:35:01","modified_gmt":"2022-11-30T00:35:01","slug":"ze-de-joana-mae-dizia-que-tinha-uns-parente-caboclo","status":"publish","type":"post","link":"https:\/\/portalfloresnoar.com\/floresnoar\/ze-de-joana-mae-dizia-que-tinha-uns-parente-caboclo\/","title":{"rendered":"[Z\u00c9 DE JOANA] &#8220;M\u00e3e dizia que tinha uns parente caboclo!&#8221;"},"content":{"rendered":"<p><img decoding=\"async\" loading=\"lazy\" class=\"wp-image-42543 size-large aligncenter\" src=\"http:\/\/portalfloresnoar.com\/floresnoar\/wp-content\/uploads\/2022\/11\/joana-luiza-de-jesus-da-serra-do-arapu\u00e1-529x700.jpg\" alt=\"\" width=\"529\" height=\"700\" srcset=\"https:\/\/portalfloresnoar.com\/floresnoar\/wp-content\/uploads\/2022\/11\/joana-luiza-de-jesus-da-serra-do-arapu\u00e1-529x700.jpg 529w, https:\/\/portalfloresnoar.com\/floresnoar\/wp-content\/uploads\/2022\/11\/joana-luiza-de-jesus-da-serra-do-arapu\u00e1-227x300.jpg 227w, https:\/\/portalfloresnoar.com\/floresnoar\/wp-content\/uploads\/2022\/11\/joana-luiza-de-jesus-da-serra-do-arapu\u00e1-768x1016.jpg 768w, https:\/\/portalfloresnoar.com\/floresnoar\/wp-content\/uploads\/2022\/11\/joana-luiza-de-jesus-da-serra-do-arapu\u00e1.jpg 1960w\" sizes=\"(max-width: 529px) 100vw, 529px\" \/><\/p>\n<p>| <em>Por Lu Rabelo*<\/em> |<\/p>\n<p>Somente ap\u00f3s mais de dois anos do desencarne de painho \u00e9 que tive a gra\u00e7a de confirmar o que j\u00e1 sentia desde sempre: o meu parentesco bem pr\u00f3ximo com os povos ind\u00edgenas.<\/p>\n<p>Quando, em 2008, atrav\u00e9s dos meninos da produtora Telephone Colorido, ouvi falar do povo Pankar\u00e1, l\u00e1 de Carnaubeira da Penha, senti uma forte conex\u00e3o.<\/p>\n<p>Desde ent\u00e3o vinha tentando arrancar algumas lembran\u00e7as de meu pai sobre a hist\u00f3ria de nossos antepassados daquela regi\u00e3o. Mas painho, como a maioria dos brasileiros, foi v\u00edtima do cruel apagamento cultural.<\/p>\n<p>Joana Luiza de Jesus, minha av\u00f3 paterna, ainda mo\u00e7a, foi morar no vilarejo de Santa Maria (Tupanaci), em Mirandiba, sert\u00e3o do Paje\u00fa pernambucano, onde meu pai nasceu.<\/p>\n<p>Na \u00e2nsia de conseguir pistas, ia perguntando a painho:<br \/>\nEu: &#8211; Desde quando vov\u00f3 fumava cachimbo?<br \/>\nEle: &#8211; Desde menina.<br \/>\nEu: &#8211; Painho, o senhor sabe se vo\u00ednha tinha algum parente ind\u00edgena?<br \/>\nEle: &#8211; M\u00e3e dizia que tinha uns parente caboclo.<\/p>\n<p>(&#8230;) anos depois<\/p>\n<p>Eu: &#8211; Painho, antes de vov\u00f3 ir morar em Santa Maria, onde ela vivia?<br \/>\nEle: &#8211; Uma vez m\u00e3e contou que vendeu umas terras de heran\u00e7a nos p\u00e9s da Serra do Arapu\u00e1.<\/p>\n<p>Pronto. A Serra do Arapu\u00e1 \u00e9 territ\u00f3rio Pankar\u00e1!<\/p>\n<p>Quando vov\u00f3 se encantou, painho me confiou a guarda de uma bolsinha dela, com alguns pertences: facas de cortar fumo, rel\u00f3gio, carteira de identidade, \u00f3culos, fotos 3&#215;4, um tufinho de cabelo, um ter\u00e7o, carteira de trabalho como agricultora e certid\u00e3o de nascimento, onde constam o nome da m\u00e3e dela, minha bisav\u00f3 (Luiza Maria da Concei\u00e7\u00e3o) e dos meus trisav\u00f3s (Raimunda Maria de Jesus e Clementino Pereira da Silva).<\/p>\n<p>O nome do pai da minha av\u00f3 n\u00e3o consta na certid\u00e3o, mas painho me disse que, l\u00e1 pros idos dos anos 40, 50, o conheceu, e que ele morava em Barra do Silva (Carnaubeira), e se chamava Manoel Saturnino do Nascimento, mais conhecido como Pand\u00fa.<\/p>\n<p>Recentemente, com a ajuda de meus Guias, e do amigo Marcelo Freire, que atua na Sa\u00fade Ind\u00edgena, cheguei aos Pand\u00fa, parentes de minha av\u00f3 por parte do pai dela. Entrar em contato com eles foi das maiores alegrias que ja senti nesta vida.<\/p>\n<p>E a conex\u00e3o com os Pankar\u00e1 segue se aprofundando. Pressinto que por parte de minha bisav\u00f3 Lu\u00edza, nossas ra\u00edzes v\u00eam de um quilombo-ind\u00edgena, de l\u00e1 mesmo da Serra do Arapu\u00e1.<\/p>\n<p><em>* Lu Rabelo\u00a0\u00e9 filha de Z\u00e9 de Joana,\u00a0<a href=\"https:\/\/www.facebook.com\/cantadeiralu\" target=\"_blank\" rel=\"noopener\">cantadeira<\/a>,\u00a0<a href=\"https:\/\/www.instagram.com\/jardimarteterapeutico\/\" target=\"_blank\" rel=\"noopener\">arteterapeuta<\/a>, jornalista e editora do Portal Flores no Ar.<\/em><\/p>\n","protected":false},"excerpt":{"rendered":"<p>| Por Lu Rabelo* | Somente ap\u00f3s mais de dois anos do desencarne de painho \u00e9 que tive a gra\u00e7a de confirmar o que j\u00e1 sentia desde sempre: o meu parentesco bem pr\u00f3ximo com os povos ind\u00edgenas. Quando, em 2008, atrav\u00e9s dos meninos da produtora Telephone Colorido, ouvi falar do povo Pankar\u00e1, l\u00e1 de Carnaubeira [&hellip;]<\/p>\n","protected":false},"author":1,"featured_media":42544,"comment_status":"open","ping_status":"open","sticky":false,"template":"","format":"standard","meta":{"om_disable_all_campaigns":false,"_monsterinsights_skip_tracking":false,"_monsterinsights_sitenote_active":false,"_monsterinsights_sitenote_note":"","_monsterinsights_sitenote_category":0,"footnotes":""},"categories":[220,1232],"tags":[1251,19,1194,1249,1248,1250,1246,1048,1247,1235],"acf":[],"publishpress_future_action":{"enabled":false,"date":"1969-12-31 21:00:00","action":"","terms":[],"taxonomy":"","browser_timezone_offset":0},"_links":{"self":[{"href":"https:\/\/portalfloresnoar.com\/floresnoar\/wp-json\/wp\/v2\/posts\/42542"}],"collection":[{"href":"https:\/\/portalfloresnoar.com\/floresnoar\/wp-json\/wp\/v2\/posts"}],"about":[{"href":"https:\/\/portalfloresnoar.com\/floresnoar\/wp-json\/wp\/v2\/types\/post"}],"author":[{"embeddable":true,"href":"https:\/\/portalfloresnoar.com\/floresnoar\/wp-json\/wp\/v2\/users\/1"}],"replies":[{"embeddable":true,"href":"https:\/\/portalfloresnoar.com\/floresnoar\/wp-json\/wp\/v2\/comments?post=42542"}],"version-history":[{"count":0,"href":"https:\/\/portalfloresnoar.com\/floresnoar\/wp-json\/wp\/v2\/posts\/42542\/revisions"}],"wp:featuredmedia":[{"embeddable":true,"href":"https:\/\/portalfloresnoar.com\/floresnoar\/wp-json\/wp\/v2\/media\/42544"}],"wp:attachment":[{"href":"https:\/\/portalfloresnoar.com\/floresnoar\/wp-json\/wp\/v2\/media?parent=42542"}],"wp:term":[{"taxonomy":"category","embeddable":true,"href":"https:\/\/portalfloresnoar.com\/floresnoar\/wp-json\/wp\/v2\/categories?post=42542"},{"taxonomy":"post_tag","embeddable":true,"href":"https:\/\/portalfloresnoar.com\/floresnoar\/wp-json\/wp\/v2\/tags?post=42542"}],"curies":[{"name":"wp","href":"https:\/\/api.w.org\/{rel}","templated":true}]}}