

{"id":42538,"date":"2022-11-30T10:15:16","date_gmt":"2022-11-30T13:15:16","guid":{"rendered":"http:\/\/portalfloresnoar.com\/floresnoar\/?p=42538"},"modified":"2023-02-09T18:58:45","modified_gmt":"2023-02-09T21:58:45","slug":"artigo-desesperanca-em-relacao-as-conferencias-do-clima-da-onu","status":"publish","type":"post","link":"https:\/\/portalfloresnoar.com\/floresnoar\/artigo-desesperanca-em-relacao-as-conferencias-do-clima-da-onu\/","title":{"rendered":"[COLUNA DO SCALAMBRINI] Desesperan\u00e7a em rela\u00e7\u00e3o \u00e0s confer\u00eancias do clima da ONU"},"content":{"rendered":"<p><figure id=\"attachment_42546\" aria-describedby=\"caption-attachment-42546\" style=\"width: 577px\" class=\"wp-caption aligncenter\"><img decoding=\"async\" loading=\"lazy\" class=\"wp-image-42546\" src=\"http:\/\/portalfloresnoar.com\/floresnoar\/wp-content\/uploads\/2022\/11\/no-hay-planeta-b_-licenca-CC-700x517.jpg\" alt=\"\" width=\"577\" height=\"426\" srcset=\"https:\/\/portalfloresnoar.com\/floresnoar\/wp-content\/uploads\/2022\/11\/no-hay-planeta-b_-licenca-CC-700x517.jpg 700w, https:\/\/portalfloresnoar.com\/floresnoar\/wp-content\/uploads\/2022\/11\/no-hay-planeta-b_-licenca-CC-300x221.jpg 300w, https:\/\/portalfloresnoar.com\/floresnoar\/wp-content\/uploads\/2022\/11\/no-hay-planeta-b_-licenca-CC.jpg 745w\" sizes=\"(max-width: 577px) 100vw, 577px\" \/><figcaption id=\"caption-attachment-42546\" class=\"wp-caption-text\">Fonte da imagem: argentina.indymedia.org [Direitos autorais: Attribution-NonCommercial-ShareAlike 4.0 International (CC BY-NC-SA 4.0)]<\/figcaption><\/figure>| <em>Por Heitor Scalambrini Costa*<\/em> |<\/p>\n<p>Um fiasco total. Assim se poderia definir a 27\u00aa Confer\u00eancia do Clima (COP 27), organizada pelas Na\u00e7\u00f5es Unidas, realizada no Egito. Uma das prioridades desta Confer\u00eancia seria a necessidade de agir e transformar as promessas e an\u00fancios feitos nas confer\u00eancias anteriores, em resultados e a\u00e7\u00f5es concretas. Com essa inten\u00e7\u00e3o o lema adotado foi \u201cJuntos para a implementa\u00e7\u00e3o\u201d.<\/p>\n<p>Muitos estavam c\u00e9ticos de que esta reuni\u00e3o, com a participa\u00e7\u00e3o dos mandat\u00e1rios de 196 pa\u00edses, pudesse chegar a resultados promissores na dire\u00e7\u00e3o de conter as emiss\u00f5es de gases de efeito estufa (GEE\u2019s), produzidas pelo tipo de energ\u00e9tico que consumimos e pelas diversas atividades humanas realizadas. Principalmente pelo uso crescente dos combust\u00edveis f\u00f3sseis, o petr\u00f3leo como centro do maior problema atual da humanidade.<\/p>\n<p>Infelizmente os c\u00e9ticos tiveram raz\u00e3o. A ind\u00fastria dos combust\u00edveis f\u00f3sseis venceu mais uma vez, tendo \u00e0 frente a ind\u00fastria petrol\u00edfera. Nada ficou estabelecido em rela\u00e7\u00e3o a um cronograma de redu\u00e7\u00e3o da produ\u00e7\u00e3o\/consumo destes energ\u00e9ticos que contribuem com mais de 75% de todas as emiss\u00f5es de GEE\u2019s.<\/p>\n<p>O documento final, ora em discuss\u00e3o, deixou de fora o ponto essencial para diminuir a crescente emiss\u00e3o de CO2, e assim evitar um aumento da temperatura acordada no Acordo de Paris. A urgent\u00edssima necessidade de reduzir a participa\u00e7\u00e3o dos combust\u00edveis f\u00f3sseis na matriz energ\u00e9tica mundial, ficou de fora, apesar da ci\u00eancia reconhecer os preju\u00edzos causados por estes energ\u00e9ticos, e eleg\u00ea-los como o grande vil\u00e3o do aquecimento global.<\/p>\n<p>Como amplamente anunciado pela imprensa nacional e mundial, os \u201clobistas do petr\u00f3leo\u201d compareceram massivamente nesta confer\u00eancia, batendo os recordes das reuni\u00f5es anteriores. Foram mais de 600 pessoas \u201cinfiltradas\u201d nas diversas delega\u00e7\u00f5es que impediram avan\u00e7os na defini\u00e7\u00e3o de um cronograma, mais que urgente, para a redu\u00e7\u00e3o da produ\u00e7\u00e3o\/consumo do petr\u00f3leo, g\u00e1s e carv\u00e3o.<\/p>\n<p>N\u00e3o tem nenhuma possibilidade de \u00eaxito nas pr\u00f3ximas reuni\u00f5es para discutir o clima, com a presen\u00e7a das grandes empresas de combust\u00edveis f\u00f3sseis. S\u00e3o interesses completamente antag\u00f4nicos, diametralmente opostos aos que est\u00e3o em jogo. A vida e a morte se op\u00f5em neste tabuleiro, em que os interesses econ\u00f4micos est\u00e3o acima de qualquer outro interesse, inclusive da vida em nosso planeta. E o poderio dos \u201clobistas do petr\u00f3leo\u201d acabam dificultando as solu\u00e7\u00f5es adequadas para o tamanho do problema.<\/p>\n<p>O hist\u00f3rico das empresas de combust\u00edveis f\u00f3sseis \u00e9 no m\u00ednimo criminoso. J\u00e1 na d\u00e9cada de 80, do s\u00e9culo passado, propagandeavam mensagens negacionistas em rela\u00e7\u00e3o ao clima. Campanhas de desinforma\u00e7\u00e3o, propaganda e lobby, envolvendo v\u00e1rios bilh\u00f5es de d\u00f3lares, tiveram o objetivo de retardar a\u00e7\u00f5es de enfrentamento, confundindo n\u00e3o s\u00f3 o p\u00fablico em geral, mas tamb\u00e9m os legisladores sobre a crise clim\u00e1tica, suas causas e solu\u00e7\u00f5es. Um \u201cmodus operandi\u201d semelhante ao que a ind\u00fastria tabagista tamb\u00e9m adotou.<\/p>\n<p>Em rela\u00e7\u00e3o \u00e0s promessas n\u00e3o cumpridas, acordadas na COP15 realizada em 2009, em Copenhague, uma delas foi a cria\u00e7\u00e3o de um fundo de US$ 100 bilh\u00f5es. Os pa\u00edses ricos se comprometeram, a partir de 2020, a depositar anualmente esta quantia para financiar as indeniza\u00e7\u00f5es aos pa\u00edses de baixa renda na adapta\u00e7\u00e3o aos efeitos devastadores do clima. Ainda se espera o cumprimento desta promessa, mas nada indica que estes valores ser\u00e3o atingidos. Muito menos o que avalia os ambientalistas, valores na faixa de trilh\u00f5es de d\u00f3lares.<\/p>\n<p>Segundo relat\u00f3rio da ONU, os preju\u00edzos causados pelos eventos clim\u00e1ticos extremos est\u00e3o calculados acima dos US$ 200 bilh\u00f5es, e o que se tem em caixa s\u00e3o US$ 300 milh\u00f5es. Uma proposta da ONU seria a corret\u00edssima cobran\u00e7a de um imposto junto \u00e0s petroleiras, que serviria para indenizar as \u201cperdas e danos\u201d dos pa\u00edses pobres.<\/p>\n<p>Al\u00e9m de banir os lobistas das energias f\u00f3sseis das reuni\u00f5es do clima, de impor um imposto para estas \u201cempresas da morte\u201d; outro ponto fundamental para as pr\u00f3ximas reuni\u00f5es do clima \u00e9 a participa\u00e7\u00e3o da sociedade civil organizada nas reuni\u00f5es e nas decis\u00f5es que oficializam os compromissos assumidos.<\/p>\n<p>O planeta \u00e9 um s\u00f3, e a luta para conter o desastre anunciado \u00e9 de responsabilidade de todos seus habitantes, e n\u00e3o somente dos governos e seus representantes. Assim, acredito que se poderia reduzir em muito o descompasso entre o discurso e a a\u00e7\u00e3o clamada pelos 8 bilh\u00f5es de moradores, caso tais reuni\u00f5es incorporassem os principais atores, N\u00d3S.<\/p>\n<p><em>*Heitor Scalambrini Costa \u00e9 Doutor em Energ\u00e9tica e Professor Aposentado da Universidade Federal de Pernambuco.<\/em><\/p>\n","protected":false},"excerpt":{"rendered":"<p>| Por Heitor Scalambrini Costa* | Um fiasco total. Assim se poderia definir a 27\u00aa Confer\u00eancia do Clima (COP 27), organizada pelas Na\u00e7\u00f5es Unidas, realizada no Egito. Uma das prioridades desta Confer\u00eancia seria a necessidade de agir e transformar as promessas e an\u00fancios feitos nas confer\u00eancias anteriores, em resultados e a\u00e7\u00f5es concretas. Com essa inten\u00e7\u00e3o [&hellip;]<\/p>\n","protected":false},"author":1,"featured_media":42547,"comment_status":"open","ping_status":"open","sticky":false,"template":"","format":"standard","meta":{"om_disable_all_campaigns":false,"_monsterinsights_skip_tracking":false,"_monsterinsights_sitenote_active":false,"_monsterinsights_sitenote_note":"","_monsterinsights_sitenote_category":0,"footnotes":""},"categories":[1289,220],"tags":[1238,106,1252,1253,1254],"acf":[],"publishpress_future_action":{"enabled":false,"date":"1969-12-31 21:00:00","action":"","terms":[],"taxonomy":"","browser_timezone_offset":0},"_links":{"self":[{"href":"https:\/\/portalfloresnoar.com\/floresnoar\/wp-json\/wp\/v2\/posts\/42538"}],"collection":[{"href":"https:\/\/portalfloresnoar.com\/floresnoar\/wp-json\/wp\/v2\/posts"}],"about":[{"href":"https:\/\/portalfloresnoar.com\/floresnoar\/wp-json\/wp\/v2\/types\/post"}],"author":[{"embeddable":true,"href":"https:\/\/portalfloresnoar.com\/floresnoar\/wp-json\/wp\/v2\/users\/1"}],"replies":[{"embeddable":true,"href":"https:\/\/portalfloresnoar.com\/floresnoar\/wp-json\/wp\/v2\/comments?post=42538"}],"version-history":[{"count":0,"href":"https:\/\/portalfloresnoar.com\/floresnoar\/wp-json\/wp\/v2\/posts\/42538\/revisions"}],"wp:featuredmedia":[{"embeddable":true,"href":"https:\/\/portalfloresnoar.com\/floresnoar\/wp-json\/wp\/v2\/media\/42547"}],"wp:attachment":[{"href":"https:\/\/portalfloresnoar.com\/floresnoar\/wp-json\/wp\/v2\/media?parent=42538"}],"wp:term":[{"taxonomy":"category","embeddable":true,"href":"https:\/\/portalfloresnoar.com\/floresnoar\/wp-json\/wp\/v2\/categories?post=42538"},{"taxonomy":"post_tag","embeddable":true,"href":"https:\/\/portalfloresnoar.com\/floresnoar\/wp-json\/wp\/v2\/tags?post=42538"}],"curies":[{"name":"wp","href":"https:\/\/api.w.org\/{rel}","templated":true}]}}