

{"id":42507,"date":"2022-03-10T09:19:45","date_gmt":"2022-03-10T12:19:45","guid":{"rendered":"http:\/\/portalfloresnoar.com\/floresnoar\/?p=42507"},"modified":"2022-12-12T18:37:44","modified_gmt":"2022-12-12T21:37:44","slug":"agenda-vivencias-terapeuticas-on-line-e-gratuitas-para-se-energizar-rumo-a-2023","status":"publish","type":"post","link":"https:\/\/portalfloresnoar.com\/floresnoar\/agenda-vivencias-terapeuticas-on-line-e-gratuitas-para-se-energizar-rumo-a-2023\/","title":{"rendered":"[AGENDA] Viv\u00eancias Terap\u00eauticas on-line e gratuitas para se energizar rumo a 2023"},"content":{"rendered":"<p><img decoding=\"async\" loading=\"lazy\" class=\"aligncenter wp-image-42508 \" src=\"http:\/\/portalfloresnoar.com\/floresnoar\/wp-content\/uploads\/2022\/11\/thetahealing-ano-novo-700x700.jpeg\" alt=\"\" width=\"613\" height=\"613\" srcset=\"https:\/\/portalfloresnoar.com\/floresnoar\/wp-content\/uploads\/2022\/11\/thetahealing-ano-novo-700x700.jpeg 700w, https:\/\/portalfloresnoar.com\/floresnoar\/wp-content\/uploads\/2022\/11\/thetahealing-ano-novo-150x150.jpeg 150w, https:\/\/portalfloresnoar.com\/floresnoar\/wp-content\/uploads\/2022\/11\/thetahealing-ano-novo-300x300.jpeg 300w, https:\/\/portalfloresnoar.com\/floresnoar\/wp-content\/uploads\/2022\/11\/thetahealing-ano-novo-768x768.jpeg 768w, https:\/\/portalfloresnoar.com\/floresnoar\/wp-content\/uploads\/2022\/11\/thetahealing-ano-novo-100x100.jpeg 100w, https:\/\/portalfloresnoar.com\/floresnoar\/wp-content\/uploads\/2022\/11\/thetahealing-ano-novo.jpeg 1080w\" sizes=\"(max-width: 613px) 100vw, 613px\" \/><\/p>\n<p>A terapeuta Jeanne Duarte realiza nos dias 26\/11 e 17\/12 encontros gratuitos on-line, via Zoom, para ativar energias de purifica\u00e7\u00e3o e vitaliza\u00e7\u00e3o para o novo ciclo que se inicia em 2023.<\/p>\n<p>&#8220;Atrav\u00e9s do ThetaHealing, vamos limpar o campo de energia, liberando o que n\u00e3o serve mais, e tamb\u00e9m receber sensa\u00e7\u00f5es\/sentimentos expansivos, em conex\u00e3o com o campo de Cria\u00e7\u00e3o Divina, como abertura para a manifesta\u00e7\u00e3o dos sonhos para 2023&#8221;, explica Jeanne.<\/p>\n<p>O primeiro encontro ser\u00e1 dedicado \u00e0 limpeza emocional\/energ\u00e9tica, dia 26 de novembro. J\u00e1 o segundo evento ser\u00e1 no dia 17 de dezembro, com foco no recebimento de downloads de sentimentos expansivos. Ambos acontecem no s\u00e1bado, das 15h \u00e0s 16h.<\/p>\n<p><strong>Para participar, \u00e9 s\u00f3 ingressar no grupo do WhatsApp do &#8216;Grupo Florescer&#8217;, clicando neste link:<\/strong>\u00a0<a href=\"https:\/\/chat.whatsapp.com\/FijbS17rgCh4QjSod3UTkr\" target=\"_blank\" rel=\"noopener\">https:\/\/chat.whatsapp.com\/FijbS17rgCh4QjSod3UTkr<\/a><\/p>\n<p>SOBRE O GRUPO FLORESCER<br \/>\nCriado pelas terapeutas Jeanne Duarte e Mariana Duarte, o Grupo Florescer visa apoiar o processo de autoconhecimento e expans\u00e3o de plenitude e consci\u00eancia, atrav\u00e9s de viv\u00eancias terap\u00eauticas. A maioria das atividades s\u00e3o gratuitas, e outras t\u00eam valores bem acess\u00edveis.<\/p>\n<p>SERVI\u00c7O<br \/>\n<strong>Momento Florescer &#8211; &#8216;Ativando o meu ser para realizar sonhos em 2023&#8217;<\/strong><br \/>\n<strong>Dias:<\/strong>\u00a026\/11\/2022 e 17\/12\/2022<br \/>\n<strong>Hor\u00e1rio:<\/strong>\u00a0das 15h \u00e0s 16h (hor\u00e1rio de Bras\u00edlia)<br \/>\n<strong>Local:<\/strong>\u00a0On-line (via Zoom)<br \/>\n<strong>Valor:<\/strong>\u00a0Gratuito<br \/>\n<strong>Inscri\u00e7\u00f5es:<\/strong>\u00a0Atrav\u00e9s do ingresso no Grupo Florescer, neste link:\u00a0<a href=\"https:\/\/chat.whatsapp.com\/FijbS17rgCh4QjSod3UTkr\" target=\"_blank\" rel=\"noopener\">https:\/\/chat.whatsapp.com\/FijbS17rgCh4QjSod3UTkr<\/a><\/p>\n<p><strong>MAIS INFORMA\u00c7\u00d5ES<\/strong><br \/>\n<strong>WhatsApp:<\/strong>\u00a0(81) 993344135 (Jeanne Duarte)<br \/>\n<strong>Instagram:<\/strong>\u00a0<a href=\"https:\/\/www.instagram.com\/jeanneduarteflorescer\/\" target=\"_blank\" rel=\"noopener\">@jeanneduarteflorescer<\/a><\/p>\n<p>&nbsp;<\/p>\n","protected":false},"excerpt":{"rendered":"<p>A terapeuta Jeanne Duarte realiza nos dias 26\/11 e 17\/12 encontros gratuitos on-line, via Zoom, para ativar energias de purifica\u00e7\u00e3o e vitaliza\u00e7\u00e3o para o novo ciclo que se inicia em 2023. &#8220;Atrav\u00e9s do ThetaHealing, vamos limpar o campo de energia, liberando o que n\u00e3o serve mais, e tamb\u00e9m receber sensa\u00e7\u00f5es\/sentimentos expansivos, em conex\u00e3o com o [&hellip;]<\/p>\n","protected":false},"author":1,"featured_media":42509,"comment_status":"open","ping_status":"open","sticky":false,"template":"","format":"standard","meta":{"om_disable_all_campaigns":false,"_monsterinsights_skip_tracking":false,"_monsterinsights_sitenote_active":false,"_monsterinsights_sitenote_note":"","_monsterinsights_sitenote_category":0,"footnotes":""},"categories":[8,214],"tags":[286,304,971],"acf":[],"publishpress_future_action":{"enabled":false,"date":"1969-12-31 21:00:00","action":"","terms":[],"taxonomy":"","browser_timezone_offset":0},"_links":{"self":[{"href":"https:\/\/portalfloresnoar.com\/floresnoar\/wp-json\/wp\/v2\/posts\/42507"}],"collection":[{"href":"https:\/\/portalfloresnoar.com\/floresnoar\/wp-json\/wp\/v2\/posts"}],"about":[{"href":"https:\/\/portalfloresnoar.com\/floresnoar\/wp-json\/wp\/v2\/types\/post"}],"author":[{"embeddable":true,"href":"https:\/\/portalfloresnoar.com\/floresnoar\/wp-json\/wp\/v2\/users\/1"}],"replies":[{"embeddable":true,"href":"https:\/\/portalfloresnoar.com\/floresnoar\/wp-json\/wp\/v2\/comments?post=42507"}],"version-history":[{"count":0,"href":"https:\/\/portalfloresnoar.com\/floresnoar\/wp-json\/wp\/v2\/posts\/42507\/revisions"}],"wp:featuredmedia":[{"embeddable":true,"href":"https:\/\/portalfloresnoar.com\/floresnoar\/wp-json\/wp\/v2\/media\/42509"}],"wp:attachment":[{"href":"https:\/\/portalfloresnoar.com\/floresnoar\/wp-json\/wp\/v2\/media?parent=42507"}],"wp:term":[{"taxonomy":"category","embeddable":true,"href":"https:\/\/portalfloresnoar.com\/floresnoar\/wp-json\/wp\/v2\/categories?post=42507"},{"taxonomy":"post_tag","embeddable":true,"href":"https:\/\/portalfloresnoar.com\/floresnoar\/wp-json\/wp\/v2\/tags?post=42507"}],"curies":[{"name":"wp","href":"https:\/\/api.w.org\/{rel}","templated":true}]}}