

{"id":42487,"date":"2022-11-16T11:17:23","date_gmt":"2022-11-16T14:17:23","guid":{"rendered":"http:\/\/portalfloresnoar.com\/floresnoar\/?p=42487"},"modified":"2022-11-16T11:17:23","modified_gmt":"2022-11-16T14:17:23","slug":"referencia-em-saude-mental-espaco-gerar-oferece-diversas-abordagens-terapeuticas-no-recife","status":"publish","type":"post","link":"https:\/\/portalfloresnoar.com\/floresnoar\/referencia-em-saude-mental-espaco-gerar-oferece-diversas-abordagens-terapeuticas-no-recife\/","title":{"rendered":"Refer\u00eancia em Sa\u00fade Mental, Espa\u00e7o Gerar oferece diversas abordagens terap\u00eauticas no Recife"},"content":{"rendered":"<p><img decoding=\"async\" loading=\"lazy\" class=\"wp-image-42488 alignleft\" src=\"http:\/\/portalfloresnoar.com\/floresnoar\/wp-content\/uploads\/2022\/11\/espaco-terapeutico-no-recife-300x300.jpg\" alt=\"\" width=\"319\" height=\"319\" srcset=\"https:\/\/portalfloresnoar.com\/floresnoar\/wp-content\/uploads\/2022\/11\/espaco-terapeutico-no-recife-300x300.jpg 300w, https:\/\/portalfloresnoar.com\/floresnoar\/wp-content\/uploads\/2022\/11\/espaco-terapeutico-no-recife-150x150.jpg 150w, https:\/\/portalfloresnoar.com\/floresnoar\/wp-content\/uploads\/2022\/11\/espaco-terapeutico-no-recife-100x100.jpg 100w, https:\/\/portalfloresnoar.com\/floresnoar\/wp-content\/uploads\/2022\/11\/espaco-terapeutico-no-recife.jpg 546w\" sizes=\"(max-width: 319px) 100vw, 319px\" \/><\/p>\n<p>Refer\u00eancia regional em Sa\u00fade Mental, o Espa\u00e7o Gerar Arteterapia e Bem-Estar atua h\u00e1 18 anos no Recife, promovendo sa\u00fade e bem-estar, atrav\u00e9s do oferecimento de diversas abordagens terap\u00eauticas.<\/p>\n<p><em><strong>Confira abaixo as terapias oferecidas:<\/strong><\/em><br \/>\n&gt;&gt;&gt; Psicologia (Psicologia Junguiana, Bioenerg\u00e9tica, Gestalt e TCC)<br \/>\n&gt;&gt;&gt; Arteterapia<br \/>\n&gt;&gt;&gt; Pr\u00e1ticas integrativas (como Yoga, Reiki, Hipnoterapia, Aromaterapia, Terapia Floral, Agroecologia, entre outras).<\/p>\n<p>O espa\u00e7o oferece <a href=\"http:\/\/portalfloresnoar.com\/floresnoar\/noticias-espaco-gerar-oferece-salas-para-sublocacao-na-zona-norte-do-recife\/\" target=\"_blank\" rel=\"noopener\"><strong>salas para subloca\u00e7\u00e3o<\/strong><\/a>, al\u00e9m de contar com alguns projetos, como o &#8216;Gerando Cuidado&#8217; e o &#8216;Gerar nas Empresas&#8217;.<\/p>\n<figure id=\"attachment_42490\" aria-describedby=\"caption-attachment-42490\" style=\"width: 231px\" class=\"wp-caption alignright\"><img decoding=\"async\" loading=\"lazy\" class=\"wp-image-42490\" src=\"http:\/\/portalfloresnoar.com\/floresnoar\/wp-content\/uploads\/2022\/11\/terapias-espaco-gerar-recife--300x282.jpg\" alt=\"\" width=\"231\" height=\"217\" srcset=\"https:\/\/portalfloresnoar.com\/floresnoar\/wp-content\/uploads\/2022\/11\/terapias-espaco-gerar-recife--300x282.jpg 300w, https:\/\/portalfloresnoar.com\/floresnoar\/wp-content\/uploads\/2022\/11\/terapias-espaco-gerar-recife--768x722.jpg 768w, https:\/\/portalfloresnoar.com\/floresnoar\/wp-content\/uploads\/2022\/11\/terapias-espaco-gerar-recife--700x659.jpg 700w, https:\/\/portalfloresnoar.com\/floresnoar\/wp-content\/uploads\/2022\/11\/terapias-espaco-gerar-recife-.jpg 945w\" sizes=\"(max-width: 231px) 100vw, 231px\" \/><figcaption id=\"caption-attachment-42490\" class=\"wp-caption-text\">Josefina Campos, Fabiana Guimar\u00e3es e Patr\u00edcia Mello s\u00e3o as gestoras do Gerar<\/figcaption><\/figure>\n<p>O &#8216;Gerando Cuidado&#8217; oferece atendimentos terap\u00eauticos com valor social, visando beneficiar pessoas que n\u00e3o est\u00e3o em condi\u00e7\u00f5es financeiras de pagar o valor integral. Mais informa\u00e7\u00f5es, <a href=\"http:\/\/portalfloresnoar.com\/floresnoar\/agenda-pe-atendimentos-arteterapeuticos-com-valor-social-no-recife\/\" target=\"_blank\" rel=\"noopener\"><strong>neste link<\/strong><\/a>!<\/p>\n<p>J\u00e1 o &#8216;Gerar nas Empresas&#8217;, atrav\u00e9s de parcerias, oferta viv\u00eancias em grupo, consultoria em desenvolvimento humano, atendimentos terap\u00eauticos com valores diferenciados e sele\u00e7\u00e3o de pessoal, a partir de entrevistas e processos criativos.<\/p>\n<p>O Espa\u00e7o Gerar atualmente \u00e9 gerido pelas psic\u00f3logas e arteterapeutas Patr\u00edcia Mello, Josefina Campos e Fabiana Guimar\u00e3es.<\/p>\n<p>GERAR ARTETERAPIA E BEM-ESTAR<br \/>\n<strong>Fone\/WhatsApp:<\/strong>\u00a0(81) 99760.6383<br \/>\n<strong>E-mail:<\/strong> gerararte@gmail.com<br \/>\n<strong>Instagram:<\/strong> <a href=\"https:\/\/www.instagram.com\/gerararteterapia\/\" target=\"_blank\" rel=\"noopener\">@gerararteterapia<\/a><br \/>\n<strong>Endere\u00e7o:<\/strong>\u00a0Rua Luiz Guimar\u00e3es, 253, Po\u00e7o da Panela, Recife\/PE<br \/>\n<em>(Mapa com a localiza\u00e7\u00e3o:\u00a0<a href=\"https:\/\/maps.app.goo.gl\/kZCHrg1TKRm8Qhmv9\" target=\"_blank\" rel=\"noopener\">https:\/\/maps.app.goo.gl\/kZCHrg1TKRm8Qhmv9<\/a>)<\/em><\/p>\n","protected":false},"excerpt":{"rendered":"<p>Refer\u00eancia regional em Sa\u00fade Mental, o Espa\u00e7o Gerar Arteterapia e Bem-Estar atua h\u00e1 18 anos no Recife, promovendo sa\u00fade e bem-estar, atrav\u00e9s do oferecimento de diversas abordagens terap\u00eauticas. Confira abaixo as terapias oferecidas: &gt;&gt;&gt; Psicologia (Psicologia Junguiana, Bioenerg\u00e9tica, Gestalt e TCC) &gt;&gt;&gt; Arteterapia &gt;&gt;&gt; Pr\u00e1ticas integrativas (como Yoga, Reiki, Hipnoterapia, Aromaterapia, Terapia Floral, Agroecologia, entre [&hellip;]<\/p>\n","protected":false},"author":1,"featured_media":42489,"comment_status":"open","ping_status":"open","sticky":false,"template":"","format":"standard","meta":{"om_disable_all_campaigns":false,"_monsterinsights_skip_tracking":false,"_monsterinsights_sitenote_active":false,"_monsterinsights_sitenote_note":"","_monsterinsights_sitenote_category":0,"footnotes":""},"categories":[9],"tags":[34,1121,1057,81,37,394,1148,127,21],"acf":[],"publishpress_future_action":{"enabled":false,"date":"1969-12-31 21:00:00","action":"","terms":[],"taxonomy":"","browser_timezone_offset":0},"_links":{"self":[{"href":"https:\/\/portalfloresnoar.com\/floresnoar\/wp-json\/wp\/v2\/posts\/42487"}],"collection":[{"href":"https:\/\/portalfloresnoar.com\/floresnoar\/wp-json\/wp\/v2\/posts"}],"about":[{"href":"https:\/\/portalfloresnoar.com\/floresnoar\/wp-json\/wp\/v2\/types\/post"}],"author":[{"embeddable":true,"href":"https:\/\/portalfloresnoar.com\/floresnoar\/wp-json\/wp\/v2\/users\/1"}],"replies":[{"embeddable":true,"href":"https:\/\/portalfloresnoar.com\/floresnoar\/wp-json\/wp\/v2\/comments?post=42487"}],"version-history":[{"count":0,"href":"https:\/\/portalfloresnoar.com\/floresnoar\/wp-json\/wp\/v2\/posts\/42487\/revisions"}],"wp:featuredmedia":[{"embeddable":true,"href":"https:\/\/portalfloresnoar.com\/floresnoar\/wp-json\/wp\/v2\/media\/42489"}],"wp:attachment":[{"href":"https:\/\/portalfloresnoar.com\/floresnoar\/wp-json\/wp\/v2\/media?parent=42487"}],"wp:term":[{"taxonomy":"category","embeddable":true,"href":"https:\/\/portalfloresnoar.com\/floresnoar\/wp-json\/wp\/v2\/categories?post=42487"},{"taxonomy":"post_tag","embeddable":true,"href":"https:\/\/portalfloresnoar.com\/floresnoar\/wp-json\/wp\/v2\/tags?post=42487"}],"curies":[{"name":"wp","href":"https:\/\/api.w.org\/{rel}","templated":true}]}}