

{"id":42467,"date":"2022-04-08T09:50:29","date_gmt":"2022-04-08T12:50:29","guid":{"rendered":"http:\/\/portalfloresnoar.com\/floresnoar\/?p=42467"},"modified":"2022-11-23T18:49:24","modified_gmt":"2022-11-23T21:49:24","slug":"agenda-nova-turma-on-line-de-aulas-de-canto-natural-a-partir-de-2211","status":"publish","type":"post","link":"https:\/\/portalfloresnoar.com\/floresnoar\/agenda-nova-turma-on-line-de-aulas-de-canto-natural-a-partir-de-2211\/","title":{"rendered":"[AGENDA] Nova turma on-line de aulas de Canto Natural a partir de 22\/11"},"content":{"rendered":"<p><img decoding=\"async\" loading=\"lazy\" class=\"size-medium wp-image-42410 alignleft\" src=\"http:\/\/portalfloresnoar.com\/floresnoar\/wp-content\/uploads\/2022\/10\/aulas-de-canto-online-261x300.jpeg\" alt=\"\" width=\"261\" height=\"300\" srcset=\"https:\/\/portalfloresnoar.com\/floresnoar\/wp-content\/uploads\/2022\/10\/aulas-de-canto-online-261x300.jpeg 261w, https:\/\/portalfloresnoar.com\/floresnoar\/wp-content\/uploads\/2022\/10\/aulas-de-canto-online-768x882.jpeg 768w, https:\/\/portalfloresnoar.com\/floresnoar\/wp-content\/uploads\/2022\/10\/aulas-de-canto-online-610x700.jpeg 610w, https:\/\/portalfloresnoar.com\/floresnoar\/wp-content\/uploads\/2022\/10\/aulas-de-canto-online.jpeg 1380w\" sizes=\"(max-width: 261px) 100vw, 261px\" \/>A cantora, compositora e arte-educadora pernambucana Ana Diniz inicia no dia 22 de novembro de 2022 uma nova turma do grupo on-line de Aulas de Canto Natural. Os encontros ser\u00e3o realizados durante quatro ter\u00e7as-feiras, das 19h30 \u00e0s 21h, e s\u00e3o voltados a jovens e adultos interessados em conhecer e soltar a pr\u00f3pria voz.<\/p>\n<p>Segundo Ana Diniz, as aulas de Canto Natural auxiliam o participante a encontrar o seu corpo, a sua voz, o seu canto, a sua identidade, a sua alegria de cantar, atrav\u00e9s da descoberta de partes adormecidas e tensionadas, e da conscientiza\u00e7\u00e3o e libera\u00e7\u00e3o do canal de express\u00e3o vocal.<\/p>\n<p>\u201cO objetivo \u00e9 que cada um\/ uma encontre sua a voz natural com menor esfor\u00e7o, descobrindo o seu potencial vocal, conectado com a pr\u00f3pria identidade e o prop\u00f3sito de vida. A busca da voz natural \u00e9 a busca da pr\u00f3pria identidade!\u201d, declara Ana, acrescentando que as aulas s\u00e3o voltadas tanto para iniciantes no canto, como para quem n\u00e3o tem nenhuma experi\u00eancia.<\/p>\n<p>SOBRE A FACILITADORA<br \/>\n<strong>Ana Diniz<\/strong>\u00a0\u00e9 cantora, compositora e arte-educadora. Criou o m\u00e9todo Canto Natural e ministra aulas desde 2010. Formada em Artes C\u00eanicas, fez diversos cursos de canto e dan\u00e7a. Dedica-se intensamente \u00e0 Cultura Popular, sendo hoje dirigente e mestra do Maracatu Estrela de Serra. \u00c9 tamb\u00e9m coquista e cirandeira. Recebeu o pr\u00eamio de melhor int\u00e9rprete no Festival Geraldo Azevedo em 2006. Tem dois CDs gravados: \u2018Cocos, cirandas e can\u00e7\u00f5es\u2019, eleito como um dos melhores CDs de 2007, e \u2018Terra\u2019, de 2011.<\/p>\n<p>CONTE\u00daDO PROGRAM\u00c1TICO DAS AULAS<br \/>\n\u2013 Corpo-instrumento: acalmar, distensionar, respirar melhor, acordar a musculatura do aparelho fonador;<br \/>\n\u2013 Exerc\u00edcios b\u00e1sicos de prepara\u00e7\u00e3o vocal;<br \/>\n\u2013 Voz natural: descobrir e praticar;<br \/>\n\u2013 Imposta\u00e7\u00e3o de voz: trabalhar resson\u00e2ncia e a coloca\u00e7\u00e3o da voz;<br \/>\n\u2013 Percep\u00e7\u00e3o mel\u00f3dica: exercitar m\u00fasicas e vocalizes b\u00e1sicos;<br \/>\n\u2013 Elementos b\u00e1sicos da m\u00fasica;<br \/>\n\u2013 Dic\u00e7\u00e3o e mem\u00f3ria: exercitar m\u00fasicas 8 tonalidades \u2013 exercitar vocalizes b\u00e1sicos<br \/>\n\u2013 Canto como instrumento de conex\u00e3o: busca do prop\u00f3sito, contexto cultural, busca das ra\u00edzes culturais, a alta tecnologia do canto.<\/p>\n<p><em><strong>Aulas On-line de Canto Natural em Grupo, com Ana Diniz<\/strong><\/em><br \/>\n<strong>Datas:<\/strong>\u00a0Ter\u00e7as-feiras (22\/11, 29\/11, 06\/12, 13\/12)<br \/>\n<strong>Hora:<\/strong>\u00a019h30\u00a0\u00e0s 21h<br \/>\n<strong>Local:<\/strong>\u00a0On-line, via plataforma Zoom<br \/>\n<strong>P\u00fablico-alvo:<\/strong>\u00a0Jovens e adultos, iniciantes no canto ou sem nenhuma experi\u00eancia; pessoas que buscam o autoconhecimento e a eleva\u00e7\u00e3o da autoestima atrav\u00e9s do canto; pessoas apaixonadas pelo canto popular e pela cultura popular.<\/p>\n<p><strong>Investimento:<\/strong>\u00a0150,00 (inclui os 4 encontros)<br \/>\n<strong>Forma de pagamento:\u00a0<\/strong>Pix 71534687491 [<em>Enviar comprovante para o WhatsApp: 73 999573808<\/em>]<\/p>\n<p><em>Obs.: Ap\u00f3s a confirma\u00e7\u00e3o do pagamento, a\/o participante preencher\u00e1 a ficha de inscri\u00e7\u00e3o e ser\u00e1 inserido no grupo de WhatsApp para receber os links das aulas.<\/em><\/p>\n<p><strong>MAIS INFORMA\u00c7\u00d5ES<\/strong><br \/>\n<strong>Fone\/ WhatsApp:<\/strong>\u00a073 999573808<br \/>\n<strong>Canal do YouTube de Ana Diniz:<\/strong>\u00a0<a href=\"https:\/\/www.youtube.com\/user\/anadinizz\/videos\" target=\"_blank\" rel=\"noopener\">https:\/\/www.youtube.com\/user\/anadinizz\/videos<\/a><br \/>\n<strong>Site de Ana Diniz:<\/strong>\u00a0\u00a0<a href=\"https:\/\/ana-diniz.webnode.page\/\" target=\"_blank\" rel=\"noopener\">https:\/\/ana-diniz.webnode.page<\/a><\/p>\n","protected":false},"excerpt":{"rendered":"<p>A cantora, compositora e arte-educadora pernambucana Ana Diniz inicia no dia 22 de novembro de 2022 uma nova turma do grupo on-line de Aulas de Canto Natural. Os encontros ser\u00e3o realizados durante quatro ter\u00e7as-feiras, das 19h30 \u00e0s 21h, e s\u00e3o voltados a jovens e adultos interessados em conhecer e soltar a pr\u00f3pria voz. Segundo Ana [&hellip;]<\/p>\n","protected":false},"author":1,"featured_media":42411,"comment_status":"open","ping_status":"open","sticky":false,"template":"","format":"standard","meta":{"om_disable_all_campaigns":false,"_monsterinsights_skip_tracking":false,"_monsterinsights_sitenote_active":false,"_monsterinsights_sitenote_note":"","_monsterinsights_sitenote_category":0,"footnotes":""},"categories":[8,214],"tags":[345,314,244,303],"acf":[],"publishpress_future_action":{"enabled":false,"date":"1969-12-31 21:00:00","action":"","terms":[],"taxonomy":"","browser_timezone_offset":0},"_links":{"self":[{"href":"https:\/\/portalfloresnoar.com\/floresnoar\/wp-json\/wp\/v2\/posts\/42467"}],"collection":[{"href":"https:\/\/portalfloresnoar.com\/floresnoar\/wp-json\/wp\/v2\/posts"}],"about":[{"href":"https:\/\/portalfloresnoar.com\/floresnoar\/wp-json\/wp\/v2\/types\/post"}],"author":[{"embeddable":true,"href":"https:\/\/portalfloresnoar.com\/floresnoar\/wp-json\/wp\/v2\/users\/1"}],"replies":[{"embeddable":true,"href":"https:\/\/portalfloresnoar.com\/floresnoar\/wp-json\/wp\/v2\/comments?post=42467"}],"version-history":[{"count":0,"href":"https:\/\/portalfloresnoar.com\/floresnoar\/wp-json\/wp\/v2\/posts\/42467\/revisions"}],"wp:featuredmedia":[{"embeddable":true,"href":"https:\/\/portalfloresnoar.com\/floresnoar\/wp-json\/wp\/v2\/media\/42411"}],"wp:attachment":[{"href":"https:\/\/portalfloresnoar.com\/floresnoar\/wp-json\/wp\/v2\/media?parent=42467"}],"wp:term":[{"taxonomy":"category","embeddable":true,"href":"https:\/\/portalfloresnoar.com\/floresnoar\/wp-json\/wp\/v2\/categories?post=42467"},{"taxonomy":"post_tag","embeddable":true,"href":"https:\/\/portalfloresnoar.com\/floresnoar\/wp-json\/wp\/v2\/tags?post=42467"}],"curies":[{"name":"wp","href":"https:\/\/api.w.org\/{rel}","templated":true}]}}