

{"id":42434,"date":"2024-09-26T06:32:46","date_gmt":"2024-09-26T09:32:46","guid":{"rendered":"http:\/\/portalfloresnoar.com\/floresnoar\/?p=42434"},"modified":"2025-06-18T18:15:37","modified_gmt":"2025-06-18T21:15:37","slug":"agenda-sessoes-arterapeuticas-para-mulheres-no-climaterio-e-menopausa","status":"publish","type":"post","link":"https:\/\/portalfloresnoar.com\/floresnoar\/agenda-sessoes-arterapeuticas-para-mulheres-no-climaterio-e-menopausa\/","title":{"rendered":"[AGENDA] Sess\u00f5es arterap\u00eauticas on-line para mulheres no climat\u00e9rio e menopausa"},"content":{"rendered":"<p><img decoding=\"async\" loading=\"lazy\" class=\"wp-image-42478 alignleft\" src=\"http:\/\/portalfloresnoar.com\/floresnoar\/wp-content\/uploads\/2022\/11\/arteterapia-climaterio-menopausa-560x700.jpg\" alt=\"\" width=\"336\" height=\"420\" srcset=\"https:\/\/portalfloresnoar.com\/floresnoar\/wp-content\/uploads\/2022\/11\/arteterapia-climaterio-menopausa-560x700.jpg 560w, https:\/\/portalfloresnoar.com\/floresnoar\/wp-content\/uploads\/2022\/11\/arteterapia-climaterio-menopausa-240x300.jpg 240w, https:\/\/portalfloresnoar.com\/floresnoar\/wp-content\/uploads\/2022\/11\/arteterapia-climaterio-menopausa-768x960.jpg 768w, https:\/\/portalfloresnoar.com\/floresnoar\/wp-content\/uploads\/2022\/11\/arteterapia-climaterio-menopausa.jpg 1080w\" sizes=\"(max-width: 336px) 100vw, 336px\" \/><\/p>\n<p>A arteterapeuta e cantadeira Lu Rabelo est\u00e1 oferecendo sess\u00f5es terap\u00eauticas para mulheres que encontram-se no climat\u00e9rio ou menopausa. Os encontros s\u00e3o individuais e acontecem de modo on-line.<\/p>\n<p>As sess\u00f5es visam fortalecer as mulheres nesta fase t\u00e3o importante da vida, onde tantas mudan\u00e7as acontecem a n\u00edvel corporal, mental, emocional e espiritual.<\/p>\n<p>&#8220;Nos encontros estimulo que as mulheres se expressem criativamente, movimentem o corpo, e entrem em contato com suas emo\u00e7\u00f5es, se aprofundando no autoconhecimento e vivenciando o bem-estar&#8221;, explica Lu, que utiliza, al\u00e9m das t\u00e9cnicas arteterap\u00eauticas, pr\u00e1ticas de Yogaterapia e recursos da Aromaterapia e do Herbalismo.<\/p>\n<p>&#8220;A ideia de oferecer as sess\u00f5es para este p\u00fablico espec\u00edfico vem da minha pr\u00f3pria viv\u00eancia, pois estou no climat\u00e9rio e venho estudando muito sobre o assunto e praticando na minha vida os aprendizados que venho obtendo. Agora sinto que chegou o momento de compartilhar esses conhecimentos e pr\u00e1ticas para beneficiar outras mulheres&#8221;, explica Lu.<\/p>\n<p>CONHE\u00c7A UM POUCO DAS TERAPIAS UTILIZADAS!<\/p>\n<p><strong>Arteterapia<\/strong> &#8211; A Arteterapia faz uso das diversas linguagens art\u00edsticas (pintura, desenho, colagem, dan\u00e7a, m\u00fasica, teatro, modelagem, fotografia, escrita criativa, costura&#8230;), estimulando a express\u00e3o criativa, tendo como foco a sa\u00fade, n\u00e3o havendo preocupa\u00e7\u00e3o com a est\u00e9tica art\u00edstica, mas sim com o conte\u00fado simb\u00f3lico que aparece. &#8220;Na Arteterapia n\u00e3o tem certo nem errado, feio nem bonito. O que vale \u00e9 a express\u00e3o,&#8221; explica Lu.<\/p>\n<p><strong>Yogaterapia<\/strong> &#8211; A partir dos fundamentos do Yoga, s\u00e3o praticados terap\u00eauticamente os \u00e1sanas (posturas), pranayamas (exerc\u00edcios respirat\u00f3rios), mantras e medita\u00e7\u00e3o, com o intuito de promover a auto-escuta, o movimento corporal, e o equil\u00edbrio energ\u00e9tico, emocional e mental.<\/p>\n<p><strong>Aromaterapia e Herbalismo<\/strong> &#8211; Atrav\u00e9s do uso das ervas (Herbalismo) e dos \u00d3leos Essenciais (Aromaterapia), as mulheres atendidas s\u00e3o orientadas na utiliza\u00e7\u00e3o de plantas e \u00f3leos medicinais, com o feitio de banhos de assento, escalda-p\u00e9s, banhos de ervas, vaporiza\u00e7\u00e3o do \u00fatero, automassagem, uso de ch\u00e1s, temperos, perfumes naturais e defuma\u00e7\u00e3o, entre outras pr\u00e1ticas em comunh\u00e3o com a Natureza.<\/p>\n<p><strong>SOBRE A TERAPEUTA<\/strong><br \/>\n<img decoding=\"async\" loading=\"lazy\" class=\" wp-image-42297 alignleft\" src=\"http:\/\/portalfloresnoar.com\/floresnoar\/wp-content\/uploads\/2022\/09\/Lu-Rabelo-arteterapeuta-foto-Andre-Occenstein-3-300x300.png\" alt=\"\" width=\"259\" height=\"259\" srcset=\"https:\/\/portalfloresnoar.com\/floresnoar\/wp-content\/uploads\/2022\/09\/Lu-Rabelo-arteterapeuta-foto-Andre-Occenstein-3-300x300.png 300w, https:\/\/portalfloresnoar.com\/floresnoar\/wp-content\/uploads\/2022\/09\/Lu-Rabelo-arteterapeuta-foto-Andre-Occenstein-3-150x150.png 150w, https:\/\/portalfloresnoar.com\/floresnoar\/wp-content\/uploads\/2022\/09\/Lu-Rabelo-arteterapeuta-foto-Andre-Occenstein-3-768x768.png 768w, https:\/\/portalfloresnoar.com\/floresnoar\/wp-content\/uploads\/2022\/09\/Lu-Rabelo-arteterapeuta-foto-Andre-Occenstein-3-700x700.png 700w, https:\/\/portalfloresnoar.com\/floresnoar\/wp-content\/uploads\/2022\/09\/Lu-Rabelo-arteterapeuta-foto-Andre-Occenstein-3-100x100.png 100w, https:\/\/portalfloresnoar.com\/floresnoar\/wp-content\/uploads\/2022\/09\/Lu-Rabelo-arteterapeuta-foto-Andre-Occenstein-3.png 1080w\" sizes=\"(max-width: 259px) 100vw, 259px\" \/><\/p>\n<p><strong>Lu Rabelo<\/strong> \u00e9 m\u00e3e, canta, escreve, reza, planta, dan\u00e7a. Estuda Herbalismo, Tarot, Sonhos, Astrologia, Palha\u00e7aria\u2026 \u00c9 formada em Jornalismo, p\u00f3s-graduada em Arteterapia, e tem forma\u00e7\u00e3o em Yogaterapia, Aromaterapia e Reiki. \u00c9 docente nas Forma\u00e7\u00f5es em Arteterapia pela Tra\u00e7os Estudos em Arteterapia e pela Terapiarte\/ Faculdade Modelo, ambas no Recife. \u00c9 guardi\u00e3 do <a href=\"http:\/\/portalfloresnoar.com\/floresnoar\" target=\"_blank\" rel=\"noopener\">Portal Flores no Ar,<\/a>\u00a0brincante em\u00a0<a href=\"https:\/\/www.instagram.com\/as_cumade\/\" target=\"_blank\" rel=\"noopener\">As Cumade<\/a>, herbalista no\u00a0<a href=\"https:\/\/www.instagram.com\/feitiolunar\/\" target=\"_blank\" rel=\"noopener\">Feitio Lunar<\/a>\u00a0e poeta no projeto\u00a0<a href=\"https:\/\/www.instagram.com\/cordeldotarot\/\" target=\"_blank\" rel=\"noopener\">Cordel do Tarot<\/a>.<\/p>\n<p>&nbsp;<\/p>\n<p>&nbsp;<\/p>\n<p><strong>AGENDAMENTOS E MAIS INFORMA\u00c7\u00d5ES<\/strong><br \/>\n<strong>WhatsApp<\/strong>: 81 999669188<br \/>\n<strong>Instagram<\/strong>: <a href=\"https:\/\/www.instagram.com\/jardim.arteterapeutico\/\" target=\"_blank\" rel=\"noopener\">@jardim.arteterapeutico<\/a><\/p>\n","protected":false},"excerpt":{"rendered":"<p>A arteterapeuta e cantadeira Lu Rabelo est\u00e1 oferecendo sess\u00f5es terap\u00eauticas para mulheres que encontram-se no climat\u00e9rio ou menopausa. Os encontros s\u00e3o individuais e acontecem de modo on-line. As sess\u00f5es visam fortalecer as mulheres nesta fase t\u00e3o importante da vida, onde tantas mudan\u00e7as acontecem a n\u00edvel corporal, mental, emocional e espiritual. &#8220;Nos encontros estimulo que as [&hellip;]<\/p>\n","protected":false},"author":1,"featured_media":42480,"comment_status":"open","ping_status":"open","sticky":false,"template":"","format":"standard","meta":{"om_disable_all_campaigns":false,"_monsterinsights_skip_tracking":false,"_monsterinsights_sitenote_active":false,"_monsterinsights_sitenote_note":"","_monsterinsights_sitenote_category":0,"footnotes":""},"categories":[8,224,214],"tags":[73,34,1244,900,995,22,165],"acf":[],"publishpress_future_action":{"enabled":false,"date":"1969-12-31 21:00:00","action":"","terms":[],"taxonomy":"","browser_timezone_offset":0},"_links":{"self":[{"href":"https:\/\/portalfloresnoar.com\/floresnoar\/wp-json\/wp\/v2\/posts\/42434"}],"collection":[{"href":"https:\/\/portalfloresnoar.com\/floresnoar\/wp-json\/wp\/v2\/posts"}],"about":[{"href":"https:\/\/portalfloresnoar.com\/floresnoar\/wp-json\/wp\/v2\/types\/post"}],"author":[{"embeddable":true,"href":"https:\/\/portalfloresnoar.com\/floresnoar\/wp-json\/wp\/v2\/users\/1"}],"replies":[{"embeddable":true,"href":"https:\/\/portalfloresnoar.com\/floresnoar\/wp-json\/wp\/v2\/comments?post=42434"}],"version-history":[{"count":2,"href":"https:\/\/portalfloresnoar.com\/floresnoar\/wp-json\/wp\/v2\/posts\/42434\/revisions"}],"predecessor-version":[{"id":45861,"href":"https:\/\/portalfloresnoar.com\/floresnoar\/wp-json\/wp\/v2\/posts\/42434\/revisions\/45861"}],"wp:featuredmedia":[{"embeddable":true,"href":"https:\/\/portalfloresnoar.com\/floresnoar\/wp-json\/wp\/v2\/media\/42480"}],"wp:attachment":[{"href":"https:\/\/portalfloresnoar.com\/floresnoar\/wp-json\/wp\/v2\/media?parent=42434"}],"wp:term":[{"taxonomy":"category","embeddable":true,"href":"https:\/\/portalfloresnoar.com\/floresnoar\/wp-json\/wp\/v2\/categories?post=42434"},{"taxonomy":"post_tag","embeddable":true,"href":"https:\/\/portalfloresnoar.com\/floresnoar\/wp-json\/wp\/v2\/tags?post=42434"}],"curies":[{"name":"wp","href":"https:\/\/api.w.org\/{rel}","templated":true}]}}