

{"id":42430,"date":"2022-10-26T21:30:18","date_gmt":"2022-10-27T00:30:18","guid":{"rendered":"http:\/\/portalfloresnoar.com\/floresnoar\/?p=42430"},"modified":"2022-10-26T21:30:18","modified_gmt":"2022-10-27T00:30:18","slug":"bispos-brasileiros-se-posicionam-a-favor-da-democracia-e-da-vida","status":"publish","type":"post","link":"https:\/\/portalfloresnoar.com\/floresnoar\/bispos-brasileiros-se-posicionam-a-favor-da-democracia-e-da-vida\/","title":{"rendered":"Bispos brasileiros se posicionam a favor da democracia e da vida"},"content":{"rendered":"<figure id=\"attachment_42432\" aria-describedby=\"caption-attachment-42432\" style=\"width: 625px\" class=\"wp-caption aligncenter\"><img decoding=\"async\" loading=\"lazy\" class=\"wp-image-42432\" src=\"http:\/\/portalfloresnoar.com\/floresnoar\/wp-content\/uploads\/2022\/10\/credito-da-foto-CNBB-700x467.jpg\" alt=\"\" width=\"625\" height=\"417\" srcset=\"https:\/\/portalfloresnoar.com\/floresnoar\/wp-content\/uploads\/2022\/10\/credito-da-foto-CNBB-700x467.jpg 700w, https:\/\/portalfloresnoar.com\/floresnoar\/wp-content\/uploads\/2022\/10\/credito-da-foto-CNBB-300x200.jpg 300w, https:\/\/portalfloresnoar.com\/floresnoar\/wp-content\/uploads\/2022\/10\/credito-da-foto-CNBB-768x512.jpg 768w, https:\/\/portalfloresnoar.com\/floresnoar\/wp-content\/uploads\/2022\/10\/credito-da-foto-CNBB.jpg 1024w\" sizes=\"(max-width: 625px) 100vw, 625px\" \/><figcaption id=\"caption-attachment-42432\" class=\"wp-caption-text\">Foto: CNBB\/Arquivo<\/figcaption><\/figure>\n<p><em>Bispos cat\u00f3licos brasileiros, integrantes do grupo &#8216;Bispos do Di\u00e1logo pelo Reino&#8217;, divulgaram no dia 24 de outubro de 2022, uma carta na qual se posicionam contra a reelei\u00e7\u00e3o de Jair Bolsonaro no segundo turno das elei\u00e7\u00f5es presidenciais. O grupo re\u00fane bispos de v\u00e1rias regi\u00f5es do Brasil. &#8220;A vida n\u00e3o \u00e9 prioridade para este governo&#8221;, afirmam em um trecho da carta.<\/em><\/p>\n<p><strong>Leia abaixo a carta na \u00edntegra!<\/strong><\/p>\n<p>&#8220;Irm\u00e3os e irm\u00e3s,<\/p>\n<p>Somos bispos da Igreja Cat\u00f3lica de v\u00e1rias regi\u00f5es do Brasil, em profunda comunh\u00e3o com o Papa Francisco e seu magist\u00e9rio e em plena comunh\u00e3o com a Confer\u00eancia Nacional dos Bispos do Brasil, a CNBB que, no exerc\u00edcio de sua miss\u00e3o evangelizadora, sempre se coloca na defesa dos pequeninos, da justi\u00e7a e da paz. Lideramos a escrita de uma primeira Carta ao Povo de Deus, em julho de 2020. Diante da gravidade do momento atual, nos dirigimos novamente a voc\u00eas.<\/p>\n<p>O segundo turno das elei\u00e7\u00f5es presidenciais de 2022 nos coloca diante de um dram\u00e1tico desafio. Devemos escolher, de maneira consciente e serena, pois n\u00e3o cabe neutralidade quando se trata de decidir sobre dois projetos de Brasil, um democr\u00e1tico e outro autorit\u00e1rio; um comprometido com a defesa da vida, a partir dos empobrecidos, outro comprometido com a \u201ceconomia que mata\u201d (Papa Francisco, A Alegria do Evangelho, 53); um que cuida da educa\u00e7\u00e3o, sa\u00fade, trabalho, alimenta\u00e7\u00e3o, cultura, outro que menospreza as pol\u00edticas p\u00fablicas, porque despreza os pobres. Os dois candidatos j\u00e1 governaram o Brasil e deram resultados diferentes para o povo e para a natureza, os quais podemos analisar.<\/p>\n<p>Iluminados pelas exig\u00eancias sociais e pol\u00edticas de nossa f\u00e9 crist\u00e3 e da Doutrina Social da Igreja Cat\u00f3lica precisamos falar de forma clara e direta sobre o que realmente est\u00e1 em jogo neste momento. Jesus nos mandou ser \u201cluz do mundo\u201d e a luz n\u00e3o deve ficar escondida (Mt 5,15).<\/p>\n<p>Somos testemunhas de que o atual governo, que busca a reelei\u00e7\u00e3o, virou as costas para a popula\u00e7\u00e3o mais carente, principalmente no tempo da pandemia. Apenas \u00e0s v\u00e9speras da elei\u00e7\u00e3o, lan\u00e7ou um programa tempor\u00e1rio de aux\u00edlio aos necessitados. A 59\u00aa Assembleia Geral da CNBB constatou \u201cos alarmantes descuidos com a Terra, a viol\u00eancia latente, expl\u00edcita e crescente, potencializada pela flexibiliza\u00e7\u00e3o da posse e porte de armas [\u2026]. Entre outros aspectos destes tempos, est\u00e3o o desemprego e a falta de acesso \u00e0 educa\u00e7\u00e3o de qualidade para todos. A fome \u00e9 certamente o mais cruel e criminoso deles, pois a alimenta\u00e7\u00e3o \u00e9 um direito inalien\u00e1vel\u201d (Mensagem da CNBB ao Povo Brasileiro sobre o Momento Atual). A vida n\u00e3o \u00e9 prioridade para este governo.<\/p>\n<p>O chefe de governo e seus apoiadores, principalmente pol\u00edticos e religiosos, abusaram do nome de Deus para legitimar seus atos e ainda o usam para fins eleitorais. O uso do nome de Deus em v\u00e3o \u00e9 um desrespeito ao 2\u00ba mandamento. O abuso da religi\u00e3o para fins eleitoreiros foi condenado em nota oficial da presid\u00eancia da CNBB (11\/10\/2022), para a qual \u201ca manipula\u00e7\u00e3o religiosa sempre desvirtua os valores do Evangelho e tira o foco dos reais problemas que necessitam ser debatidos e enfrentados em nosso Brasil\u201d.<\/p>\n<p>Enquanto dizia \u201cDeus acima de tudo\u201d, o presidente ofendia as mulheres, debochava de pessoas que morriam asfixiadas, al\u00e9m de n\u00e3o demonstrar compaix\u00e3o alguma com as quase 700 mil vidas perdidas para a Covid-19 e com os 33 milh\u00f5es de pessoas famintas em seu pa\u00eds. Lembramos que o Brasil havia sa\u00eddo do mapa da fome em 2014, por acerto dos programas sociais de governos anteriores. Na pr\u00e1tica, esse apelo a Deus \u00e9 mentiroso, pois n\u00e3o cumpre o que Jesus apresentou como o maior dos mandamentos: amar a Deus sobre todas as coisas e ao pr\u00f3ximo como a si mesmo (Mt 22, 37). Quem diz que ama a Deus, mas odeia o seu irm\u00e3o \u00e9 \u201cmentiroso\u201d (1Jo 4,20).<\/p>\n<p>Os discursos e as medidas que visam armar todas as pessoas e eliminar os opositores est\u00e3o em contradi\u00e7\u00e3o tanto com o 5\u00ba mandamento, que diz \u201cn\u00e3o matar\u00e1s\u201d, quanto com a Doutrina Social da Igreja, que prop\u00f5e o desarmamento e diz que \u201co enorme aumento das armas representa uma amea\u00e7a grave para a estabilidade e a paz\u201d (Comp\u00eandio da Doutrina Social da Igreja, 508).<\/p>\n<p>Vivemos quatro anos sob o reinado da mentira, do sigilo e das informa\u00e7\u00f5es falsas. As fake news (not\u00edcias falsas veiculadas como se fossem verdades) se tornaram a forma \u201coficial\u201d de comunica\u00e7\u00e3o do governo com o povo. Isso fere o 8\u00ba mandamento, de n\u00e3o levantar falso testemunho, mas mostra tamb\u00e9m quem \u00e9 o verdadeiro \u201csenhor\u201d dos que, perversamente, se dedicam a espalhar falsidades e ocultar informa\u00e7\u00f5es de interesse p\u00fablico. Jesus diz que o Diabo \u00e9 o pai da mentira (Jo 8, 44), enquanto Ele \u00e9 o \u201ccaminho, a verdade e a vida\u201d (Jo 14,6).<\/p>\n<p>A Mensagem ao Povo Brasileiro, da 59\u00aa Assembleia Geral da CNBB, alertou-nos, tamb\u00e9m, de que \u201cnossa jovem democracia precisa ser protegida, por meio de amplo pacto nacional\u201d. No entanto, o atual governo e os parlamentares que o apoiam amea\u00e7am modificar a composi\u00e7\u00e3o do Supremo Tribunal Federal para criar uma maioria de apoio aos seus atos. O controle dos poderes Legislativo e Judici\u00e1rio sempre foi o passo determinante para a implanta\u00e7\u00e3o das ditaturas no mundo.<\/p>\n<p>Os crist\u00e3os t\u00eam capacidade para analisar qual dos dois projetos em disputa est\u00e1 mais pr\u00f3ximo dos princ\u00edpios humanistas e da ecologia integral. Basta analisar com dados e n\u00fameros e perguntar: qual dos candidatos concorrentes valorizou mais a sa\u00fade, a educa\u00e7\u00e3o e a supera\u00e7\u00e3o da pobreza e da mis\u00e9ria e qual retirou verbas do SUS, da educa\u00e7\u00e3o e acabou com programas sociais? Quem cuidou da natureza, principalmente, da Amaz\u00f4nia e quem incentivou a queima das florestas, o tr\u00e1fico ilegal de madeiras e o garimpo em terras ind\u00edgenas?<\/p>\n<p>N\u00e3o se trata de uma disputa religiosa, nem de mera op\u00e7\u00e3o partid\u00e1ria e, tampouco, de escolher o candidato perfeito, mas de uma decis\u00e3o sobre o futuro de nosso pa\u00eds, da democracia e do povo. A Igreja n\u00e3o tem partido, nem nunca ter\u00e1, por\u00e9m ela tem lado, e sempre ter\u00e1: o lado da justi\u00e7a e da paz, da verdade e da solidariedade, do amor e da igualdade, da liberdade religiosa e do Estado laico, da inclus\u00e3o social e do bem viver para todos. Por isso, seus ministros n\u00e3o podem deixar de se posicionar, quando se trata de defender a vida do ser humano e da natureza. Nossa motiva\u00e7\u00e3o \u00e9 \u00e9tica e n\u00e3o decorre do seguimento de um l\u00edder pol\u00edtico, nem de prefer\u00eancias pessoais, mas vem da fidelidade ao Evangelho de Jesus, \u00e0 Doutrina Social da Igreja e ao magist\u00e9rio prof\u00e9tico do Papa Francisco.<\/p>\n<p>Deus aben\u00e7oe o povo brasileiro e o Esp\u00edrito Santo de sabedoria e verdade ilumine nossas mentes e cora\u00e7\u00f5es, na hora de votarmos nesse segundo turno das elei\u00e7\u00f5es de 2022. Vejamos Jesus no rosto de cada pessoa, especialmente dos pobres que sofrem e n\u00e3o em autoridades humanas que os manipulam em nome de um projeto ideol\u00f3gico de poder pol\u00edtico e econ\u00f4mico.<\/p>\n<p>Em 24 de outubro de 2022, Mem\u00f3ria de Santo Ant\u00f4nio Maria Claret, bispo.<\/p>\n<p>Bispos do Di\u00e1logo pelo Reino.&#8221;<\/p>\n","protected":false},"excerpt":{"rendered":"<p>Bispos cat\u00f3licos brasileiros, integrantes do grupo &#8216;Bispos do Di\u00e1logo pelo Reino&#8217;, divulgaram no dia 24 de outubro de 2022, uma carta na qual se posicionam contra a reelei\u00e7\u00e3o de Jair Bolsonaro no segundo turno das elei\u00e7\u00f5es presidenciais. O grupo re\u00fane bispos de v\u00e1rias regi\u00f5es do Brasil. &#8220;A vida n\u00e3o \u00e9 prioridade para este governo&#8221;, afirmam [&hellip;]<\/p>\n","protected":false},"author":1,"featured_media":42431,"comment_status":"open","ping_status":"open","sticky":false,"template":"","format":"standard","meta":{"om_disable_all_campaigns":false,"_monsterinsights_skip_tracking":false,"_monsterinsights_sitenote_active":false,"_monsterinsights_sitenote_note":"","_monsterinsights_sitenote_category":0,"footnotes":""},"categories":[9],"tags":[318,24,741,154],"acf":[],"publishpress_future_action":{"enabled":false,"date":"1969-12-31 21:00:00","action":"","terms":[],"taxonomy":"","browser_timezone_offset":0},"_links":{"self":[{"href":"https:\/\/portalfloresnoar.com\/floresnoar\/wp-json\/wp\/v2\/posts\/42430"}],"collection":[{"href":"https:\/\/portalfloresnoar.com\/floresnoar\/wp-json\/wp\/v2\/posts"}],"about":[{"href":"https:\/\/portalfloresnoar.com\/floresnoar\/wp-json\/wp\/v2\/types\/post"}],"author":[{"embeddable":true,"href":"https:\/\/portalfloresnoar.com\/floresnoar\/wp-json\/wp\/v2\/users\/1"}],"replies":[{"embeddable":true,"href":"https:\/\/portalfloresnoar.com\/floresnoar\/wp-json\/wp\/v2\/comments?post=42430"}],"version-history":[{"count":0,"href":"https:\/\/portalfloresnoar.com\/floresnoar\/wp-json\/wp\/v2\/posts\/42430\/revisions"}],"wp:featuredmedia":[{"embeddable":true,"href":"https:\/\/portalfloresnoar.com\/floresnoar\/wp-json\/wp\/v2\/media\/42431"}],"wp:attachment":[{"href":"https:\/\/portalfloresnoar.com\/floresnoar\/wp-json\/wp\/v2\/media?parent=42430"}],"wp:term":[{"taxonomy":"category","embeddable":true,"href":"https:\/\/portalfloresnoar.com\/floresnoar\/wp-json\/wp\/v2\/categories?post=42430"},{"taxonomy":"post_tag","embeddable":true,"href":"https:\/\/portalfloresnoar.com\/floresnoar\/wp-json\/wp\/v2\/tags?post=42430"}],"curies":[{"name":"wp","href":"https:\/\/api.w.org\/{rel}","templated":true}]}}