

{"id":42423,"date":"2022-10-26T13:30:00","date_gmt":"2022-10-26T16:30:00","guid":{"rendered":"http:\/\/portalfloresnoar.com\/floresnoar\/?p=42423"},"modified":"2022-10-26T13:30:00","modified_gmt":"2022-10-26T16:30:00","slug":"carta-fe-na-democracia-congrega-expressoes-religiosas-ambientais-direitos-humanos-povos-tradicionais-cientistas-e-ativistas-sociais","status":"publish","type":"post","link":"https:\/\/portalfloresnoar.com\/floresnoar\/carta-fe-na-democracia-congrega-expressoes-religiosas-ambientais-direitos-humanos-povos-tradicionais-cientistas-e-ativistas-sociais\/","title":{"rendered":"&#8216;Carta F\u00e9 na Democracia&#8217; congrega express\u00f5es religiosas, ambientais, direitos humanos, povos tradicionais, cientistas e ativistas sociais"},"content":{"rendered":"<p><iframe loading=\"lazy\" title=\"YouTube video player\" src=\"https:\/\/www.youtube.com\/embed\/MK8OFWY9MXI\" width=\"560\" height=\"315\" frameborder=\"0\" allowfullscreen=\"allowfullscreen\"><\/iframe><\/p>\n<p>O Centro de Estudos Budistas Bodisatva (CEBB), o Instituto de Estudos da Religi\u00e3o (ISER) e a Iniciativa F\u00e9 no Clima lan\u00e7aram na segunda-feira passada (24\/10) a carta aberta F\u00e9 na Democracia.<\/p>\n<p>O lan\u00e7amento foi realizado na sede do CEBB Caminho do Meio, em Viam\u00e3o (RS), e transmitido via internet (grava\u00e7\u00e3o em v\u00eddeo dispon\u00edvel acima deste texto), contando com a participa\u00e7\u00e3o de centenas de pessoas e institui\u00e7\u00f5es engajadas na promo\u00e7\u00e3o de uma cultura de paz.<\/p>\n<p>A Carta F\u00e9 na Democracia congrega express\u00f5es religiosas, ambientais, direitos humanos, povos tradicionais, cientistas, ativistas sociais, os quais manifestam valores que acreditam ser fundamentais para o momento cr\u00edtico vivido pelo Brasil.<\/p>\n<p>&#8220;O mundo n\u00e3o vai melhorar pelo autocentramento e acirramento das diferen\u00e7as, nem pela acumula\u00e7\u00e3o. No Budismo percebemos a liberdade natural de construir nossas realidades: se podemos ser autocentrados, tamb\u00e9m podemos ser amorosos, compassivos e celebrar a nossa amizade ao sonhar e construir mundos&#8221;, declarou o Lama Padma Samten, anfitri\u00e3o do evento.<\/p>\n<p>&#8220;Apesar dos ataques contra nosso povo, temos esperan\u00e7a de que nossos filhos voltem a viver bem, a ter espa\u00e7o para plantar, a ter a mata e os lugares sagrados preservados. (&#8230;) se continuarmos a n\u00e3o enxergar nem ouvir o potencial das matas, das terras, da natureza, vamos perder a for\u00e7a que possu\u00edmos&#8221;, destacou o cacique geral Mby\u00e1 Guarani do Rio Grande do Sul, Cirilo Morinico.<\/p>\n<p>Durante o lan\u00e7amento, dezenas de lideran\u00e7as abordaram os temas da Carta F\u00e9 na Democracia desde os seus lugares de fala, exprimindo interesses comuns motivados pelo exerc\u00edcio da cultura de paz. Entre outros, participaram: Frei Betto, Monge Jorge Koho Mello, Edite Faganello (Instituto Nhandecy e Carta da Terra), Monja Jigme Chodzin (Drukpa Kagyu), Aurino Lima (ABRAPET), Maria Lala Ach\u00e9 (Instituto Cy) e Ananias Viana (lideran\u00e7a dos quilombos da Bahia).<\/p>\n<p>At\u00e9 o dia 26\/10\/2022, assinaram a Carta F\u00e9 na Democracia 97 institui\u00e7\u00f5es e 3.602 cidad\u00e3os e cidad\u00e3s.<\/p>\n<p>Para ler e assinar o documento, basta acessar o site: <a href=\"https:\/\/www.fenademocracia.org.br\/\" target=\"_blank\" rel=\"noopener\">www.fenademocracia.org.br<\/a><\/p>\n","protected":false},"excerpt":{"rendered":"<p>O Centro de Estudos Budistas Bodisatva (CEBB), o Instituto de Estudos da Religi\u00e3o (ISER) e a Iniciativa F\u00e9 no Clima lan\u00e7aram na segunda-feira passada (24\/10) a carta aberta F\u00e9 na Democracia. O lan\u00e7amento foi realizado na sede do CEBB Caminho do Meio, em Viam\u00e3o (RS), e transmitido via internet (grava\u00e7\u00e3o em v\u00eddeo dispon\u00edvel acima deste [&hellip;]<\/p>\n","protected":false},"author":1,"featured_media":42425,"comment_status":"open","ping_status":"open","sticky":false,"template":"","format":"standard","meta":{"om_disable_all_campaigns":false,"_monsterinsights_skip_tracking":false,"_monsterinsights_sitenote_active":false,"_monsterinsights_sitenote_note":"","_monsterinsights_sitenote_category":0,"footnotes":""},"categories":[9],"tags":[30,318,154],"acf":[],"publishpress_future_action":{"enabled":false,"date":"1969-12-31 21:00:00","action":"","terms":[],"taxonomy":"","browser_timezone_offset":0},"_links":{"self":[{"href":"https:\/\/portalfloresnoar.com\/floresnoar\/wp-json\/wp\/v2\/posts\/42423"}],"collection":[{"href":"https:\/\/portalfloresnoar.com\/floresnoar\/wp-json\/wp\/v2\/posts"}],"about":[{"href":"https:\/\/portalfloresnoar.com\/floresnoar\/wp-json\/wp\/v2\/types\/post"}],"author":[{"embeddable":true,"href":"https:\/\/portalfloresnoar.com\/floresnoar\/wp-json\/wp\/v2\/users\/1"}],"replies":[{"embeddable":true,"href":"https:\/\/portalfloresnoar.com\/floresnoar\/wp-json\/wp\/v2\/comments?post=42423"}],"version-history":[{"count":0,"href":"https:\/\/portalfloresnoar.com\/floresnoar\/wp-json\/wp\/v2\/posts\/42423\/revisions"}],"wp:featuredmedia":[{"embeddable":true,"href":"https:\/\/portalfloresnoar.com\/floresnoar\/wp-json\/wp\/v2\/media\/42425"}],"wp:attachment":[{"href":"https:\/\/portalfloresnoar.com\/floresnoar\/wp-json\/wp\/v2\/media?parent=42423"}],"wp:term":[{"taxonomy":"category","embeddable":true,"href":"https:\/\/portalfloresnoar.com\/floresnoar\/wp-json\/wp\/v2\/categories?post=42423"},{"taxonomy":"post_tag","embeddable":true,"href":"https:\/\/portalfloresnoar.com\/floresnoar\/wp-json\/wp\/v2\/tags?post=42423"}],"curies":[{"name":"wp","href":"https:\/\/api.w.org\/{rel}","templated":true}]}}