

{"id":42422,"date":"2022-03-26T20:03:50","date_gmt":"2022-03-26T23:03:50","guid":{"rendered":"http:\/\/portalfloresnoar.com\/floresnoar\/?p=42422"},"modified":"2022-12-01T10:21:08","modified_gmt":"2022-12-01T13:21:08","slug":"agenda-curso-on-line-de-tarot-tem-inicio-no-dia-2911","status":"publish","type":"post","link":"https:\/\/portalfloresnoar.com\/floresnoar\/agenda-curso-on-line-de-tarot-tem-inicio-no-dia-2911\/","title":{"rendered":"[AGENDA] Curso on-line de Tarot tem in\u00edcio no dia 29\/11"},"content":{"rendered":"<p><img decoding=\"async\" loading=\"lazy\" class=\"aligncenter wp-image-42428\" src=\"http:\/\/portalfloresnoar.com\/floresnoar\/wp-content\/uploads\/2022\/10\/curso-online-de-tarot-2-700x700.jpeg\" alt=\"\" width=\"561\" height=\"561\" srcset=\"https:\/\/portalfloresnoar.com\/floresnoar\/wp-content\/uploads\/2022\/10\/curso-online-de-tarot-2-700x700.jpeg 700w, https:\/\/portalfloresnoar.com\/floresnoar\/wp-content\/uploads\/2022\/10\/curso-online-de-tarot-2-150x150.jpeg 150w, https:\/\/portalfloresnoar.com\/floresnoar\/wp-content\/uploads\/2022\/10\/curso-online-de-tarot-2-300x300.jpeg 300w, https:\/\/portalfloresnoar.com\/floresnoar\/wp-content\/uploads\/2022\/10\/curso-online-de-tarot-2-768x768.jpeg 768w, https:\/\/portalfloresnoar.com\/floresnoar\/wp-content\/uploads\/2022\/10\/curso-online-de-tarot-2-100x100.jpeg 100w, https:\/\/portalfloresnoar.com\/floresnoar\/wp-content\/uploads\/2022\/10\/curso-online-de-tarot-2.jpeg 1080w\" sizes=\"(max-width: 561px) 100vw, 561px\" \/><\/p>\n<p>A Carcar\u00e1 \u2013 Escola de Tarot inicia no dia 29 de novembro de 2022 uma nova turma do Curso On-line de Teoria e Pr\u00e1tica do Tarot. Os encontros ser\u00e3o facilitados pelos tar\u00f3logos Sabrina Carvalho e Aristeu Portela, durante seis meses, nas ter\u00e7as-feiras, das 19h30 \u00e0s 21h. As aulas ao vivo acontecer\u00e3o atrav\u00e9s da plataforma videoconfer\u00eancia Zoom.<\/p>\n<p>Entendendo o Tarot como um instrumento profundo de autoconhecimento e desenvolvimento pessoal, o curso visa introduzir e aprofundar o tema, desde sua concep\u00e7\u00e3o hist\u00f3rica \u00e0s variantes te\u00f3ricas que acercam o universo tarol\u00f3gico, enfatizando a simbologia das 78 cartas (Arcanos Maiores e Menores), al\u00e9m da realiza\u00e7\u00e3o de exerc\u00edcios pr\u00e1ticos.<\/p>\n<p>De acordo com os facilitadores, o curso \u00e9 voltado tanto para as pessoas que querem iniciar os estudos, como para as que querem aprofundar, atrav\u00e9s de uma metodologia que compreende o Tarot como um campo do conhecimento oculto, que acolhe uma variedade de inten\u00e7\u00f5es a cerca desses estudos, englobando tanto quem visa entrar no mercado de trabalho com o Tarot, como quem busca nos estudos uma conex\u00e3o com o seu eu divino.<\/p>\n<p>SERVI\u00c7O<br \/>\n<strong>VII turma do Curso On-line de Teoria e Pr\u00e1tica do Tarot<\/strong><br \/>\n<strong>In\u00edcio:<\/strong> 29\/11\/2022<br \/>\n<strong>Per\u00edodo do curso:<\/strong> De novembro de 2022 a maio de 2023, sempre nas ter\u00e7as-feiras<br \/>\n<strong>Hor\u00e1rio:<\/strong> Das 19h30 \u00e0s 21h<br \/>\n<strong>Local:<\/strong> Plataforma de videoconfer\u00eancia Zoom<br \/>\n<strong>Investimento:<\/strong> 6x de R$ 350,00 (boleto). [Pagamentos \u00e0 vista ou no cart\u00e3o de cr\u00e9dito ficam por R$ 2.000,00].<\/p>\n<p><em>Obs.1: Todas as aulas ser\u00e3o gravadas, e o acesso \u00e0 biblioteca virtual e \u00e0s aulas gravadas fica dispon\u00edvel pelo per\u00edodo de 1 ano.<\/em><\/p>\n<p><em>Obs.2: O curso fornece apostila e certificado.<\/em><\/p>\n<p>INSCRI\u00c7\u00d5ES E MAIS INFORMA\u00c7\u00d5ES<br \/>\n<strong>Fone\/ WhatsApp:<\/strong>\u00a0(81) 99634.5003<br \/>\n<strong>E-mail:<\/strong>\u00a0carcaratarot@gmail.com<br \/>\n<strong>Instagram:<\/strong>\u00a0<a href=\"https:\/\/www.instagram.com\/carcaratarot\/\" target=\"_blank\" rel=\"noopener\">@carcaratarot<\/a><\/p>\n","protected":false},"excerpt":{"rendered":"<p>A Carcar\u00e1 \u2013 Escola de Tarot inicia no dia 29 de novembro de 2022 uma nova turma do Curso On-line de Teoria e Pr\u00e1tica do Tarot. Os encontros ser\u00e3o facilitados pelos tar\u00f3logos Sabrina Carvalho e Aristeu Portela, durante seis meses, nas ter\u00e7as-feiras, das 19h30 \u00e0s 21h. As aulas ao vivo acontecer\u00e3o atrav\u00e9s da plataforma videoconfer\u00eancia [&hellip;]<\/p>\n","protected":false},"author":1,"featured_media":42429,"comment_status":"open","ping_status":"open","sticky":false,"template":"","format":"standard","meta":{"om_disable_all_campaigns":false,"_monsterinsights_skip_tracking":false,"_monsterinsights_sitenote_active":false,"_monsterinsights_sitenote_note":"","_monsterinsights_sitenote_category":0,"footnotes":""},"categories":[8,214],"tags":[167,1054,296,86],"acf":[],"publishpress_future_action":{"enabled":false,"date":"1969-12-31 21:00:00","action":"","terms":[],"taxonomy":"","browser_timezone_offset":0},"_links":{"self":[{"href":"https:\/\/portalfloresnoar.com\/floresnoar\/wp-json\/wp\/v2\/posts\/42422"}],"collection":[{"href":"https:\/\/portalfloresnoar.com\/floresnoar\/wp-json\/wp\/v2\/posts"}],"about":[{"href":"https:\/\/portalfloresnoar.com\/floresnoar\/wp-json\/wp\/v2\/types\/post"}],"author":[{"embeddable":true,"href":"https:\/\/portalfloresnoar.com\/floresnoar\/wp-json\/wp\/v2\/users\/1"}],"replies":[{"embeddable":true,"href":"https:\/\/portalfloresnoar.com\/floresnoar\/wp-json\/wp\/v2\/comments?post=42422"}],"version-history":[{"count":0,"href":"https:\/\/portalfloresnoar.com\/floresnoar\/wp-json\/wp\/v2\/posts\/42422\/revisions"}],"wp:featuredmedia":[{"embeddable":true,"href":"https:\/\/portalfloresnoar.com\/floresnoar\/wp-json\/wp\/v2\/media\/42429"}],"wp:attachment":[{"href":"https:\/\/portalfloresnoar.com\/floresnoar\/wp-json\/wp\/v2\/media?parent=42422"}],"wp:term":[{"taxonomy":"category","embeddable":true,"href":"https:\/\/portalfloresnoar.com\/floresnoar\/wp-json\/wp\/v2\/categories?post=42422"},{"taxonomy":"post_tag","embeddable":true,"href":"https:\/\/portalfloresnoar.com\/floresnoar\/wp-json\/wp\/v2\/tags?post=42422"}],"curies":[{"name":"wp","href":"https:\/\/api.w.org\/{rel}","templated":true}]}}