

{"id":42413,"date":"2022-10-24T09:11:04","date_gmt":"2022-10-24T12:11:04","guid":{"rendered":"http:\/\/portalfloresnoar.com\/floresnoar\/?p=42413"},"modified":"2022-10-24T09:12:44","modified_gmt":"2022-10-24T12:12:44","slug":"carta-aberta-de-arteterapeutas-em-defesa-da-democracia","status":"publish","type":"post","link":"https:\/\/portalfloresnoar.com\/floresnoar\/carta-aberta-de-arteterapeutas-em-defesa-da-democracia\/","title":{"rendered":"Carta aberta de arteterapeutas em defesa da democracia"},"content":{"rendered":"<p><img decoding=\"async\" loading=\"lazy\" class=\"aligncenter wp-image-42414\" src=\"http:\/\/portalfloresnoar.com\/floresnoar\/wp-content\/uploads\/2022\/10\/ARTETERAPEUTAS-PELA-DEMOCRACIA-700x394.jpg\" alt=\"\" width=\"577\" height=\"325\" srcset=\"https:\/\/portalfloresnoar.com\/floresnoar\/wp-content\/uploads\/2022\/10\/ARTETERAPEUTAS-PELA-DEMOCRACIA-700x394.jpg 700w, https:\/\/portalfloresnoar.com\/floresnoar\/wp-content\/uploads\/2022\/10\/ARTETERAPEUTAS-PELA-DEMOCRACIA-300x169.jpg 300w, https:\/\/portalfloresnoar.com\/floresnoar\/wp-content\/uploads\/2022\/10\/ARTETERAPEUTAS-PELA-DEMOCRACIA-768x432.jpg 768w, https:\/\/portalfloresnoar.com\/floresnoar\/wp-content\/uploads\/2022\/10\/ARTETERAPEUTAS-PELA-DEMOCRACIA.jpg 1920w\" sizes=\"(max-width: 577px) 100vw, 577px\" \/><\/p>\n<p><strong><em>Arteterapeutas que apoiam a democracia escrevem carta na qual se posicionam, claramente, a favor da candidatura de Lula, diante do grave cen\u00e1rio bolsonarista que se instalou no Pa\u00eds.\u00a0 Confira abaixo o texto da carta!<\/em><\/strong><\/p>\n<p>&#8220;Somos um coletivo de arteterapeutas independentes que tem refletido acerca do nosso papel na sociedade neste momento. Como profissionais que t\u00eam a fun\u00e7\u00e3o de contribuir para o cuidado da sa\u00fade mental atrav\u00e9s da arte, da criatividade e das diversas manifesta\u00e7\u00f5es culturais, vimos a p\u00fablico nos posicionar.<\/p>\n<p>A arteterapia, enquanto saber e pr\u00e1tica inseridos no campo da aten\u00e7\u00e3o psicossocial, est\u00e1 comprometida com a sa\u00fade humana e a valoriza\u00e7\u00e3o da vida. Compreendemos que o trabalho de est\u00edmulo \u00e0 criatividade possibilita auxiliar os indiv\u00edduos a se tornarem agentes criadores que reconhe\u00e7am a dimens\u00e3o de sua pr\u00f3pria pot\u00eancia e que possam lidar e elaborar confrontos e embates da vida cotidiana.<\/p>\n<p>Para que isso ocorra, \u00e9 importante que os direitos e a prote\u00e7\u00e3o \u00e0 cidadania sejam garantidos e preservados.<br \/>\n\u00c9 imprescind\u00edvel que seja oferecida \u00e0 sociedade a nutri\u00e7\u00e3o dessas potencialidades criativas atrav\u00e9s de espa\u00e7os comunit\u00e1rios, permitindo a democratiza\u00e7\u00e3o de possibilidades que visem o bem estar de todos.<\/p>\n<p>Nos \u00faltimos quatro anos n\u00e3o foi isso que vimos. No (des)governo de Bolsonaro, vivenciamos diversos retrocessos, tais como o esfacelamento do SUS; os cortes no or\u00e7amento que desmontaram programas de sa\u00fade mental ligados \u00e0 aten\u00e7\u00e3o prim\u00e1ria, destinando verbas para o tratamento de dependentes qu\u00edmicos \u00e0s comunidades terap\u00eauticas aliadas \u00e0s igrejas; o descaso com as pessoas que morreram por COVID-19; a postura negacionista com a vacina e o est\u00edmulo aos tratamentos precoces sem nenhuma comprova\u00e7\u00e3o cient\u00edfica, culminando em uma tentativa de descredibilizar a Ci\u00eancia e o SUS; a maneira desrespeitosa com que tratou as quest\u00f5es de g\u00eanero, as \u00e9tnico-raciais e as desigualdades sociais; o desprezo com a preserva\u00e7\u00e3o do meio ambiente; a falta de reconhecimento da relev\u00e2ncia de Dra. Nise da Silveira na luta antimanicomial; a promo\u00e7\u00e3o e o est\u00edmulo \u00e0s diversas formas de viol\u00eancia; a facilita\u00e7\u00e3o ao acesso \u00e0s armas; a exalta\u00e7\u00e3o da tortura, do machismo, da homofobia, da lgbtfobia, do racismo e do preconceito regional e contra os povos origin\u00e1rios; o desrespeito com as inf\u00e2ncias, as juventudes e as mulheres; a desaten\u00e7\u00e3o com o aumento consider\u00e1vel do feminic\u00eddio e do estupro; a dissemina\u00e7\u00e3o de fakenews; o desmonte do Minist\u00e9rio da Cultura; a banaliza\u00e7\u00e3o da preserva\u00e7\u00e3o da vida e da destrui\u00e7\u00e3o de reputa\u00e7\u00f5es, mesmo daquelas pessoas que foram mortas; as quebras constantes de decoro; o apoio \u00e0s mil\u00edcias, entre outras infind\u00e1veis viola\u00e7\u00f5es dos direitos humanos.<\/p>\n<p>Portanto, n\u00f3s, arteterapeutas, declaramos nosso apoio \u00e0 DEMOCRACIA e em defesa da SA\u00daDE, da CULTURA, da ARTE, da EDUCA\u00c7\u00c3O, da VIDA e da CIDADANIA, votamos em Lula para presidente nas elei\u00e7\u00f5es de 2022.<\/p>\n<p>Coletivo de Arteterapeutas pela Democracia<br \/>\n21 de Outubro de 2022&#8221;<\/p>\n<p><strong>Para assinar a carta, acesse este link:<\/strong>\u00a0<a href=\"https:\/\/peticaopublica.com.br\/?pi=BR127718\" target=\"_blank\" rel=\"noopener\">https:\/\/peticaopublica.com.br\/?pi=BR127718<\/a><\/p>\n","protected":false},"excerpt":{"rendered":"<p>Arteterapeutas que apoiam a democracia escrevem carta na qual se posicionam, claramente, a favor da candidatura de Lula, diante do grave cen\u00e1rio bolsonarista que se instalou no Pa\u00eds.\u00a0 Confira abaixo o texto da carta! &#8220;Somos um coletivo de arteterapeutas independentes que tem refletido acerca do nosso papel na sociedade neste momento. Como profissionais que t\u00eam [&hellip;]<\/p>\n","protected":false},"author":1,"featured_media":42414,"comment_status":"open","ping_status":"open","sticky":false,"template":"","format":"standard","meta":{"om_disable_all_campaigns":false,"_monsterinsights_skip_tracking":false,"_monsterinsights_sitenote_active":false,"_monsterinsights_sitenote_note":"","_monsterinsights_sitenote_category":0,"footnotes":""},"categories":[10],"tags":[34,318,154],"acf":[],"publishpress_future_action":{"enabled":false,"date":"1969-12-31 21:00:00","action":"","terms":[],"taxonomy":"","browser_timezone_offset":0},"_links":{"self":[{"href":"https:\/\/portalfloresnoar.com\/floresnoar\/wp-json\/wp\/v2\/posts\/42413"}],"collection":[{"href":"https:\/\/portalfloresnoar.com\/floresnoar\/wp-json\/wp\/v2\/posts"}],"about":[{"href":"https:\/\/portalfloresnoar.com\/floresnoar\/wp-json\/wp\/v2\/types\/post"}],"author":[{"embeddable":true,"href":"https:\/\/portalfloresnoar.com\/floresnoar\/wp-json\/wp\/v2\/users\/1"}],"replies":[{"embeddable":true,"href":"https:\/\/portalfloresnoar.com\/floresnoar\/wp-json\/wp\/v2\/comments?post=42413"}],"version-history":[{"count":0,"href":"https:\/\/portalfloresnoar.com\/floresnoar\/wp-json\/wp\/v2\/posts\/42413\/revisions"}],"wp:featuredmedia":[{"embeddable":true,"href":"https:\/\/portalfloresnoar.com\/floresnoar\/wp-json\/wp\/v2\/media\/42414"}],"wp:attachment":[{"href":"https:\/\/portalfloresnoar.com\/floresnoar\/wp-json\/wp\/v2\/media?parent=42413"}],"wp:term":[{"taxonomy":"category","embeddable":true,"href":"https:\/\/portalfloresnoar.com\/floresnoar\/wp-json\/wp\/v2\/categories?post=42413"},{"taxonomy":"post_tag","embeddable":true,"href":"https:\/\/portalfloresnoar.com\/floresnoar\/wp-json\/wp\/v2\/tags?post=42413"}],"curies":[{"name":"wp","href":"https:\/\/api.w.org\/{rel}","templated":true}]}}