

{"id":42364,"date":"2022-02-06T18:46:37","date_gmt":"2022-02-06T21:46:37","guid":{"rendered":"http:\/\/portalfloresnoar.com\/floresnoar\/?p=42364"},"modified":"2022-10-26T20:11:14","modified_gmt":"2022-10-26T23:11:14","slug":"agenda-pe-encontro-vivencial-florescer-dia-2210-com-a-terapeuta-idalina-felipe-no-recife","status":"publish","type":"post","link":"https:\/\/portalfloresnoar.com\/floresnoar\/agenda-pe-encontro-vivencial-florescer-dia-2210-com-a-terapeuta-idalina-felipe-no-recife\/","title":{"rendered":"[AGENDA PE] Encontro Vivencial Florescer, dia 22\/10, com a terapeuta Idalina Felipe, no Recife"},"content":{"rendered":"<p><img decoding=\"async\" loading=\"lazy\" class=\"wp-image-42367 aligncenter\" src=\"http:\/\/portalfloresnoar.com\/floresnoar\/wp-content\/uploads\/2022\/10\/Encontro-vivencial-florescer-700x371.jpg\" alt=\"\" width=\"619\" height=\"328\" srcset=\"https:\/\/portalfloresnoar.com\/floresnoar\/wp-content\/uploads\/2022\/10\/Encontro-vivencial-florescer-700x371.jpg 700w, https:\/\/portalfloresnoar.com\/floresnoar\/wp-content\/uploads\/2022\/10\/Encontro-vivencial-florescer-300x159.jpg 300w, https:\/\/portalfloresnoar.com\/floresnoar\/wp-content\/uploads\/2022\/10\/Encontro-vivencial-florescer-768x407.jpg 768w, https:\/\/portalfloresnoar.com\/floresnoar\/wp-content\/uploads\/2022\/10\/Encontro-vivencial-florescer.jpg 954w\" sizes=\"(max-width: 619px) 100vw, 619px\" \/><\/p>\n<p>A psic\u00f3loga, analista bioenerg\u00e9tica e consteladora familiar Idalina Felipe realiza no Recife, dia 22 de outubro, o &#8216;Encontro Vivencial Florescer: dos espinhos \u00e0 flor&#8217;, com o intuito de trabalhar os v\u00ednculos familiares, atrav\u00e9s do corpo. A viv\u00eancia acontece das 9h \u00e0s 12h, na Vila Ananda, localizada no bairro do Rosarinho.<\/p>\n<p>&#8220;Esse encontro foi desenhado para que possamos conectar com as informa\u00e7\u00f5es contidas no corpo f\u00edsico e emocional. Registramos na mem\u00f3ria celular tudo que nos ocorre, antes mesmo de nosso c\u00e9rebro estar pronto para fazer o registro cognitivo da informa\u00e7\u00e3o. Por esta raz\u00e3o \u00e9 poss\u00edvel identificar emo\u00e7\u00f5es corporais que n\u00e3o conseguimos nomear, mas ainda assim despertam sensa\u00e7\u00f5es e sentimentos&#8221;, explica Idalina.<\/p>\n<p>A base te\u00f3rica da viv\u00eancia est\u00e1 apoiada na leitura psicocorporal da Analise Bioenerg\u00e9tica de Alexander Lowen, e nos movimentos sist\u00eamicos, desenvolvidos a partir da leitura das rela\u00e7\u00f5es, utilizando o m\u00e9todo de Bert Helinger.<\/p>\n<p>&#8220;Utilizaremos o nosso corpo como instrumento de trabalho, e, a partir dele, decodificaremos onde est\u00e3o alguns dos espinhos que nos impedem de desenvolver uma rela\u00e7\u00e3o mais amorosa e fluida com algumas pessoas de nossa fam\u00edlia&#8221;.<\/p>\n<p>A viv\u00eancia \u00e9 voltada para todas as pessoas que desejam conhecer um pouco mais sobre os movimentos sist\u00eamicos, e, principalmente, para quem sente que precisa melhorar algum relacionamento familiar. &#8220;Se voc\u00ea tem um n\u00f3 ou um espinho que n\u00e3o te permite fluir com algu\u00e9m de sua fam\u00edlia, esse encontro pode te apresentar novas nuances dessa rela\u00e7\u00e3o&#8221;, conta Idalina.<\/p>\n<p>GUIA DA VIV\u00caNCIA<br \/>\n<img decoding=\"async\" loading=\"lazy\" class=\"wp-image-42369 alignleft\" src=\"http:\/\/portalfloresnoar.com\/floresnoar\/wp-content\/uploads\/2022\/10\/terapeuta-idalina-felipe.jpg\" alt=\"\" width=\"177\" height=\"191\" \/><\/p>\n<p><strong>Idalina Felipe<\/strong> \u00e9 psic\u00f3loga cl\u00ednica, analista Bioenerg\u00e9tica, neuropsic\u00f3loga, consteladora Familiar e uma estudiosa das terapias complementares, como: Terapia Floral, Aromoterapia, Reiki, Auriculoterapia, entre outras. J\u00e1 estudou e experimentou diversos trabalhos de desenvolvimento pessoal ao longo da vida, e realizou trabalhos com grupos terap\u00eauticos de professores, grupos de mulheres e grupos mistos.<\/p>\n<p>&nbsp;<\/p>\n<p>SERVI\u00c7O<br \/>\n<strong>Encontro Vivencial Florescer<\/strong><br \/>\n<strong>Dia:<\/strong> 22 de outubro de 2022<br \/>\n<strong>Hora:<\/strong> Das 9h \u00e0s 12h<br \/>\n<strong>Local:<\/strong> VILA ANANDA &#8211; Av. Santos Dumont, 565, Rosarinho, Recife-PE<br \/>\n<strong>Investimento:<\/strong> R$ 127,00 (via PIX) ou R$ 137,00 (cart\u00e3o de cr\u00e9dito)<\/p>\n<p><strong>Inscri\u00e7\u00f5es, atrav\u00e9s do formul\u00e1rio dispon\u00edvel neste link:<\/strong> <a href=\"https:\/\/docs.google.com\/forms\/d\/e\/1FAIpQLSdeD6Dm6V1o1nMAxAKGmv5Nh3O9r9wpqlG0dCaWopIPQNvRjQ\/viewform\" target=\"_blank\" rel=\"noopener\">https:\/\/docs.google.com\/forms\/d\/e\/1FAIpQLSdeD6Dm6V1o1nMAxAKGmv5Nh3O9r9wpqlG0dCaWopIPQNvRjQ\/viewform<\/a><\/p>\n<p>MAIS INFORMA\u00c7\u00d5ES<br \/>\n<strong>WhatsApp:<\/strong> (81) 98690-6115<br \/>\n<strong>E-mail:<\/strong> idalinafelipepsicologa@gmail.com<br \/>\n<strong>Instagram:<\/strong> <a href=\"https:\/\/www.instagram.com\/idalinafelipepsicologa\/\" target=\"_blank\" rel=\"noopener\">@idalinafelipepsicologa<\/a><\/p>\n","protected":false},"excerpt":{"rendered":"<p>A psic\u00f3loga, analista bioenerg\u00e9tica e consteladora familiar Idalina Felipe realiza no Recife, dia 22 de outubro, o &#8216;Encontro Vivencial Florescer: dos espinhos \u00e0 flor&#8217;, com o intuito de trabalhar os v\u00ednculos familiares, atrav\u00e9s do corpo. A viv\u00eancia acontece das 9h \u00e0s 12h, na Vila Ananda, localizada no bairro do Rosarinho. &#8220;Esse encontro foi desenhado para [&hellip;]<\/p>\n","protected":false},"author":1,"featured_media":42368,"comment_status":"open","ping_status":"open","sticky":false,"template":"","format":"standard","meta":{"om_disable_all_campaigns":false,"_monsterinsights_skip_tracking":false,"_monsterinsights_sitenote_active":false,"_monsterinsights_sitenote_note":"","_monsterinsights_sitenote_category":0,"footnotes":""},"categories":[8,214],"tags":[302,389,244,304],"acf":[],"publishpress_future_action":{"enabled":false,"date":"1969-12-31 21:00:00","action":"","terms":[],"taxonomy":"","browser_timezone_offset":0},"_links":{"self":[{"href":"https:\/\/portalfloresnoar.com\/floresnoar\/wp-json\/wp\/v2\/posts\/42364"}],"collection":[{"href":"https:\/\/portalfloresnoar.com\/floresnoar\/wp-json\/wp\/v2\/posts"}],"about":[{"href":"https:\/\/portalfloresnoar.com\/floresnoar\/wp-json\/wp\/v2\/types\/post"}],"author":[{"embeddable":true,"href":"https:\/\/portalfloresnoar.com\/floresnoar\/wp-json\/wp\/v2\/users\/1"}],"replies":[{"embeddable":true,"href":"https:\/\/portalfloresnoar.com\/floresnoar\/wp-json\/wp\/v2\/comments?post=42364"}],"version-history":[{"count":0,"href":"https:\/\/portalfloresnoar.com\/floresnoar\/wp-json\/wp\/v2\/posts\/42364\/revisions"}],"wp:featuredmedia":[{"embeddable":true,"href":"https:\/\/portalfloresnoar.com\/floresnoar\/wp-json\/wp\/v2\/media\/42368"}],"wp:attachment":[{"href":"https:\/\/portalfloresnoar.com\/floresnoar\/wp-json\/wp\/v2\/media?parent=42364"}],"wp:term":[{"taxonomy":"category","embeddable":true,"href":"https:\/\/portalfloresnoar.com\/floresnoar\/wp-json\/wp\/v2\/categories?post=42364"},{"taxonomy":"post_tag","embeddable":true,"href":"https:\/\/portalfloresnoar.com\/floresnoar\/wp-json\/wp\/v2\/tags?post=42364"}],"curies":[{"name":"wp","href":"https:\/\/api.w.org\/{rel}","templated":true}]}}