

{"id":42363,"date":"2022-10-10T10:25:14","date_gmt":"2022-10-10T13:25:14","guid":{"rendered":"http:\/\/portalfloresnoar.com\/floresnoar\/?p=42363"},"modified":"2022-10-10T18:43:04","modified_gmt":"2022-10-10T21:43:04","slug":"maracatu-estrela-de-serra-busca-apoio-atraves-de-financiamento-coletivo","status":"publish","type":"post","link":"https:\/\/portalfloresnoar.com\/floresnoar\/maracatu-estrela-de-serra-busca-apoio-atraves-de-financiamento-coletivo\/","title":{"rendered":"Maracatu Estrela de Serra busca apoio atrav\u00e9s de financiamento coletivo"},"content":{"rendered":"<p><iframe loading=\"lazy\" title=\"YouTube video player\" src=\"https:\/\/www.youtube.com\/embed\/Qs-40cFeHIw\" width=\"560\" height=\"315\" frameborder=\"0\" allowfullscreen=\"allowfullscreen\"><\/iframe><\/p>\n<p>O <a href=\"https:\/\/www.instagram.com\/maracatuestreladeserraoficial\/\" target=\"_blank\" rel=\"noopener\">Maracatu Estrela de Serra<\/a>, nascido em 5 de mar\u00e7o de 2016,\u00a0em Serra Grande (sul da Bahia), est\u00e1 realizando um financiamento coletivo para\u00a0angariar recursos financeiros que possibilitar\u00e3o a realiza\u00e7\u00e3o das pr\u00f3ximas atividades do grupo, assim como a melhoria estrutural, com a aquisi\u00e7\u00e3o de instrumentos e confec\u00e7\u00e3o de figurinos.<\/p>\n<p><img decoding=\"async\" loading=\"lazy\" class=\" wp-image-42377 alignleft\" src=\"http:\/\/portalfloresnoar.com\/floresnoar\/wp-content\/uploads\/2022\/10\/maracatu-estrela-de-serra-3-300x236.jpeg\" alt=\"\" width=\"361\" height=\"284\" srcset=\"https:\/\/portalfloresnoar.com\/floresnoar\/wp-content\/uploads\/2022\/10\/maracatu-estrela-de-serra-3-300x236.jpeg 300w, https:\/\/portalfloresnoar.com\/floresnoar\/wp-content\/uploads\/2022\/10\/maracatu-estrela-de-serra-3-700x550.jpeg 700w, https:\/\/portalfloresnoar.com\/floresnoar\/wp-content\/uploads\/2022\/10\/maracatu-estrela-de-serra-3.jpeg 735w\" sizes=\"(max-width: 361px) 100vw, 361px\" \/>O Maracatu Estrela de Serra foi criado pela maestria da arte-educadora pernambucana Ana Diniz e hoje \u00e9 composto por cerca de 30 integrantes.\u00a0No momento atual, o Maracatu se prepara para o tradicional cortejo pelas ruas de Serra, que ser\u00e1 no dia 18 de novembro, em comemora\u00e7\u00e3o ao Dia da Consci\u00eancia Negra.<\/p>\n<p>&#8220;Buscamos com nossos cortejos, apresentac\u0327o\u0303es e oficinas, contribuir para a valorizac\u0327a\u0303o dessa manifestac\u0327a\u0303o arti\u0301stica, poli\u0301tica e espiritual que e\u0301 o Maracatu de Baque Virado, a fim de garantir o reconhecimento e a protec\u0327a\u0303o dessa manifestac\u0327a\u0303o popular, que conta uma histo\u0301ria matriarcal e negra, que na maioria das escolas na\u0303o e\u0301 contada&#8221;, conta a mestra Ana Diniz.<\/p>\n<p><img decoding=\"async\" loading=\"lazy\" class=\" wp-image-42375 alignright\" src=\"http:\/\/portalfloresnoar.com\/floresnoar\/wp-content\/uploads\/2022\/10\/maracatu-estrela-de-serra-1-300x225.jpeg\" alt=\"\" width=\"360\" height=\"270\" srcset=\"https:\/\/portalfloresnoar.com\/floresnoar\/wp-content\/uploads\/2022\/10\/maracatu-estrela-de-serra-1-300x225.jpeg 300w, https:\/\/portalfloresnoar.com\/floresnoar\/wp-content\/uploads\/2022\/10\/maracatu-estrela-de-serra-1-768x576.jpeg 768w, https:\/\/portalfloresnoar.com\/floresnoar\/wp-content\/uploads\/2022\/10\/maracatu-estrela-de-serra-1-700x525.jpeg 700w, https:\/\/portalfloresnoar.com\/floresnoar\/wp-content\/uploads\/2022\/10\/maracatu-estrela-de-serra-1-160x120.jpeg 160w, https:\/\/portalfloresnoar.com\/floresnoar\/wp-content\/uploads\/2022\/10\/maracatu-estrela-de-serra-1.jpeg 1280w\" sizes=\"(max-width: 360px) 100vw, 360px\" \/>O Maracatu Estrela de Serra e\u0301 para seus integrantes uma reconexa\u0303o com suas rai\u0301zes. E\u0301 guiado por uma mulher negra em espi\u0301rito, Dona Percilina, que foi mestra de cultura popular reconhecida, da regia\u0303o de Itacare\u0301, Bahia. Tem como dirigente e mestra Ana Diniz, contra-mestra Raquel Miranda, instrutor de percussa\u0303o Marce\u0301u Lima, e consultora de produ\u00e7\u00e3o Aloyana Lemos, que compo\u0303em a atual diretoria. A Rainha e\u0301 Neide Rodrigues, coreo\u0301grafa especialista em danc\u0327a afro, integrante da orquestra Gongobira do Terreiro Matamba Tombeci Neto, filha de Ma\u0303e Ilza Mucale\u0302, que atende e orienta o Maracatu Estrela de Serra. Os integrantes do Maracatu sa\u0303o de Serra Grande, Ilhe\u0301us, Itacare\u0301 e Marau\u0301, locais onde sa\u0303o realizados, ensaios, oficinas, apresentac\u0327o\u0303es e cortejos.<\/p>\n<p>&#8220;Na regia\u0303o em que nos encontramos, os corpos habitantes e nativos sa\u0303o majoritariamente negros, por isso entendemos que a difusa\u0303o do maracatu, enquanto histo\u0301ria desse povo que foi escravizado, e\u0301 de suma importa\u0302ncia para que, principalmente jovens e mulheres, se empoderem contra a colonizac\u0327a\u0303o patriarcal que ate\u0301 hoje e\u0301 imposta em suas vidas&#8221;.<\/p>\n<p>OBJETIVOS PRINCIPAIS DO FINANCIAMENTO COLETIVO<br \/>\n<strong>Os recursos arrecadados ser\u00e3o utilizados para tr\u00eas objetivos principais:<\/strong><\/p>\n<p><strong>1. Realiza\u00e7\u00e3o de cortejos, palestras e oficinas para o m\u00eas de Novembro, em uma programa\u00e7\u00e3o especial para o m\u00eas da Consci\u00eancia Negra <\/strong>&#8211;<strong>\u00a0<\/strong>Ser\u00e3o dois dias de evento de cultura e educa\u00e7\u00e3o para o dia da Consci\u00eancia Negra a serem realizados em Ilh\u00e9us e Serra Grande, incluindo um cortejo completo do Maracatu Estrela de Serra + Palestra de m\u00e3e B\u00e1rbara, mulher de origem quilombola, criadora das pr\u00e1ticas pedag\u00f3gicas desenvolvidas no terreiro Caxut\u00e9 , conhecidas como \u201cPretagogia, Pedagogira e Pedagoginga\u201d, ou apena \u201cPedagogia de Terreiro\u201d.<br \/>\n<strong>2. Melhor estrutura\u00e7\u00e3o do nosso grupo a n\u00edvel de instrumentos e figurinos<\/strong>\u00a0&#8211; Aquisi\u00e7\u00e3o de 7 novas alfaias, 3 ganz\u00e1s e materiais para confec\u00e7\u00e3o de 4 novos Agb\u00eas, al\u00e9m da manuten\u00e7\u00e3o e melhoria dos figurinos da corte).<br \/>\n<strong>3. Outras apresenta\u00e7\u00f5es e workshops ao longo do ano de 2023\u00a0 &#8211;\u00a0<\/strong>Atividades a serem realizadas em comunidades do baixo sul da Bahia, disseminando o Maracatu de Baque virado, n\u00e3o s\u00f3 como uma manifesta\u00e7\u00e3o cultural, mas como s\u00edmbolo da luta, da resist\u00eancia e da consci\u00eancia sobre a negritude.<\/p>\n<p><em><strong>Obs.:<\/strong> Os detalhes sobre a utiliza\u00e7\u00e3o dos recursos, podem ser conferidos neste link: <a href=\"https:\/\/bit.ly\/campanhaestreladeserra\" target=\"_blank\" rel=\"noopener\">https:\/\/bit.ly\/campanhaestreladeserra<\/a><\/em><\/p>\n<p><strong>Para contribuir, basta acessar este link e seguir as orienta\u00e7\u00f5es:\u00a0<\/strong><a href=\"https:\/\/benfeitoria.com\/projeto\/maracatuestreladeserra\" target=\"_blank\" rel=\"noopener\">https:\/\/benfeitoria.com\/projeto\/maracatuestreladeserra<\/a><\/p>\n<p><strong>CONTATOS<\/strong><br \/>\nAna Diniz:\u00a0+55 73 9957 3808 (WhatsApp)\/ anadinizz@gmail.com<br \/>\nJanaina Riccioppo: janaina.txai@gmail.com<\/p>\n","protected":false},"excerpt":{"rendered":"<p>O Maracatu Estrela de Serra, nascido em 5 de mar\u00e7o de 2016,\u00a0em Serra Grande (sul da Bahia), est\u00e1 realizando um financiamento coletivo para\u00a0angariar recursos financeiros que possibilitar\u00e3o a realiza\u00e7\u00e3o das pr\u00f3ximas atividades do grupo, assim como a melhoria estrutural, com a aquisi\u00e7\u00e3o de instrumentos e confec\u00e7\u00e3o de figurinos. O Maracatu Estrela de Serra foi criado [&hellip;]<\/p>\n","protected":false},"author":1,"featured_media":42378,"comment_status":"open","ping_status":"open","sticky":false,"template":"","format":"standard","meta":{"om_disable_all_campaigns":false,"_monsterinsights_skip_tracking":false,"_monsterinsights_sitenote_active":false,"_monsterinsights_sitenote_note":"","_monsterinsights_sitenote_category":0,"footnotes":""},"categories":[9],"tags":[373,1237,1153],"acf":[],"publishpress_future_action":{"enabled":false,"date":"1969-12-31 21:00:00","action":"","terms":[],"taxonomy":"","browser_timezone_offset":0},"_links":{"self":[{"href":"https:\/\/portalfloresnoar.com\/floresnoar\/wp-json\/wp\/v2\/posts\/42363"}],"collection":[{"href":"https:\/\/portalfloresnoar.com\/floresnoar\/wp-json\/wp\/v2\/posts"}],"about":[{"href":"https:\/\/portalfloresnoar.com\/floresnoar\/wp-json\/wp\/v2\/types\/post"}],"author":[{"embeddable":true,"href":"https:\/\/portalfloresnoar.com\/floresnoar\/wp-json\/wp\/v2\/users\/1"}],"replies":[{"embeddable":true,"href":"https:\/\/portalfloresnoar.com\/floresnoar\/wp-json\/wp\/v2\/comments?post=42363"}],"version-history":[{"count":0,"href":"https:\/\/portalfloresnoar.com\/floresnoar\/wp-json\/wp\/v2\/posts\/42363\/revisions"}],"wp:featuredmedia":[{"embeddable":true,"href":"https:\/\/portalfloresnoar.com\/floresnoar\/wp-json\/wp\/v2\/media\/42378"}],"wp:attachment":[{"href":"https:\/\/portalfloresnoar.com\/floresnoar\/wp-json\/wp\/v2\/media?parent=42363"}],"wp:term":[{"taxonomy":"category","embeddable":true,"href":"https:\/\/portalfloresnoar.com\/floresnoar\/wp-json\/wp\/v2\/categories?post=42363"},{"taxonomy":"post_tag","embeddable":true,"href":"https:\/\/portalfloresnoar.com\/floresnoar\/wp-json\/wp\/v2\/tags?post=42363"}],"curies":[{"name":"wp","href":"https:\/\/api.w.org\/{rel}","templated":true}]}}