

{"id":42359,"date":"2022-03-06T12:05:16","date_gmt":"2022-03-06T15:05:16","guid":{"rendered":"http:\/\/portalfloresnoar.com\/floresnoar\/?p=42359"},"modified":"2022-10-20T20:57:34","modified_gmt":"2022-10-20T23:57:34","slug":"agenda-pe-entrelacos-inicia-grupo-terapeutico-dia-1910-no-recife","status":"publish","type":"post","link":"https:\/\/portalfloresnoar.com\/floresnoar\/agenda-pe-entrelacos-inicia-grupo-terapeutico-dia-1910-no-recife\/","title":{"rendered":"[AGENDA PE] Entrela\u00e7os inicia Grupo Terap\u00eautico dia 19\/10 no Recife"},"content":{"rendered":"<p><img decoding=\"async\" loading=\"lazy\" class=\"aligncenter wp-image-42360 \" src=\"http:\/\/portalfloresnoar.com\/floresnoar\/wp-content\/uploads\/2022\/10\/grupo-terapeutico-curta-colagem.jpeg\" alt=\"\" width=\"529\" height=\"940\" srcset=\"https:\/\/portalfloresnoar.com\/floresnoar\/wp-content\/uploads\/2022\/10\/grupo-terapeutico-curta-colagem.jpeg 1080w, https:\/\/portalfloresnoar.com\/floresnoar\/wp-content\/uploads\/2022\/10\/grupo-terapeutico-curta-colagem-169x300.jpeg 169w, https:\/\/portalfloresnoar.com\/floresnoar\/wp-content\/uploads\/2022\/10\/grupo-terapeutico-curta-colagem-768x1365.jpeg 768w, https:\/\/portalfloresnoar.com\/floresnoar\/wp-content\/uploads\/2022\/10\/grupo-terapeutico-curta-colagem-394x700.jpeg 394w\" sizes=\"(max-width: 529px) 100vw, 529px\" \/><\/p>\n<p>Apostando nas estrat\u00e9gias coletivas de cuidado, a <a href=\"https:\/\/linktr.ee\/entrelacosrec\" target=\"_blank\" rel=\"noopener\">Entrela\u00e7os &#8211; Di\u00e1logos e Viv\u00eancias Terap\u00eauticas<\/a>, no Recife,\u00a0 inicia, no dia 19 de outubro de 2022, um Grupo Terap\u00eautico voltado para a reflex\u00e3o e o autoconhecimento, atrav\u00e9s de temas-est\u00edmulos e recursos expressivos. Os encontros ser\u00e3o presenciais, nas quartas-feiras, das 20h \u00e0s 22h.<\/p>\n<p>O Grupo Terap\u00eautico ser\u00e1 constitu\u00eddo por ciclos independentes. O 1\u00ba Ciclo ter\u00e1 como foco o &#8216;Curta-Colagem&#8217;, com exibi\u00e7\u00e3o de filmes de curta-metragem, viv\u00eancias com colagens e hist\u00f3rias compartilhadas. A facilita\u00e7\u00e3o ser\u00e1 conduzida pelas psic\u00f3logas e arteterapeutas\u00a0Daniella Sotero e Roberta Barbosa.<\/p>\n<p>&#8220;Trocar com outras pessoas pode nos ajudar a lembrar que parte do que sentimos n\u00e3o \u00e9 s\u00f3 nosso. Compreendemos este grupo terap\u00eautico como dispositivo de reflex\u00e3o singular e plural&#8221;, declaram as terapeutas.<\/p>\n<p>FACILITADORAS<br \/>\n<strong>Daniella Sotero<\/strong> \u00e9 psic\u00f3loga (CRP 02\/16448) e mestra em Psicologia pela UFPE, arteterapeuta e<br \/>\nespecialista em Psicologia Junguiana com enfoque na pr\u00e1tica cl\u00ednica (em forma\u00e7\u00e3o).<\/p>\n<p><strong>Roberta Barbosa<\/strong> \u00e9 psic\u00f3loga (CRP 02\/20591), arteterapeuta e especialista em Psicologia Junguiana com enfoque na pr\u00e1tica cl\u00ednica.<\/p>\n<p>SERVI\u00c7O<br \/>\n<strong>Grupo Terap\u00eautico da Entrela\u00e7os &#8211;\u00a01\u00ba Ciclo &#8216;Curta-Colagem&#8217;<\/strong><br \/>\n<strong>In\u00edcio:<\/strong> 19\/10\/2022 (ao todo, este ciclo, ser\u00e1 composto por 6 quartas-feiras: 19 e 26 de outubro; 09, 16 e 30 de novembro e 07 de dezembro).<br \/>\n<strong>Hor\u00e1rio:<\/strong> 20h \u00e0s 22h<br \/>\n<strong>Investimento:<\/strong> 3 x de R$ 220,00\u00a0 (material incluso no valor)<br \/>\n<strong>Local:<\/strong> Entrela\u00e7os &#8211; Rua de Apipucos, 1252, Apipucos, Recife\/PE<\/p>\n<p><strong>Inscri\u00e7\u00f5es atrav\u00e9s deste link:<\/strong> <a href=\"https:\/\/docs.google.com\/forms\/d\/e\/1FAIpQLSdnUAXssTwQ4_zZct413doce9zRztn9Mown8inDzKvDahzUbA\/viewform\" target=\"_blank\" rel=\"noopener\">https:\/\/docs.google.com\/forms\/d\/e\/1FAIpQLSdnUAXssTwQ4_zZct413doce9zRztn9Mown8inDzKvDahzUbA\/viewform<\/a><\/p>\n<p>MAIS INFORMA\u00c7\u00d5ES<br \/>\n<strong>E-mail:<\/strong> entrelacosrecife@gmail.com<br \/>\n<strong>WhatsApp:<\/strong> (81) 988613378 (81) 994760902<br \/>\n<strong>Instagram:\u00a0<\/strong><a href=\"https:\/\/linktr.ee\/entrelacosrec\" target=\"_blank\" rel=\"noopener\">@entrelacosrecife<\/a><\/p>\n","protected":false},"excerpt":{"rendered":"<p>Apostando nas estrat\u00e9gias coletivas de cuidado, a Entrela\u00e7os &#8211; Di\u00e1logos e Viv\u00eancias Terap\u00eauticas, no Recife,\u00a0 inicia, no dia 19 de outubro de 2022, um Grupo Terap\u00eautico voltado para a reflex\u00e3o e o autoconhecimento, atrav\u00e9s de temas-est\u00edmulos e recursos expressivos. Os encontros ser\u00e3o presenciais, nas quartas-feiras, das 20h \u00e0s 22h. O Grupo Terap\u00eautico ser\u00e1 constitu\u00eddo por [&hellip;]<\/p>\n","protected":false},"author":1,"featured_media":42361,"comment_status":"open","ping_status":"open","sticky":false,"template":"","format":"standard","meta":{"om_disable_all_campaigns":false,"_monsterinsights_skip_tracking":false,"_monsterinsights_sitenote_active":false,"_monsterinsights_sitenote_note":"","_monsterinsights_sitenote_category":0,"footnotes":""},"categories":[8,214],"tags":[34,121,822,137,81],"acf":[],"publishpress_future_action":{"enabled":false,"date":"1969-12-31 21:00:00","action":"","terms":[],"taxonomy":"","browser_timezone_offset":0},"_links":{"self":[{"href":"https:\/\/portalfloresnoar.com\/floresnoar\/wp-json\/wp\/v2\/posts\/42359"}],"collection":[{"href":"https:\/\/portalfloresnoar.com\/floresnoar\/wp-json\/wp\/v2\/posts"}],"about":[{"href":"https:\/\/portalfloresnoar.com\/floresnoar\/wp-json\/wp\/v2\/types\/post"}],"author":[{"embeddable":true,"href":"https:\/\/portalfloresnoar.com\/floresnoar\/wp-json\/wp\/v2\/users\/1"}],"replies":[{"embeddable":true,"href":"https:\/\/portalfloresnoar.com\/floresnoar\/wp-json\/wp\/v2\/comments?post=42359"}],"version-history":[{"count":0,"href":"https:\/\/portalfloresnoar.com\/floresnoar\/wp-json\/wp\/v2\/posts\/42359\/revisions"}],"wp:featuredmedia":[{"embeddable":true,"href":"https:\/\/portalfloresnoar.com\/floresnoar\/wp-json\/wp\/v2\/media\/42361"}],"wp:attachment":[{"href":"https:\/\/portalfloresnoar.com\/floresnoar\/wp-json\/wp\/v2\/media?parent=42359"}],"wp:term":[{"taxonomy":"category","embeddable":true,"href":"https:\/\/portalfloresnoar.com\/floresnoar\/wp-json\/wp\/v2\/categories?post=42359"},{"taxonomy":"post_tag","embeddable":true,"href":"https:\/\/portalfloresnoar.com\/floresnoar\/wp-json\/wp\/v2\/tags?post=42359"}],"curies":[{"name":"wp","href":"https:\/\/api.w.org\/{rel}","templated":true}]}}