

{"id":42332,"date":"2022-09-26T18:50:40","date_gmt":"2022-09-26T21:50:40","guid":{"rendered":"http:\/\/portalfloresnoar.com\/floresnoar\/?p=42332"},"modified":"2022-09-26T21:51:38","modified_gmt":"2022-09-27T00:51:38","slug":"ze-de-joana-13-anos-do-flores-no-ar-e-celebrado-com-o-lancamento-da-coluna-ze-de-joana","status":"publish","type":"post","link":"https:\/\/portalfloresnoar.com\/floresnoar\/ze-de-joana-13-anos-do-flores-no-ar-e-celebrado-com-o-lancamento-da-coluna-ze-de-joana\/","title":{"rendered":"[Z\u00c9 DE JOANA] 13 anos do Flores no Ar \u00e9 celebrado com o lan\u00e7amento da coluna &#8216;Z\u00e9 de Joana&#8217;"},"content":{"rendered":"<figure id=\"attachment_42334\" aria-describedby=\"caption-attachment-42334\" style=\"width: 606px\" class=\"wp-caption aligncenter\"><img decoding=\"async\" loading=\"lazy\" class=\"wp-image-42334\" src=\"http:\/\/portalfloresnoar.com\/floresnoar\/wp-content\/uploads\/2022\/09\/jose-alves-de-oliveira-por-lua-700x700.jpg\" alt=\"\" width=\"606\" height=\"606\" srcset=\"https:\/\/portalfloresnoar.com\/floresnoar\/wp-content\/uploads\/2022\/09\/jose-alves-de-oliveira-por-lua-700x700.jpg 700w, https:\/\/portalfloresnoar.com\/floresnoar\/wp-content\/uploads\/2022\/09\/jose-alves-de-oliveira-por-lua-150x150.jpg 150w, https:\/\/portalfloresnoar.com\/floresnoar\/wp-content\/uploads\/2022\/09\/jose-alves-de-oliveira-por-lua-300x300.jpg 300w, https:\/\/portalfloresnoar.com\/floresnoar\/wp-content\/uploads\/2022\/09\/jose-alves-de-oliveira-por-lua-768x768.jpg 768w, https:\/\/portalfloresnoar.com\/floresnoar\/wp-content\/uploads\/2022\/09\/jose-alves-de-oliveira-por-lua-100x100.jpg 100w, https:\/\/portalfloresnoar.com\/floresnoar\/wp-content\/uploads\/2022\/09\/jose-alves-de-oliveira-por-lua.jpg 1200w\" sizes=\"(max-width: 606px) 100vw, 606px\" \/><figcaption id=\"caption-attachment-42334\" class=\"wp-caption-text\">Ilustra\u00e7\u00e3o: Lua (neta de Z\u00e9 de Joana)<\/figcaption><\/figure>\n<p>| <em>Por Lu Rabelo*<\/em> |<\/p>\n<p>Recentemente, ainda vivendo o luto da morte de meu pai (que fez a passagem em mar\u00e7o de 2020, aos 89 anos), intu\u00ed qual o presente que daria ao Flores no Ar neste anivers\u00e1rio de 13 anos. \u00c9 a coluna Z\u00c9 DE JOANA, com escritos e lembran\u00e7as dele.<\/p>\n<p>Z\u00e9 de Joana \u00e9 como ele era conhecido em Santa Maria (Tupanaci), vilarejo na beira do rio Paje\u00fa, munic\u00edpio de Mirandiba, no Sert\u00e3o pernambucano, onde ele nasceu e viveu at\u00e9 a adolesc\u00eancia.<\/p>\n<p>Joana (Lu\u00edza de Jesus), era a m\u00e3e dele, negra-\u00edndia que o criou sozinha, lavando roupa e pelejando na agricultura. Ela chegou ainda mo\u00e7a em Santa Maria, e, pelas pesquisas que venho fazendo, veio dos p\u00e9s da Serra do Arapu\u00e1, em Carnaubeira da Penha\/PE, territ\u00f3rio dos ind\u00edgenas Pankar\u00e1.<\/p>\n<p>Na coluna \u2018Z\u00c9 DE JOANA\u2019, compartilharei textos que ele publicou em livros, e, tamb\u00e9m, fotos , anota\u00e7\u00f5es, hist\u00f3rias dele.<\/p>\n<p>Sou suspeita pra falar dele, eu sei, mas Jos\u00e9 Alves de Oliveira, meu pai, foi o homem mais \u00edntegro e amoroso que conheci nesta vida. Meu maior mestre.<\/p>\n<p>A coluna Z\u00c9 DE JOANA \u00e9 um presente pras leitoras e leitores do Flores no Ar, mas tamb\u00e9m pra ele, pra mim e pra minha fam\u00edlia.<\/p>\n<p>E pra come\u00e7ar, compartilho aqui o primeiro escrito que me chegou quando tive a ideia da coluna. \u00c9 uma ora\u00e7\u00e3o pro Anjo da Guarda que ele deve ter lido em algum lugar e escreveu num caderninho.<\/p>\n<p>Painho era bem cat\u00f3lico. Um dia, quando ele estava internado (tratando um c\u00e2ncer de f\u00edgado) ele me confidenciou que tinha um anjo com quem ele conversava, e o nome dele era Jo\u00e3ozinho. S\u00f3 painho mesmo pra tanta lindeza!<\/p>\n<p><img decoding=\"async\" loading=\"lazy\" class=\"aligncenter wp-image-42333 size-large\" src=\"http:\/\/portalfloresnoar.com\/floresnoar\/wp-content\/uploads\/2022\/09\/oracao-anjo-santo-post-1-coluna-ze-de-joana-525x700.jpeg\" alt=\"\" width=\"525\" height=\"700\" srcset=\"https:\/\/portalfloresnoar.com\/floresnoar\/wp-content\/uploads\/2022\/09\/oracao-anjo-santo-post-1-coluna-ze-de-joana-525x700.jpeg 525w, https:\/\/portalfloresnoar.com\/floresnoar\/wp-content\/uploads\/2022\/09\/oracao-anjo-santo-post-1-coluna-ze-de-joana-225x300.jpeg 225w, https:\/\/portalfloresnoar.com\/floresnoar\/wp-content\/uploads\/2022\/09\/oracao-anjo-santo-post-1-coluna-ze-de-joana-768x1024.jpeg 768w, https:\/\/portalfloresnoar.com\/floresnoar\/wp-content\/uploads\/2022\/09\/oracao-anjo-santo-post-1-coluna-ze-de-joana.jpeg 1080w\" sizes=\"(max-width: 525px) 100vw, 525px\" \/><\/p>\n<p><em>\u201cAnjo Santo, meu conselheiro, inspirai-me.<\/em><br \/>\n<em> Anjo Santo, meu defensor, protegei-me.<\/em><br \/>\n<em> Anjo Santo, meu amigo, pedi por mim.<\/em><br \/>\n<em> Anjo Santo, meu mestre, ensinai-me.<\/em><br \/>\n<em> Anjo Santo, minha luz, iluminai-me.<\/em><br \/>\n<em> Anjo Santo, minha testemunha, purificai-me.<\/em><br \/>\n<em> Anjo Santo, meu guia, dirigi=me.<\/em><br \/>\n<em> Anjo Santo, segurai sempre minha m\u00e3o.&#8221;<\/em><\/p>\n<p><em>* Lu Rabelo \u00e9\u00a0<a href=\"https:\/\/www.instagram.com\/canto.de.lu\" target=\"_blank\" rel=\"noopener\">cantadeira<\/a><a href=\"https:\/\/www.facebook.com\/cantodelu7\/\" target=\"_blank\" rel=\"noopener noreferrer\">,<\/a>\u00a0arteterapeuta, yogaterapeuta, herbalista, jornalista, guardi\u00e3 do\u00a0<a href=\"http:\/\/portalfloresnoar.com\/\" target=\"_blank\" rel=\"noopener noreferrer\">Portal Flores no Ar<\/a>, e a filha ca\u00e7ula de Z\u00e9 de Joana.<\/em><\/p>\n","protected":false},"excerpt":{"rendered":"<p>| Por Lu Rabelo* | Recentemente, ainda vivendo o luto da morte de meu pai (que fez a passagem em mar\u00e7o de 2020, aos 89 anos), intu\u00ed qual o presente que daria ao Flores no Ar neste anivers\u00e1rio de 13 anos. \u00c9 a coluna Z\u00c9 DE JOANA, com escritos e lembran\u00e7as dele. Z\u00e9 de Joana [&hellip;]<\/p>\n","protected":false},"author":1,"featured_media":42335,"comment_status":"open","ping_status":"open","sticky":false,"template":"","format":"standard","meta":{"om_disable_all_campaigns":false,"_monsterinsights_skip_tracking":false,"_monsterinsights_sitenote_active":false,"_monsterinsights_sitenote_note":"","_monsterinsights_sitenote_category":0,"footnotes":""},"categories":[220,1232],"tags":[172,619,1233,499,660,1234,1235],"acf":[],"publishpress_future_action":{"enabled":false,"date":"1969-12-31 21:00:00","action":"","terms":[],"taxonomy":"","browser_timezone_offset":0},"_links":{"self":[{"href":"https:\/\/portalfloresnoar.com\/floresnoar\/wp-json\/wp\/v2\/posts\/42332"}],"collection":[{"href":"https:\/\/portalfloresnoar.com\/floresnoar\/wp-json\/wp\/v2\/posts"}],"about":[{"href":"https:\/\/portalfloresnoar.com\/floresnoar\/wp-json\/wp\/v2\/types\/post"}],"author":[{"embeddable":true,"href":"https:\/\/portalfloresnoar.com\/floresnoar\/wp-json\/wp\/v2\/users\/1"}],"replies":[{"embeddable":true,"href":"https:\/\/portalfloresnoar.com\/floresnoar\/wp-json\/wp\/v2\/comments?post=42332"}],"version-history":[{"count":0,"href":"https:\/\/portalfloresnoar.com\/floresnoar\/wp-json\/wp\/v2\/posts\/42332\/revisions"}],"wp:featuredmedia":[{"embeddable":true,"href":"https:\/\/portalfloresnoar.com\/floresnoar\/wp-json\/wp\/v2\/media\/42335"}],"wp:attachment":[{"href":"https:\/\/portalfloresnoar.com\/floresnoar\/wp-json\/wp\/v2\/media?parent=42332"}],"wp:term":[{"taxonomy":"category","embeddable":true,"href":"https:\/\/portalfloresnoar.com\/floresnoar\/wp-json\/wp\/v2\/categories?post=42332"},{"taxonomy":"post_tag","embeddable":true,"href":"https:\/\/portalfloresnoar.com\/floresnoar\/wp-json\/wp\/v2\/tags?post=42332"}],"curies":[{"name":"wp","href":"https:\/\/api.w.org\/{rel}","templated":true}]}}