

{"id":42327,"date":"2022-03-26T17:23:47","date_gmt":"2022-03-26T20:23:47","guid":{"rendered":"http:\/\/portalfloresnoar.com\/floresnoar\/?p=42327"},"modified":"2022-10-03T15:26:29","modified_gmt":"2022-10-03T18:26:29","slug":"agenda-pe-sesc-santa-rita-no-recife-realiza-evento-presencial-sagrados-e-femininos-de-2909-a-0110","status":"publish","type":"post","link":"https:\/\/portalfloresnoar.com\/floresnoar\/agenda-pe-sesc-santa-rita-no-recife-realiza-evento-presencial-sagrados-e-femininos-de-2909-a-0110\/","title":{"rendered":"[AGENDA PE] Sesc Santa Rita, no Recife, realiza evento presencial &#8216;Sagrados e Femininos&#8217;, de 29\/09 a 01\/10"},"content":{"rendered":"<p><img decoding=\"async\" loading=\"lazy\" class=\"aligncenter wp-image-42328\" src=\"http:\/\/portalfloresnoar.com\/floresnoar\/wp-content\/uploads\/2022\/09\/sagrados-e-femininos-1-700x700.jpeg\" alt=\"\" width=\"570\" height=\"570\" srcset=\"https:\/\/portalfloresnoar.com\/floresnoar\/wp-content\/uploads\/2022\/09\/sagrados-e-femininos-1-700x700.jpeg 700w, https:\/\/portalfloresnoar.com\/floresnoar\/wp-content\/uploads\/2022\/09\/sagrados-e-femininos-1-150x150.jpeg 150w, https:\/\/portalfloresnoar.com\/floresnoar\/wp-content\/uploads\/2022\/09\/sagrados-e-femininos-1-300x300.jpeg 300w, https:\/\/portalfloresnoar.com\/floresnoar\/wp-content\/uploads\/2022\/09\/sagrados-e-femininos-1-100x100.jpeg 100w, https:\/\/portalfloresnoar.com\/floresnoar\/wp-content\/uploads\/2022\/09\/sagrados-e-femininos-1.jpeg 720w\" sizes=\"(max-width: 570px) 100vw, 570px\" \/><\/p>\n<p>O Sesc Santa Rita, no Recife, realiza neste in\u00edcio de Primavera o evento &#8216;Sagrados e Femininos&#8217;, com o objetivo de promover encontros de reflex\u00e3o sobre a ess\u00eancia do feminino.<\/p>\n<p>&#8220;O evento \u00e9 voltado para o est\u00edmulo \u00e0 percep\u00e7\u00e3o do feminino, abordando\u00a0as v\u00e1rias esferas da din\u00e2mica feminina, seja na ginecologia, na espiritualidade, nos estados emocionais, na consci\u00eancia corporal e na participa\u00e7\u00e3o social&#8221;, explica Renata Ramos, uma das organizadoras do evento.<\/p>\n<p>PALESTRA GRATUITA &#8211; A programa\u00e7\u00e3o se inicia no dia 29\/09 (quinta-feira), \u00e0s 19h, com uma palestra presencial, aberta e gratuita, na Biblioteca do Sesc Santa Rita. Com o tema &#8216;O que h\u00e1 de sagrado no feminino&#8217;, a conversa ter\u00e1 a participa\u00e7\u00e3o de Hilda Torres, Mizia Vidal, Dij\u00ea Trememb\u00e9, e media\u00e7\u00e3o de Anny Rafaella Ferli.\u00a0O bate-papo abordar\u00e1 o que h\u00e1 de sagrado em ser mulher, tanto na \u00e1rea da cultura, como no contato com a espiritualidade, no resgate das tradi\u00e7\u00f5es e no cuidado com a sa\u00fade de forma aut\u00f4noma natural. Para esta palestra, n\u00e3o \u00e9 necess\u00e1rio fazer inscri\u00e7\u00e3o previamente.<\/p>\n<p>O evento segue no dia 30\/09 (sexta-feira) e 01\/10 (s\u00e1bado), com a realiza\u00e7\u00e3o de quatro oficinas. Para participar de qualquer uma das viv\u00eancias, ser\u00e1 cobrado o valor de R$ 22 para comerci\u00e1rios e dependentes, e R$ 44 para o p\u00fablico geral.\u00a0Todos os encontros s\u00e3o voltados a maiores de 18 anos e as inscri\u00e7\u00f5es devem ser realizadas no pr\u00f3prio Sesc Santa Rita.<\/p>\n<p><strong>PROGRAMA\u00c7\u00c3O DAS OFICINAS<\/strong><br \/>\n<em>Obs.: Todas as oficinas ser\u00e3o presenciais, no Sesc Santa Rita, no Recife.<\/em><\/p>\n<p><strong>&#8216;Saberes e Fazeres Circulares&#8217;<\/strong>, com Juanna Silvestre<br \/>\nData\/Hor\u00e1rio: Sexta (30\/09), das 16h \u00e0s 18h<\/p>\n<p><strong>&#8216;Ginecologia Natural&#8217;<\/strong>, com Liv Monteiro<br \/>\nData\/Hor\u00e1rio: Sexta (30\/09), das 19h \u00e0s 21h e S\u00e1bado (01\/10), das 14h \u00e0s 16h<\/p>\n<p><strong>&#8216;C\u00edrculo de Mulheres&#8217;<\/strong>, com Simone Shahyd<br \/>\nData\/Hor\u00e1rio: Sexta (30\/09), das 19h \u00e0s 21h<\/p>\n<p><strong>&#8216;Yoga para Mulheres&#8217;<\/strong>, com Luna Aho<br \/>\nData\/Hor\u00e1rio: S\u00e1bado, das 14h \u00e0s 16h<\/p>\n<p><strong>Local de inscri\u00e7\u00f5es:<\/strong> SESC SANTA RITA &#8211;\u00a0 Cais Santa Rita, 156 &#8211; Santo Ant\u00f4nio, Recife\/PE.<\/p>\n<p><strong>MAIS INFORMA\u00c7\u00d5ES:<\/strong><br \/>\n(81) 3224-7577 \/ (81) 99166-7163<\/p>\n","protected":false},"excerpt":{"rendered":"<p>O Sesc Santa Rita, no Recife, realiza neste in\u00edcio de Primavera o evento &#8216;Sagrados e Femininos&#8217;, com o objetivo de promover encontros de reflex\u00e3o sobre a ess\u00eancia do feminino. &#8220;O evento \u00e9 voltado para o est\u00edmulo \u00e0 percep\u00e7\u00e3o do feminino, abordando\u00a0as v\u00e1rias esferas da din\u00e2mica feminina, seja na ginecologia, na espiritualidade, nos estados emocionais, na [&hellip;]<\/p>\n","protected":false},"author":1,"featured_media":42330,"comment_status":"open","ping_status":"open","sticky":false,"template":"","format":"standard","meta":{"om_disable_all_campaigns":false,"_monsterinsights_skip_tracking":false,"_monsterinsights_sitenote_active":false,"_monsterinsights_sitenote_note":"","_monsterinsights_sitenote_category":0,"footnotes":""},"categories":[8,214],"tags":[358,346,22,328,238],"acf":[],"publishpress_future_action":{"enabled":false,"date":"1969-12-31 21:00:00","action":"","terms":[],"taxonomy":"","browser_timezone_offset":0},"_links":{"self":[{"href":"https:\/\/portalfloresnoar.com\/floresnoar\/wp-json\/wp\/v2\/posts\/42327"}],"collection":[{"href":"https:\/\/portalfloresnoar.com\/floresnoar\/wp-json\/wp\/v2\/posts"}],"about":[{"href":"https:\/\/portalfloresnoar.com\/floresnoar\/wp-json\/wp\/v2\/types\/post"}],"author":[{"embeddable":true,"href":"https:\/\/portalfloresnoar.com\/floresnoar\/wp-json\/wp\/v2\/users\/1"}],"replies":[{"embeddable":true,"href":"https:\/\/portalfloresnoar.com\/floresnoar\/wp-json\/wp\/v2\/comments?post=42327"}],"version-history":[{"count":0,"href":"https:\/\/portalfloresnoar.com\/floresnoar\/wp-json\/wp\/v2\/posts\/42327\/revisions"}],"wp:featuredmedia":[{"embeddable":true,"href":"https:\/\/portalfloresnoar.com\/floresnoar\/wp-json\/wp\/v2\/media\/42330"}],"wp:attachment":[{"href":"https:\/\/portalfloresnoar.com\/floresnoar\/wp-json\/wp\/v2\/media?parent=42327"}],"wp:term":[{"taxonomy":"category","embeddable":true,"href":"https:\/\/portalfloresnoar.com\/floresnoar\/wp-json\/wp\/v2\/categories?post=42327"},{"taxonomy":"post_tag","embeddable":true,"href":"https:\/\/portalfloresnoar.com\/floresnoar\/wp-json\/wp\/v2\/tags?post=42327"}],"curies":[{"name":"wp","href":"https:\/\/api.w.org\/{rel}","templated":true}]}}