

{"id":42323,"date":"2022-03-25T08:56:29","date_gmt":"2022-03-25T11:56:29","guid":{"rendered":"http:\/\/portalfloresnoar.com\/floresnoar\/?p=42323"},"modified":"2022-10-03T20:50:56","modified_gmt":"2022-10-03T23:50:56","slug":"agenda-pe-vivencia-on-line-gratuita-brotando-a-primavera-no-ser-dia-2909-com-jeanne-duarte","status":"publish","type":"post","link":"https:\/\/portalfloresnoar.com\/floresnoar\/agenda-pe-vivencia-on-line-gratuita-brotando-a-primavera-no-ser-dia-2909-com-jeanne-duarte\/","title":{"rendered":"[AGENDA PE] Viv\u00eancia on-line gratuita &#8216;Brotando a Primavera no Ser&#8217;, dia 29\/09, com Jeanne Duarte"},"content":{"rendered":"<p><img decoding=\"async\" loading=\"lazy\" class=\"aligncenter  wp-image-42324\" src=\"http:\/\/portalfloresnoar.com\/floresnoar\/wp-content\/uploads\/2022\/09\/grupo-florescer-jeanne-duarte-700x700.jpeg\" alt=\"\" width=\"586\" height=\"586\" srcset=\"https:\/\/portalfloresnoar.com\/floresnoar\/wp-content\/uploads\/2022\/09\/grupo-florescer-jeanne-duarte-700x700.jpeg 700w, https:\/\/portalfloresnoar.com\/floresnoar\/wp-content\/uploads\/2022\/09\/grupo-florescer-jeanne-duarte-150x150.jpeg 150w, https:\/\/portalfloresnoar.com\/floresnoar\/wp-content\/uploads\/2022\/09\/grupo-florescer-jeanne-duarte-300x300.jpeg 300w, https:\/\/portalfloresnoar.com\/floresnoar\/wp-content\/uploads\/2022\/09\/grupo-florescer-jeanne-duarte-768x768.jpeg 768w, https:\/\/portalfloresnoar.com\/floresnoar\/wp-content\/uploads\/2022\/09\/grupo-florescer-jeanne-duarte-100x100.jpeg 100w, https:\/\/portalfloresnoar.com\/floresnoar\/wp-content\/uploads\/2022\/09\/grupo-florescer-jeanne-duarte.jpeg 1080w\" sizes=\"(max-width: 586px) 100vw, 586px\" \/><\/p>\n<p>Em celebra\u00e7\u00e3o \u00e0 chegada da Primavera, a terapeuta integrativa Jeanne Duarte oferece no dia 29 de setembro de 2022 (quinta-feira), das 20h \u00e0s 20h40, a Viv\u00eancia Terap\u00eautica gratuita \u2018Brotando a Primavera no Ser&#8217;. O encontro ser\u00e1 on-line, e as pessoas participantes receber\u00e3o Downloads de ThetaHealing\u00ae com foco no bem-estar emocional.\u00a0 Para participar, \u00e9 s\u00f3 ingressar no grupo do WhatsApp do Grupo Florescer, neste link: <a href=\"https:\/\/chat.whatsapp.com\/FijbS17rgCh4QjSod3UTkr\" target=\"_blank\" rel=\"noopener\">https:\/\/chat.whatsapp.com\/FijbS17rgCh4QjSod3UTkr<\/a><\/p>\n<p>\u201cO intuito da viv\u00eancia \u00e9 o equil\u00edbrio das emo\u00e7\u00f5es, atrav\u00e9s do recebimento de comandos do ThetaHealing\u00ae, neste tempo de mudan\u00e7a de esta\u00e7\u00e3o. Ser\u00e1 um momento em que @s participantes poder\u00e3o expressar brevemente sobre como est\u00e3o se sentindo e sobre os sentimentos que precisam ancorar no seu Ser\u201d, informa Jeanne, que, como terapeuta e instrutora Oficial de ThetaHealing, conduzir\u00e1 as(os) participantes ao estado meditativo de onda cerebral theta (medita\u00e7\u00e3o ThetaHealing) para que possam, a partir do estado de permiss\u00e3o de cada um\/uma, receber sensa\u00e7\u00f5es\/sentimentos expansivos atrav\u00e9s da conex\u00e3o com o campo da Fonte Criadora Divina.<\/p>\n<p>SOBRE O GRUPO FLORESCER<br \/>\nCriado pelas terapeutas Jeanne Duarte e Mariana Duarte, o Grupo Florescer visa apoiar o processo de autoconhecimento e expans\u00e3o de plenitude e consci\u00eancia, atrav\u00e9s de viv\u00eancias terap\u00eauticas. A maioria das atividades s\u00e3o gratuitas, e outras t\u00eam valores bem acess\u00edveis. Para participar, solicite a entrada no grupo do WhatsApp, atrav\u00e9s deste link: <a href=\"https:\/\/chat.whatsapp.com\/FijbS17rgCh4QjSod3UTkr\" target=\"_blank\" rel=\"noopener\">https:\/\/chat.whatsapp.com\/FijbS17rgCh4QjSod3UTkr<\/a><\/p>\n<p>SERVI\u00c7O<br \/>\n<strong>Viv\u00eancia Terap\u00eautica \u2018Brotando a Primavera no Ser&#8217;<\/strong><br \/>\n<strong>Dia:<\/strong> 29\/09\/2022 (quinta-feira)<br \/>\n<strong>Hor\u00e1rio:<\/strong> Das 20h \u00e0s 20h40<br \/>\n<strong>Local:<\/strong> On-line (via Zoom)<br \/>\n<strong>Valor:<\/strong> Gratuito<br \/>\n<strong>Inscri\u00e7\u00f5es:<\/strong> Atrav\u00e9s do ingresso no Grupo Florescer, neste link: <a href=\"https:\/\/chat.whatsapp.com\/FijbS17rgCh4QjSod3UTkr\" target=\"_blank\" rel=\"noopener\">https:\/\/chat.whatsapp.com\/FijbS17rgCh4QjSod3UTkr<\/a><\/p>\n<p><strong>MAIS INFORMA\u00c7\u00d5ES<\/strong><br \/>\n<strong>WhatsApp:<\/strong>\u00a0(81) 993344135 (Jeanne Duarte)<br \/>\n<strong>Instagram:<\/strong>\u00a0<a href=\"https:\/\/www.instagram.com\/jeanneduarteflorescer\/\" target=\"_blank\" rel=\"noopener\">@jeanneduarteflorescer<\/a><\/p>\n<p>&nbsp;<\/p>\n","protected":false},"excerpt":{"rendered":"<p>Em celebra\u00e7\u00e3o \u00e0 chegada da Primavera, a terapeuta integrativa Jeanne Duarte oferece no dia 29 de setembro de 2022 (quinta-feira), das 20h \u00e0s 20h40, a Viv\u00eancia Terap\u00eautica gratuita \u2018Brotando a Primavera no Ser&#8217;. O encontro ser\u00e1 on-line, e as pessoas participantes receber\u00e3o Downloads de ThetaHealing\u00ae com foco no bem-estar emocional.\u00a0 Para participar, \u00e9 s\u00f3 ingressar [&hellip;]<\/p>\n","protected":false},"author":1,"featured_media":42325,"comment_status":"open","ping_status":"open","sticky":false,"template":"","format":"standard","meta":{"om_disable_all_campaigns":false,"_monsterinsights_skip_tracking":false,"_monsterinsights_sitenote_active":false,"_monsterinsights_sitenote_note":"","_monsterinsights_sitenote_category":0,"footnotes":""},"categories":[8,214],"tags":[383,286,971],"acf":[],"publishpress_future_action":{"enabled":false,"date":"1969-12-31 21:00:00","action":"","terms":[],"taxonomy":"","browser_timezone_offset":0},"_links":{"self":[{"href":"https:\/\/portalfloresnoar.com\/floresnoar\/wp-json\/wp\/v2\/posts\/42323"}],"collection":[{"href":"https:\/\/portalfloresnoar.com\/floresnoar\/wp-json\/wp\/v2\/posts"}],"about":[{"href":"https:\/\/portalfloresnoar.com\/floresnoar\/wp-json\/wp\/v2\/types\/post"}],"author":[{"embeddable":true,"href":"https:\/\/portalfloresnoar.com\/floresnoar\/wp-json\/wp\/v2\/users\/1"}],"replies":[{"embeddable":true,"href":"https:\/\/portalfloresnoar.com\/floresnoar\/wp-json\/wp\/v2\/comments?post=42323"}],"version-history":[{"count":0,"href":"https:\/\/portalfloresnoar.com\/floresnoar\/wp-json\/wp\/v2\/posts\/42323\/revisions"}],"wp:featuredmedia":[{"embeddable":true,"href":"https:\/\/portalfloresnoar.com\/floresnoar\/wp-json\/wp\/v2\/media\/42325"}],"wp:attachment":[{"href":"https:\/\/portalfloresnoar.com\/floresnoar\/wp-json\/wp\/v2\/media?parent=42323"}],"wp:term":[{"taxonomy":"category","embeddable":true,"href":"https:\/\/portalfloresnoar.com\/floresnoar\/wp-json\/wp\/v2\/categories?post=42323"},{"taxonomy":"post_tag","embeddable":true,"href":"https:\/\/portalfloresnoar.com\/floresnoar\/wp-json\/wp\/v2\/tags?post=42323"}],"curies":[{"name":"wp","href":"https:\/\/api.w.org\/{rel}","templated":true}]}}