

{"id":42319,"date":"2022-09-23T20:46:17","date_gmt":"2022-09-23T23:46:17","guid":{"rendered":"http:\/\/portalfloresnoar.com\/floresnoar\/?p=42319"},"modified":"2022-09-23T20:46:17","modified_gmt":"2022-09-23T23:46:17","slug":"por-que-defensores-dos-animais-precisam-se-envolver-com-a-politica","status":"publish","type":"post","link":"https:\/\/portalfloresnoar.com\/floresnoar\/por-que-defensores-dos-animais-precisam-se-envolver-com-a-politica\/","title":{"rendered":"Por que defensores dos animais precisam se envolver com a pol\u00edtica?"},"content":{"rendered":"<p><img decoding=\"async\" loading=\"lazy\" class=\"size-medium wp-image-42320 alignleft\" src=\"http:\/\/portalfloresnoar.com\/floresnoar\/wp-content\/uploads\/2022\/09\/direitos-animais-e-politica-300x300.jpeg\" alt=\"\" width=\"300\" height=\"300\" srcset=\"https:\/\/portalfloresnoar.com\/floresnoar\/wp-content\/uploads\/2022\/09\/direitos-animais-e-politica-300x300.jpeg 300w, https:\/\/portalfloresnoar.com\/floresnoar\/wp-content\/uploads\/2022\/09\/direitos-animais-e-politica-150x150.jpeg 150w, https:\/\/portalfloresnoar.com\/floresnoar\/wp-content\/uploads\/2022\/09\/direitos-animais-e-politica-768x768.jpeg 768w, https:\/\/portalfloresnoar.com\/floresnoar\/wp-content\/uploads\/2022\/09\/direitos-animais-e-politica-700x700.jpeg 700w, https:\/\/portalfloresnoar.com\/floresnoar\/wp-content\/uploads\/2022\/09\/direitos-animais-e-politica-100x100.jpeg 100w, https:\/\/portalfloresnoar.com\/floresnoar\/wp-content\/uploads\/2022\/09\/direitos-animais-e-politica.jpeg 843w\" sizes=\"(max-width: 300px) 100vw, 300px\" \/><\/p>\n<p>|<em> <strong>Por <a href=\"https:\/\/www.instagram.com\/oberom._\/\" target=\"_blank\" rel=\"noopener\">Oberom<\/a>*<\/strong><\/em> |<\/p>\n<p>1. O primeiro ponto \u00e9 lembrar que a participa\u00e7\u00e3o pol\u00edtica n\u00e3o necessariamente envolve a pessoa ter um cargo de representa\u00e7\u00e3o na sociedade ou ter que tornar-se um pol\u00edtico profissional; o segundo ponto \u00e9 ter consci\u00eancia de que qualquer pessoa ao fazer escolhas cotidianas est\u00e1 gerando consequ\u00eancias na sociedade, por isso somos seres pol\u00edticos. Quebrar o preconceito de que pol\u00edtica \u00e9 algo ruim nos faz participar mais dela e assim construir uma sociedade mais justa.<\/p>\n<p>Lembrando que a palavra pol\u00edtica \u00e9 derivada do termo grego \u201cpolitikos\u201d, que designava os cidad\u00e3os que viviam na \u201cpolis\u201d e \u201cpolis\u201d \u00e9 cidade ou sociedade organizada. Em outras palavras, pol\u00edtica \u00e9 referente a tudo que envolve o coletivo. E aqui n\u00f3s inclu\u00edmos os animais n\u00e3o humanos tamb\u00e9m e o planeta!<\/p>\n<p>Onde houver mais de uma pessoa, haver\u00e1 a necessidade de definir regras de conviv\u00eancia, as leis que d\u00e3o limites \u00e0 a\u00e7\u00e3o e tamb\u00e9m estabelecer deveres comuns. A pol\u00edtica acontece no viver coletivo.<\/p>\n<p>No nosso imagin\u00e1rio, a pol\u00edtica est\u00e1 distante de nossas vidas e limita-se aos pol\u00edticos profissionais, tamb\u00e9m aos esquemas de corrup\u00e7\u00e3o, \u00e0 polariza\u00e7\u00e3o de debates, \u00e0 briga ideol\u00f3gica e mais um monte de coisas que n\u00e3o nos atraem, mas a pol\u00edtica vai muito al\u00e9m disso e \u00e9 fundamental que a compreendamos.<\/p>\n<p>Se voltarmos no tempo, para muito antes da vinda de Cristo, veremos o fil\u00f3sofo grego Arist\u00f3teles entender o ser humano como um animal pol\u00edtico, visto que, somos seres sociais e por isso buscamos a vida em comunidade, justamente por nossas necessidades de trocas e suporte material e emocional.<\/p>\n<p>Por fazermos parte da sociedade, \u00e9 importante que participemos da constru\u00e7\u00e3o dessas regras coletivas, ou seja, leis, assim podemos garantir direitos aos animais e prote\u00e7\u00e3o \u00e0 Natureza.<\/p>\n<p>2. Como vimos anteriormente, na constru\u00e7\u00e3o pol\u00edtica desenvolvemos direitos, deveres, restri\u00e7\u00f5es e at\u00e9 senten\u00e7as para quem descumpre esses acordos coletivos; essas regras s\u00e3o as leis. No geral o objetivo disso \u00e9 trazer harmonia para sociedade, garantir o bem-estar individual e coletivo. Quando os representantes s\u00e3o mal intencionados v\u00e3o construir leis que beneficiam apenas as partes interessadas e prejudicam a coletividade, da mesma forma quando os representantes t\u00eam consci\u00eancia de seu papel, que \u00e9 transformar a sociedade por meio de leis que possam beneficiar o m\u00e1ximo poss\u00edvel de indiv\u00edduos, a coletividade ganha com isso.<\/p>\n<p>Assim, se os representantes n\u00e3o se atentam \u00e0s causas ambientais e dos direitos dos animais n\u00e3o humanos, dificilmente existir\u00e3o leis que deem garantias a eles, por isso \u00e9 papel da sociedade levar essas demandas a eles e pressionar que sejam atendidas.<\/p>\n<p>Por exemplo, na Tail\u00e2ndia, rinhas de galos, p\u00e1ssaros e outros n\u00e3o s\u00e3o proibidas; s\u00e3o at\u00e9 exibidas em alguns canais de televis\u00e3o. Com isso, existe um mercado que ganha com o sofrimento desses animais que no final ficam mutilados e terminam mortos. No Brasil esta pr\u00e1tica \u00e9 proibida, logo s\u00e3o bem pontuais os casos, minimizando a viola\u00e7\u00e3o da integridade f\u00edsica desses animais.<\/p>\n<p>Outro exemplo ressaltado \u00e9 que, em alguns munic\u00edpios do Brasil, foram criadas leis que pro\u00edbem a tra\u00e7\u00e3o animal nas vias urbanas, ocasionando em uma redu\u00e7\u00e3o consider\u00e1vel nos casos de animais explorados. Ent\u00e3o, se n\u00e3o participamos da pol\u00edtica, leis que liberam a ca\u00e7a, farra do boi, rinhas, com\u00e9rcio de animais silvestres, experimenta\u00e7\u00e3o de animais no ensino e outras v\u00e3o sendo criadas. Bem como libera\u00e7\u00e3o de minera\u00e7\u00e3o em terras ind\u00edgenas, desmatamento em \u00e1reas j\u00e1 protegidas, como Amaz\u00f4nia Legal, e assim milh\u00f5es de esp\u00e9cies aqu\u00e1ticas, terrestres e aves s\u00e3o dizimadas.<\/p>\n<p>3. Al\u00e9m da press\u00e3o social que a sociedade pode fazer para aprova\u00e7\u00e3o ou veto de leis, temos um dispositivo na democracia que \u00e9 o poder que o povo tem de escolher essas pessoas que v\u00e3o criar as leis; esse mecanismo \u00e9 a elei\u00e7\u00e3o. Tanto mais envolvidos e conscientes de que esse processo \u00e9 fundamental e crucial para beneficiar as pessoas, os animais n\u00e3o humanos e a Natureza ou destru\u00ed-los, mais responsabilidade temos em conhecer o hist\u00f3rico das candidaturas, os interesses, suas parcerias, quem financia, a quem estar\u00e3o servindo.<\/p>\n<p>Por consequ\u00eancia disso, todas essas min\u00facias s\u00e3o importantes para garantir progresso na luta de liberta\u00e7\u00e3o dos animais e da regenera\u00e7\u00e3o e conserva\u00e7\u00e3o da Natureza. Quando nos abstemos dessa responsabilidade c\u00edvica e compromisso \u00e9tico, estamos deixando que algu\u00e9m fa\u00e7a isso por n\u00f3s e l\u00e1 na ponta estaremos lutando com todas as nossas for\u00e7as contra a explora\u00e7\u00e3o dos animais n\u00e3o humanos e possivelmente contra leis que os exploram, ou seja, um trabalho penoso que poderia ser avan\u00e7ado com o apoio da legisla\u00e7\u00e3o, tornando um enfrentamento muito mais dif\u00edcil, e as conquistas muito mais lentas.<\/p>\n<p>Portanto, \u00e9 muito importante que o m\u00e1ximo de pessoas deem for\u00e7a a candidaturas, mesmo que pequenas, de indiv\u00edduos que possam representar essas demandas da luta que os defensores dos animais empregam todos os dias (aqui vale ressaltar que esse olhar envolve um espectro pol\u00edtico que trabalhe a quest\u00e3o social, ambiental e a luta para liberta\u00e7\u00e3o de todos os animais, n\u00e3o apenas pets). E quando n\u00e3o temos esses candidatos que n\u00e3o nos ausentemos e votemos naqueles com a mente mais aberta, aqueles que dialogam com a sociedade.<\/p>\n<p>4. No jogo pol\u00edtico existem v\u00e1rias coisas feias, todos sabemos, e isso muitas vezes nos afasta de qualquer envolvimento. O cr\u00edtico disso \u00e9 que quando pessoas conscientes se afastam esses desequil\u00edbrios se mant\u00eam. Ent\u00e3o como se posicionar politicamente? Primeiro temos que entender o mecanismo que nos governa (al\u00e9m do capitalismo): existem tr\u00eas poderes, o executivo, o legislativo e o judici\u00e1rio, atuando nas esferas federal, estadual e municipal, de forma hier\u00e1rquica, ou seja, as leis federais valem para todo o pa\u00eds, as estaduais n\u00e3o podem ferir as federais e se limitam \u00e0quele estado, as municipais, por sua vez, n\u00e3o podem ferir as leis federais, as estaduais e se limitam \u00e0quele munic\u00edpio.<\/p>\n<p>O poder executivo executa as leis, na esfera federal sendo representado pelo presidente da rep\u00fablica (que atua junto aos seus minist\u00e9rios). Na esfera estadual est\u00e3o os governadores (que executa junto as suas secretarias) e na municipal est\u00e3o os prefeitos. O poder legislativo, cria as leis, traz do povo as necessidades e constr\u00f3i solu\u00e7\u00f5es na forma de leis e tamb\u00e9m fiscaliza o poder executivo; na esfera federal s\u00e3o os deputados e senadores, nos Estados os deputados e, na prefeitura, os vereadores. O poder judici\u00e1rio, cuida para que essas leis criadas n\u00e3o atropelem as leis da constitui\u00e7\u00e3o do pa\u00eds e, tamb\u00e9m, julgam casos que extrapolam o poder dos Estados ou munic\u00edpios.<\/p>\n<p>Percebe como h\u00e1 uma tentativa organizada de atender as necessidades da popula\u00e7\u00e3o por meio de mecanismos muito bem definidos? Mas sempre h\u00e1 furos, sempre encontram brechas, por isso se desejamos que deixemos de ter zool\u00f3gicos e que o governo subsidie os santu\u00e1rios, promova uma agricultura sem venenos, pro\u00edba a experimenta\u00e7\u00e3o animal nas institui\u00e7\u00f5es de ensino, pro\u00edba a exporta\u00e7\u00e3o de animais vivos e tantas outras demanda. Precisamos saber escolher muito bem todos esses personagens, o presidente, os deputados, os senadores, governadores, deputados estaduais, prefeitos e vereadores. Escolher deputados e senadores \u00e9 muito importante, pois eles criam as leis e as leis afetam todos n\u00f3s (humanos, n\u00e3o humanos e meio ambiente).<\/p>\n<p>5. Para podermos escolher um representante para nossas causas e que far\u00e1 um mandato que contribuir\u00e1 verdadeiramente com a sociedade, trazendo mais igualdade e justi\u00e7a para todas as pessoas humanas, n\u00e3o humanas e para a Natureza. Para isso, temos que come\u00e7ar conhecendo as necessidades da sociedade, nos conscientizarmos de que nem todas as minhas necessidades s\u00e3o prioridades para uma parte da popula\u00e7\u00e3o, que existem vidas que n\u00e3o tem a possibilidade de escolha, seja na alimenta\u00e7\u00e3o ou na forma de se sustentar, n\u00e3o podem escolher por alimentos org\u00e2nicos; \u00e0s vezes o que est\u00e1 mais acess\u00edvel \u00e9 o p\u00e3o branco com salsicha e o arroz branco com frango.<\/p>\n<p>Como vamos libertar os animais se h\u00e1 uma por\u00e7\u00e3o grande da sociedade que n\u00e3o tem condi\u00e7\u00f5es de escolher outra coisa para comer? Ent\u00e3o \u00e9 parte do processo de liberta\u00e7\u00e3o dos animais pol\u00edticas p\u00fablicas que tirem a popula\u00e7\u00e3o da mis\u00e9ria. S\u00f3 quando as pessoas tiverem condi\u00e7\u00f5es de escolher \u00e9 que poderemos informar sobre outras op\u00e7\u00f5es e alternativas de consumo. Tomar consci\u00eancia das necessidades da popula\u00e7\u00e3o e reconhecer nossos privil\u00e9gios \u00e9 o que chamamos de Consci\u00eancia de Classe, algo que precisamos ter para fazermos as reivindica\u00e7\u00f5es justas dentro do processo pol\u00edtico.<\/p>\n<p>Obviamente nossa a\u00e7\u00e3o pol\u00edtica n\u00e3o est\u00e1 apenas em conhecer os candidatos e votar. Como foi dito no in\u00edcio, todas as nossas escolhas s\u00e3o pol\u00edticas, acarretam em consequ\u00eancias para sociedade. Ent\u00e3o, uma outra forma de sermos ativos no processo pol\u00edtico \u00e9 atrav\u00e9s do boicote, n\u00e3o incentivarmos, financiarmos ou enriquecermos quem destr\u00f3i, quem maltrata e quem enriquece com a morte de seres inocentes. Assim, ter aten\u00e7\u00e3o \u00e0s marcas e empresas, especialmente quando elas ocupam tamb\u00e9m espa\u00e7os nas casas legislativas do pa\u00eds, quando financiam campanhas de candidatos, pois obviamente esses eleitos v\u00e3o atender aos interesses dessas empresas, inclusive na elabora\u00e7\u00e3o de leis que favore\u00e7am a explora\u00e7\u00e3o dos animais e da Natureza.<\/p>\n<p>6. Como vimos at\u00e9 aqui, muitas coisas est\u00e3o em jogo e nosso posicionamento \u00e9 muito importante, mesmo porque existe sempre algu\u00e9m acompanhando seus passos, assim suas escolhas e forma de lidar com a vida sempre estar\u00e3o inspirando pessoas. Se voc\u00ea opta por n\u00e3o se envolver, outras pessoas v\u00e3o achar ok n\u00e3o se envolver, mas se voc\u00ea se envolve, naturalmente h\u00e1 um processo de educa\u00e7\u00e3o, reflex\u00e3o e quem sabe atua\u00e7\u00e3o da parte de quem te admira, mobilizando ainda mais a sociedade.<\/p>\n<p>Vou ter que escolher entre esquerda e direita? N\u00e3o, voc\u00ea n\u00e3o precisa decidir entre esquerda e direita, suas escolhas j\u00e1 definem isso por voc\u00ea. Conforme voc\u00ea conhece mais as pautas dos partidos, voc\u00ea vai vendo quantas delas s\u00e3o afinadas com suas pr\u00f3prias pautas de vida e, assim, ao final, saber\u00e1 se voc\u00ea \u00e9 de esquerda ou de direita. N\u00e3o escolhemos lados antes de conhec\u00ea-los.<\/p>\n<p>A bancada ruralista por exemplo, \u00e9 formada por deputados que nem sempre fazem parte do mesmo partido, mas com ideologias parecidas, eles ignoram a Natureza, exploram os animais, defendem grandes concentra\u00e7\u00f5es de renda e de terra, s\u00e3o favor\u00e1veis aos agrot\u00f3xicos (que polui \u00e1gua, solo e o alimento em si, matando um n\u00famero incalcul\u00e1vel de animais), combatem a reforma agr\u00e1ria, a demarca\u00e7\u00e3o das terras ind\u00edgenas (povos que mais preservam a Natureza no planeta) e est\u00e3o ali para representar seu setor financeiro, o agroneg\u00f3cio, fazendo com que o governo repasse para eles 203,37 bilh\u00f5es de subs\u00eddio para agropecu\u00e1ria e apenas 33 bilh\u00f5es para agricultura familiar ou o pequeno produtor, que \u00e9 quem oferece 70% da alimenta\u00e7\u00e3o aos brasileiros. Mas ao mesmo tempo esses fazendeiros latifundi\u00e1rios defendem os valores da fam\u00edlia crist\u00e3, os bons costumes, s\u00e3o os conservadores. Podemos perguntar ent\u00e3o: Faz sentido uma pessoa que defende os animais apoiar uma bancada ruralista?<\/p>\n<p>O conservador quer conservar, manter como est\u00e1, o defensor dos animais quer mudar a realidade, quer que os animais sejam finalmente libertos, quer progresso nesse sentido, quer leis que beneficiem a todos. Ent\u00e3o um defensor dos animais pode se identificar como progressista, uma postura que vai adiante do tempo que estamos.<\/p>\n<p><em><strong>* Oberom \u00e9 professor de Yoga, vegano, ativista, facilitador do Prana Prasakti (retiro de 21 dias) e plantador de \u00e1rvores.<\/strong><\/em><\/p>\n","protected":false},"excerpt":{"rendered":"<p>| Por Oberom* | 1. O primeiro ponto \u00e9 lembrar que a participa\u00e7\u00e3o pol\u00edtica n\u00e3o necessariamente envolve a pessoa ter um cargo de representa\u00e7\u00e3o na sociedade ou ter que tornar-se um pol\u00edtico profissional; o segundo ponto \u00e9 ter consci\u00eancia de que qualquer pessoa ao fazer escolhas cotidianas est\u00e1 gerando consequ\u00eancias na sociedade, por isso somos [&hellip;]<\/p>\n","protected":false},"author":1,"featured_media":42321,"comment_status":"open","ping_status":"open","sticky":false,"template":"","format":"standard","meta":{"om_disable_all_campaigns":false,"_monsterinsights_skip_tracking":false,"_monsterinsights_sitenote_active":false,"_monsterinsights_sitenote_note":"","_monsterinsights_sitenote_category":0,"footnotes":""},"categories":[10],"tags":[419,499,1231,154],"acf":[],"publishpress_future_action":{"enabled":false,"date":"1969-12-31 21:00:00","action":"","terms":[],"taxonomy":"","browser_timezone_offset":0},"_links":{"self":[{"href":"https:\/\/portalfloresnoar.com\/floresnoar\/wp-json\/wp\/v2\/posts\/42319"}],"collection":[{"href":"https:\/\/portalfloresnoar.com\/floresnoar\/wp-json\/wp\/v2\/posts"}],"about":[{"href":"https:\/\/portalfloresnoar.com\/floresnoar\/wp-json\/wp\/v2\/types\/post"}],"author":[{"embeddable":true,"href":"https:\/\/portalfloresnoar.com\/floresnoar\/wp-json\/wp\/v2\/users\/1"}],"replies":[{"embeddable":true,"href":"https:\/\/portalfloresnoar.com\/floresnoar\/wp-json\/wp\/v2\/comments?post=42319"}],"version-history":[{"count":0,"href":"https:\/\/portalfloresnoar.com\/floresnoar\/wp-json\/wp\/v2\/posts\/42319\/revisions"}],"wp:featuredmedia":[{"embeddable":true,"href":"https:\/\/portalfloresnoar.com\/floresnoar\/wp-json\/wp\/v2\/media\/42321"}],"wp:attachment":[{"href":"https:\/\/portalfloresnoar.com\/floresnoar\/wp-json\/wp\/v2\/media?parent=42319"}],"wp:term":[{"taxonomy":"category","embeddable":true,"href":"https:\/\/portalfloresnoar.com\/floresnoar\/wp-json\/wp\/v2\/categories?post=42319"},{"taxonomy":"post_tag","embeddable":true,"href":"https:\/\/portalfloresnoar.com\/floresnoar\/wp-json\/wp\/v2\/tags?post=42319"}],"curies":[{"name":"wp","href":"https:\/\/api.w.org\/{rel}","templated":true}]}}