

{"id":42311,"date":"2022-02-23T18:30:47","date_gmt":"2022-02-23T21:30:47","guid":{"rendered":"http:\/\/portalfloresnoar.com\/floresnoar\/?p=42311"},"modified":"2022-10-13T19:04:31","modified_gmt":"2022-10-13T22:04:31","slug":"agenda-pe-retiro-de-detox-e-rejuvenescimento-atraves-do-ayurveda-e-yoga-de-13-a-1610-em-pernambuco","status":"publish","type":"post","link":"https:\/\/portalfloresnoar.com\/floresnoar\/agenda-pe-retiro-de-detox-e-rejuvenescimento-atraves-do-ayurveda-e-yoga-de-13-a-1610-em-pernambuco\/","title":{"rendered":"[AGENDA PE] Retiro de Detox e Rejuvenescimento, atrav\u00e9s do Ayurveda e Yoga, de 13 a 16\/10, em Pernambuco"},"content":{"rendered":"<p><img decoding=\"async\" loading=\"lazy\" class=\"aligncenter wp-image-42312 \" src=\"http:\/\/portalfloresnoar.com\/floresnoar\/wp-content\/uploads\/2022\/09\/retiro-ayurveda-e-yoga-pernambuco-700x700.jpeg\" alt=\"\" width=\"602\" height=\"602\" srcset=\"https:\/\/portalfloresnoar.com\/floresnoar\/wp-content\/uploads\/2022\/09\/retiro-ayurveda-e-yoga-pernambuco-700x700.jpeg 700w, https:\/\/portalfloresnoar.com\/floresnoar\/wp-content\/uploads\/2022\/09\/retiro-ayurveda-e-yoga-pernambuco-150x150.jpeg 150w, https:\/\/portalfloresnoar.com\/floresnoar\/wp-content\/uploads\/2022\/09\/retiro-ayurveda-e-yoga-pernambuco-300x300.jpeg 300w, https:\/\/portalfloresnoar.com\/floresnoar\/wp-content\/uploads\/2022\/09\/retiro-ayurveda-e-yoga-pernambuco-768x768.jpeg 768w, https:\/\/portalfloresnoar.com\/floresnoar\/wp-content\/uploads\/2022\/09\/retiro-ayurveda-e-yoga-pernambuco-100x100.jpeg 100w, https:\/\/portalfloresnoar.com\/floresnoar\/wp-content\/uploads\/2022\/09\/retiro-ayurveda-e-yoga-pernambuco.jpeg 1080w\" sizes=\"(max-width: 602px) 100vw, 602px\" \/><\/p>\n<p>A pernambucana Karina Gomes, residente na \u00cdndia, est\u00e1 chegando para sua temporada anual de atendimentos no Nordeste e dessa vez ira conduzir o retiro presencial &#8216;A Experi\u00eancia:\u00a0Detox e Rejuvenescimento atrav\u00e9s da medicina milenar do Ayurveda e do Yoga&#8217;. O retiro ser\u00e1 dos dias 13 a 16 de outubro de 2022, no Polo de Aperfei\u00e7oamento Integral (PAI), localizado no munic\u00edpio de Ribeir\u00e3o (PE), a cerca de 80 km do Recife.<\/p>\n<p><img decoding=\"async\" loading=\"lazy\" class=\"wp-image-42315 alignleft\" src=\"http:\/\/portalfloresnoar.com\/floresnoar\/wp-content\/uploads\/2022\/09\/Karina-Gomes-medicina-ayurvedica-300x298.jpg\" alt=\"\" width=\"181\" height=\"180\" srcset=\"https:\/\/portalfloresnoar.com\/floresnoar\/wp-content\/uploads\/2022\/09\/Karina-Gomes-medicina-ayurvedica-300x298.jpg 300w, https:\/\/portalfloresnoar.com\/floresnoar\/wp-content\/uploads\/2022\/09\/Karina-Gomes-medicina-ayurvedica-150x150.jpg 150w, https:\/\/portalfloresnoar.com\/floresnoar\/wp-content\/uploads\/2022\/09\/Karina-Gomes-medicina-ayurvedica-100x100.jpg 100w, https:\/\/portalfloresnoar.com\/floresnoar\/wp-content\/uploads\/2022\/09\/Karina-Gomes-medicina-ayurvedica.jpg 504w\" sizes=\"(max-width: 181px) 100vw, 181px\" \/><\/p>\n<p>Karina Gomes cursa o pen\u00faltimo ano da universidade de Medicina Ayurv\u00e9dica na Gujarat Ayurveda University, \u00cdndia. Fez v\u00e1rias forma\u00e7\u00f5es em Terapeuta Ayurveda e Yoga na \u00cdndia, e resid\u00eancia em hospitais ayurvedicos indianos, atuando como coordenadora de programas de estudos de Ayurveda no Kerala (Sul da \u00cdndia) e tradutora, levando grupos para estudar na \u00cdndia. Atualmente dedica-se a encorajar pessoas a encontrar harmonia no corpo, mente e sentidos, vivendo, aplicando e divulgando o Ayurveda e o Yoga no mundo.<\/p>\n<p>&nbsp;<\/p>\n<p>PROGRAMA DO RETIRO<br \/>\n&#8211; Alimenta\u00e7\u00e3o terap\u00eautica, detox e rejuvenescedora;<br \/>\n&#8211; Aulas di\u00e1rias de AyurYoga;<br \/>\n&#8211; Banho de cachoeira;<br \/>\n&#8211; Medita\u00e7\u00e3o no templo;<br \/>\n&#8211; Aula pr\u00e1tica: Como transformar sua cozinha em uma Cozinha Divina;<br \/>\n&#8211; Aula pr\u00e1tica: A rotina ideal para quem quer rejuvenescer;<br \/>\n&#8211; Retiro do sil\u00eancio;<br \/>\n&#8211; Estudo do cap\u00edtulo do Charaka Samhita (texto cl\u00e1ssico do Ayurveda) &#8220;Achara Rasayana &#8221; &#8211; atitudes que rejuvenescem.<\/p>\n<p>SERVI\u00c7O<br \/>\n<strong>Retiro presencial &#8216;A Experi\u00eancia:\u00a0Detox e Rejuvenescimento atrav\u00e9s da medicina milenar do Ayurveda e Yoga&#8217;<\/strong><br \/>\n<strong>Data:<\/strong> 13 a 16 de outubro de 2022<br \/>\n<strong>Local:<\/strong> PAI &#8211; Polo de Aperfei\u00e7oamento Integral &#8211; Ribeir\u00e3o\/PE<\/p>\n<p>INVESTIMENTO<br \/>\n<strong>Hospedagem em quarto COMPARTILHADO<\/strong><br \/>\nIngresso PRANA: A experi\u00eancia &#8211; 1.780,00<br \/>\nIngresso TEJAS: A experi\u00eancia + curso on-line gravado Cozinha Divina com Karina Gomes &#8211; 1.900,00<br \/>\ningresso OJAS: A experi\u00eancia + consulta individual ayurvedica(incluindo volta) com Karina Gomes- 2.180,00<\/p>\n<p><strong>Hospedagem em quarto INDIVIDUAL<\/strong><br \/>\nIngresso PRANA: A experi\u00eancia &#8211; 2.150,00<br \/>\nIngresso TEJAS: A experi\u00eancia + curso on-line gravado Cozinha Divina com Karina Gomes- 2.270,00<br \/>\nIngresso OJAS: A experi\u00eancia + consulta individual ayurvedica(incluindo volta) com Karina Gomes- 2.670,00<\/p>\n<p><em>Obs.1: Pacientes, ex-pacientes e alunas de karina t\u00eam valor especial.<\/em><\/p>\n<p><em>Obs.2: Para quem for fora de Recife e chegar de avi\u00e3o, haver\u00e1 traslado do aeroporto at\u00e9 o local do retiro.<\/em><\/p>\n<p>INSCRI\u00c7\u00d5ES E MAIS INFORMA\u00c7\u00d5ES<br \/>\n<strong>WhatsApp:<\/strong> (81) 98713-8885<br \/>\n<strong>Instagram:<\/strong> <a href=\"https:\/\/www.instagram.com\/karina.ayurveda\/\" target=\"_blank\" rel=\"noopener\">@karina.ayurveda<\/a><\/p>\n","protected":false},"excerpt":{"rendered":"<p>A pernambucana Karina Gomes, residente na \u00cdndia, est\u00e1 chegando para sua temporada anual de atendimentos no Nordeste e dessa vez ira conduzir o retiro presencial &#8216;A Experi\u00eancia:\u00a0Detox e Rejuvenescimento atrav\u00e9s da medicina milenar do Ayurveda e do Yoga&#8217;. O retiro ser\u00e1 dos dias 13 a 16 de outubro de 2022, no Polo de Aperfei\u00e7oamento Integral [&hellip;]<\/p>\n","protected":false},"author":1,"featured_media":42313,"comment_status":"open","ping_status":"open","sticky":false,"template":"","format":"standard","meta":{"om_disable_all_campaigns":false,"_monsterinsights_skip_tracking":false,"_monsterinsights_sitenote_active":false,"_monsterinsights_sitenote_note":"","_monsterinsights_sitenote_category":0,"footnotes":""},"categories":[8,214],"tags":[114,523,642,551,396,21],"acf":[],"publishpress_future_action":{"enabled":false,"date":"1969-12-31 21:00:00","action":"","terms":[],"taxonomy":"","browser_timezone_offset":0},"_links":{"self":[{"href":"https:\/\/portalfloresnoar.com\/floresnoar\/wp-json\/wp\/v2\/posts\/42311"}],"collection":[{"href":"https:\/\/portalfloresnoar.com\/floresnoar\/wp-json\/wp\/v2\/posts"}],"about":[{"href":"https:\/\/portalfloresnoar.com\/floresnoar\/wp-json\/wp\/v2\/types\/post"}],"author":[{"embeddable":true,"href":"https:\/\/portalfloresnoar.com\/floresnoar\/wp-json\/wp\/v2\/users\/1"}],"replies":[{"embeddable":true,"href":"https:\/\/portalfloresnoar.com\/floresnoar\/wp-json\/wp\/v2\/comments?post=42311"}],"version-history":[{"count":0,"href":"https:\/\/portalfloresnoar.com\/floresnoar\/wp-json\/wp\/v2\/posts\/42311\/revisions"}],"wp:featuredmedia":[{"embeddable":true,"href":"https:\/\/portalfloresnoar.com\/floresnoar\/wp-json\/wp\/v2\/media\/42313"}],"wp:attachment":[{"href":"https:\/\/portalfloresnoar.com\/floresnoar\/wp-json\/wp\/v2\/media?parent=42311"}],"wp:term":[{"taxonomy":"category","embeddable":true,"href":"https:\/\/portalfloresnoar.com\/floresnoar\/wp-json\/wp\/v2\/categories?post=42311"},{"taxonomy":"post_tag","embeddable":true,"href":"https:\/\/portalfloresnoar.com\/floresnoar\/wp-json\/wp\/v2\/tags?post=42311"}],"curies":[{"name":"wp","href":"https:\/\/api.w.org\/{rel}","templated":true}]}}