

{"id":42308,"date":"2022-09-23T07:38:22","date_gmt":"2022-09-23T10:38:22","guid":{"rendered":"http:\/\/portalfloresnoar.com\/floresnoar\/?p=42308"},"modified":"2022-09-23T07:38:22","modified_gmt":"2022-09-23T10:38:22","slug":"documentario-eles-poderiam-estar-vivos-denuncia-a-ma-gestao-do-governo-federal-na-pandemia","status":"publish","type":"post","link":"https:\/\/portalfloresnoar.com\/floresnoar\/documentario-eles-poderiam-estar-vivos-denuncia-a-ma-gestao-do-governo-federal-na-pandemia\/","title":{"rendered":"Document\u00e1rio &#8216;Eles poderiam estar vivos&#8217; denuncia a m\u00e1 gest\u00e3o do governo federal na pandemia"},"content":{"rendered":"<p><iframe loading=\"lazy\" title=\"YouTube video player\" src=\"https:\/\/www.youtube.com\/embed\/XHrMATXfQ8c\" width=\"560\" height=\"315\" frameborder=\"0\" allowfullscreen=\"allowfullscreen\"><\/iframe><\/p>\n<p>Est\u00e1 no ar o document\u00e1rio independente &#8216;Eles Poderiam Estar Vivos&#8217;, com depoimentos de pessoas que perderam familiares e amigos durante a pandemia da Covid-19, e tamb\u00e9m entrevistas de profissionais da \u00e1rea da sa\u00fade, como m\u00e9dicos, epidemiologistas e pesquisadores.<\/p>\n<p>O filme, dirigido e produzido pelos irm\u00e3os Gabriel e Lucas Mesquita, objetiva mostrar como a estrat\u00e9gia do governo federal brasileiro durante a pandemia s\u00e3o respons\u00e1veis por pelo menos metade das mais de 680 mil mortes que aconteceram no Pa\u00eds desde 2020, pela infec\u00e7\u00e3o por Coronav\u00edrus.<\/p>\n<p>O longa relembra que, enquanto l\u00edderes do mundo inteiro incentivavam o uso de m\u00e1scaras e correram para comprar vacinas o mais r\u00e1pido poss\u00edvel, o presidente do Brasil, Jair Bolsonaro, apostava no negacionsimo, em rem\u00e9dios ineficazes e se valia de argumentos p\u00edfios para adiar a compra da vacina.<\/p>\n","protected":false},"excerpt":{"rendered":"<p>Est\u00e1 no ar o document\u00e1rio independente &#8216;Eles Poderiam Estar Vivos&#8217;, com depoimentos de pessoas que perderam familiares e amigos durante a pandemia da Covid-19, e tamb\u00e9m entrevistas de profissionais da \u00e1rea da sa\u00fade, como m\u00e9dicos, epidemiologistas e pesquisadores. O filme, dirigido e produzido pelos irm\u00e3os Gabriel e Lucas Mesquita, objetiva mostrar como a estrat\u00e9gia do [&hellip;]<\/p>\n","protected":false},"author":1,"featured_media":42309,"comment_status":"open","ping_status":"open","sticky":false,"template":"","format":"standard","meta":{"om_disable_all_campaigns":false,"_monsterinsights_skip_tracking":false,"_monsterinsights_sitenote_active":false,"_monsterinsights_sitenote_note":"","_monsterinsights_sitenote_category":0,"footnotes":""},"categories":[14],"tags":[121,123,154,27],"acf":[],"publishpress_future_action":{"enabled":false,"date":"1969-12-31 21:00:00","action":"","terms":[],"taxonomy":"","browser_timezone_offset":0},"_links":{"self":[{"href":"https:\/\/portalfloresnoar.com\/floresnoar\/wp-json\/wp\/v2\/posts\/42308"}],"collection":[{"href":"https:\/\/portalfloresnoar.com\/floresnoar\/wp-json\/wp\/v2\/posts"}],"about":[{"href":"https:\/\/portalfloresnoar.com\/floresnoar\/wp-json\/wp\/v2\/types\/post"}],"author":[{"embeddable":true,"href":"https:\/\/portalfloresnoar.com\/floresnoar\/wp-json\/wp\/v2\/users\/1"}],"replies":[{"embeddable":true,"href":"https:\/\/portalfloresnoar.com\/floresnoar\/wp-json\/wp\/v2\/comments?post=42308"}],"version-history":[{"count":0,"href":"https:\/\/portalfloresnoar.com\/floresnoar\/wp-json\/wp\/v2\/posts\/42308\/revisions"}],"wp:featuredmedia":[{"embeddable":true,"href":"https:\/\/portalfloresnoar.com\/floresnoar\/wp-json\/wp\/v2\/media\/42309"}],"wp:attachment":[{"href":"https:\/\/portalfloresnoar.com\/floresnoar\/wp-json\/wp\/v2\/media?parent=42308"}],"wp:term":[{"taxonomy":"category","embeddable":true,"href":"https:\/\/portalfloresnoar.com\/floresnoar\/wp-json\/wp\/v2\/categories?post=42308"},{"taxonomy":"post_tag","embeddable":true,"href":"https:\/\/portalfloresnoar.com\/floresnoar\/wp-json\/wp\/v2\/tags?post=42308"}],"curies":[{"name":"wp","href":"https:\/\/api.w.org\/{rel}","templated":true}]}}