

{"id":42302,"date":"2022-09-22T10:18:43","date_gmt":"2022-09-22T13:18:43","guid":{"rendered":"http:\/\/portalfloresnoar.com\/floresnoar\/?p=42302"},"modified":"2022-09-22T10:21:32","modified_gmt":"2022-09-22T13:21:32","slug":"canto-de-lu-bem-vinda-primavera","status":"publish","type":"post","link":"https:\/\/portalfloresnoar.com\/floresnoar\/canto-de-lu-bem-vinda-primavera\/","title":{"rendered":"[CANTO DE LU] Bem-vinda Primavera!"},"content":{"rendered":"<p><img decoding=\"async\" loading=\"lazy\" class=\"size-medium wp-image-42304 alignleft\" src=\"http:\/\/portalfloresnoar.com\/floresnoar\/wp-content\/uploads\/2022\/09\/libra-licenca-CCO-public-domain-300x300.jpg\" alt=\"\" width=\"300\" height=\"300\" srcset=\"https:\/\/portalfloresnoar.com\/floresnoar\/wp-content\/uploads\/2022\/09\/libra-licenca-CCO-public-domain-300x300.jpg 300w, https:\/\/portalfloresnoar.com\/floresnoar\/wp-content\/uploads\/2022\/09\/libra-licenca-CCO-public-domain-150x150.jpg 150w, https:\/\/portalfloresnoar.com\/floresnoar\/wp-content\/uploads\/2022\/09\/libra-licenca-CCO-public-domain-768x768.jpg 768w, https:\/\/portalfloresnoar.com\/floresnoar\/wp-content\/uploads\/2022\/09\/libra-licenca-CCO-public-domain-700x700.jpg 700w, https:\/\/portalfloresnoar.com\/floresnoar\/wp-content\/uploads\/2022\/09\/libra-licenca-CCO-public-domain-100x100.jpg 100w, https:\/\/portalfloresnoar.com\/floresnoar\/wp-content\/uploads\/2022\/09\/libra-licenca-CCO-public-domain.jpg 900w\" sizes=\"(max-width: 300px) 100vw, 300px\" \/><\/p>\n<p>|<em> Por Lu Rabelo<\/em>* |<\/p>\n<p>Neste dia 22 de setembro de 2022, \u00e0s 22h03, o Sol entra no signo de Libra, marcando o Equin\u00f3cio de Primavera c\u00e1 pras bandas do Hemisf\u00e9rio Sul. Sombra e luz se equilibram. Tempo de equidade!<\/p>\n<p>Diferente do que se fala por a\u00ed, Libra \u00e9 um signo que decide. \u00c0s vezes demora um pouco pra fazer a escolha porque pondera muito. Mas decide!<\/p>\n<p>E a energia de Libra \u00e9 de igualdade, equil\u00edbrio, justi\u00e7a, defesa dos direitos.<\/p>\n<p>Pra mim, esta mudan\u00e7a de esta\u00e7\u00e3o vem junto com o meu anivers\u00e1rio e o anivers\u00e1rio do Flores no Ar (ambos no dia 26\/09), sendo um momento realmente de mudan\u00e7a, de in\u00edcio mesmo de um novo ciclo.<\/p>\n<p>N\u00e3o foi \u00e0 toa que o Flores no Ar foi ao ar na Primavera, naquele ano de 2009. Agora, com 13 anos, o Portal Flores no Ar est\u00e1 aberto \u00e0s mudan\u00e7as que est\u00e3o vindo e \u00e0s que vir\u00e3o, e ainda com mais vontade de defender e proteger os direitos humanos, animais e ambientais.<\/p>\n<p>C\u00e1 estamos vibrando para que com a chegada da Primavera, n\u00f3s brasileiras e brasileiros nos inspiremos verdadeiramente no amor e na justi\u00e7a para que nas pr\u00f3ximas elei\u00e7\u00f5es, no dia 2 de outubro de 2022, &#8220;sem medo de ser feliz&#8221;, votemos com consci\u00eancia, florindo novamente o nosso Pa\u00eds!<\/p>\n<p><em>* Lu Rabelo \u00e9\u00a0<a href=\"https:\/\/www.instagram.com\/canto.de.lu\" target=\"_blank\" rel=\"noopener\">cantadeira<\/a><a href=\"https:\/\/www.facebook.com\/cantodelu7\/\" target=\"_blank\" rel=\"noopener noreferrer\">,<\/a>\u00a0arteterapeuta, yogaterapeuta, herbalista, jornalista e guardi\u00e3 do\u00a0<a href=\"http:\/\/portalfloresnoar.com\/\" target=\"_blank\" rel=\"noopener noreferrer\">Portal Flores no Ar<\/a>. \u00c9 estudiosa de Cultura Ind\u00edgena, Alquimia, Astrologia e Tarot.<\/em><\/p>\n<p>&nbsp;<\/p>\n","protected":false},"excerpt":{"rendered":"<p>| Por Lu Rabelo* | Neste dia 22 de setembro de 2022, \u00e0s 22h03, o Sol entra no signo de Libra, marcando o Equin\u00f3cio de Primavera c\u00e1 pras bandas do Hemisf\u00e9rio Sul. Sombra e luz se equilibram. Tempo de equidade! Diferente do que se fala por a\u00ed, Libra \u00e9 um signo que decide. \u00c0s vezes [&hellip;]<\/p>\n","protected":false},"author":1,"featured_media":42305,"comment_status":"open","ping_status":"open","sticky":false,"template":"","format":"standard","meta":{"om_disable_all_campaigns":false,"_monsterinsights_skip_tracking":false,"_monsterinsights_sitenote_active":false,"_monsterinsights_sitenote_note":"","_monsterinsights_sitenote_category":0,"footnotes":""},"categories":[227,220],"tags":[18,1230,359,868,870],"acf":[],"publishpress_future_action":{"enabled":false,"date":"1969-12-31 21:00:00","action":"","terms":[],"taxonomy":"","browser_timezone_offset":0},"_links":{"self":[{"href":"https:\/\/portalfloresnoar.com\/floresnoar\/wp-json\/wp\/v2\/posts\/42302"}],"collection":[{"href":"https:\/\/portalfloresnoar.com\/floresnoar\/wp-json\/wp\/v2\/posts"}],"about":[{"href":"https:\/\/portalfloresnoar.com\/floresnoar\/wp-json\/wp\/v2\/types\/post"}],"author":[{"embeddable":true,"href":"https:\/\/portalfloresnoar.com\/floresnoar\/wp-json\/wp\/v2\/users\/1"}],"replies":[{"embeddable":true,"href":"https:\/\/portalfloresnoar.com\/floresnoar\/wp-json\/wp\/v2\/comments?post=42302"}],"version-history":[{"count":0,"href":"https:\/\/portalfloresnoar.com\/floresnoar\/wp-json\/wp\/v2\/posts\/42302\/revisions"}],"wp:featuredmedia":[{"embeddable":true,"href":"https:\/\/portalfloresnoar.com\/floresnoar\/wp-json\/wp\/v2\/media\/42305"}],"wp:attachment":[{"href":"https:\/\/portalfloresnoar.com\/floresnoar\/wp-json\/wp\/v2\/media?parent=42302"}],"wp:term":[{"taxonomy":"category","embeddable":true,"href":"https:\/\/portalfloresnoar.com\/floresnoar\/wp-json\/wp\/v2\/categories?post=42302"},{"taxonomy":"post_tag","embeddable":true,"href":"https:\/\/portalfloresnoar.com\/floresnoar\/wp-json\/wp\/v2\/tags?post=42302"}],"curies":[{"name":"wp","href":"https:\/\/api.w.org\/{rel}","templated":true}]}}