

{"id":42284,"date":"2022-06-03T06:29:45","date_gmt":"2022-06-03T09:29:45","guid":{"rendered":"http:\/\/portalfloresnoar.com\/floresnoar\/?p=42284"},"modified":"2025-09-02T09:06:50","modified_gmt":"2025-09-02T12:06:50","slug":"noticias-espaco-gerar-oferece-salas-para-sublocacao-na-zona-norte-do-recife","status":"publish","type":"post","link":"https:\/\/portalfloresnoar.com\/floresnoar\/noticias-espaco-gerar-oferece-salas-para-sublocacao-na-zona-norte-do-recife\/","title":{"rendered":"[NOT\u00cdCIAS] Espa\u00e7o Gerar oferece subloca\u00e7\u00e3o de salas no Recife voltadas para terapeutas"},"content":{"rendered":"<p><img decoding=\"async\" loading=\"lazy\" class=\"aligncenter wp-image-42285 \" src=\"http:\/\/portalfloresnoar.com\/floresnoar\/wp-content\/uploads\/2022\/09\/subloca\u00e7\u00e3o-de-salas-para-terapeutas-1-700x466.jpeg\" alt=\"\" width=\"630\" height=\"420\" srcset=\"https:\/\/portalfloresnoar.com\/floresnoar\/wp-content\/uploads\/2022\/09\/subloca\u00e7\u00e3o-de-salas-para-terapeutas-1-700x466.jpeg 700w, https:\/\/portalfloresnoar.com\/floresnoar\/wp-content\/uploads\/2022\/09\/subloca\u00e7\u00e3o-de-salas-para-terapeutas-1-300x200.jpeg 300w, https:\/\/portalfloresnoar.com\/floresnoar\/wp-content\/uploads\/2022\/09\/subloca\u00e7\u00e3o-de-salas-para-terapeutas-1-768x512.jpeg 768w, https:\/\/portalfloresnoar.com\/floresnoar\/wp-content\/uploads\/2022\/09\/subloca\u00e7\u00e3o-de-salas-para-terapeutas-1.jpeg 1280w\" sizes=\"(max-width: 630px) 100vw, 630px\" \/><\/p>\n<p>O Espa\u00e7o Gerar &#8211; Psicologia, Arteterapia e Bem-Estar est\u00e1 disponibilizando, no bairro do Po\u00e7o da Panela, no Recife, a subloca\u00e7\u00e3o de salas para o desenvolvimento de atividades direcionadas \u00e0 sa\u00fade e ao bem-estar. As salas s\u00e3o climatizadas, decoradas e mobiliadas.<\/p>\n<p><strong><em>As subloca\u00e7\u00f5es s\u00e3o feitas nas seguintes modalidades:<\/em><\/strong><\/p>\n<p><strong>* Turno<\/strong> &#8211; compreende o uso de uma sala climatizada, decorada e mobiliada, num dia espec\u00edfico da semana (a ser definido mediante a disponibilidade da sala). Abrange um expediente (5 horas ininterruptas), de 8h \u00e0s 13h ou de 13h \u00e0s 18h.<\/p>\n<p><strong>* Di\u00e1ria<\/strong> &#8211; compreende o uso de uma sala climatizada, decorada e mobiliada, num dia espec\u00edfico da semana (a ser definido mediante a disponibilidade da sala), no hor\u00e1rio das 8h \u00e0s 21h.<br \/>\n<em>Obs.: H\u00e1 duas salas destinadas a essa modalidade (di\u00e1ria). Uma das salas conta com sanit\u00e1rio pr\u00f3prio.<\/em><\/p>\n<p><em><strong><img decoding=\"async\" loading=\"lazy\" class=\"wp-image-45800 alignleft\" src=\"https:\/\/portalfloresnoar.com\/floresnoar\/wp-content\/uploads\/2025\/06\/aluguel-de-salas-para-terapeutas-no-recife-5-525x700.jpeg\" alt=\"\" width=\"315\" height=\"420\" srcset=\"https:\/\/portalfloresnoar.com\/floresnoar\/wp-content\/uploads\/2025\/06\/aluguel-de-salas-para-terapeutas-no-recife-5-525x700.jpeg 525w, https:\/\/portalfloresnoar.com\/floresnoar\/wp-content\/uploads\/2025\/06\/aluguel-de-salas-para-terapeutas-no-recife-5-225x300.jpeg 225w, https:\/\/portalfloresnoar.com\/floresnoar\/wp-content\/uploads\/2025\/06\/aluguel-de-salas-para-terapeutas-no-recife-5-768x1023.jpeg 768w, https:\/\/portalfloresnoar.com\/floresnoar\/wp-content\/uploads\/2025\/06\/aluguel-de-salas-para-terapeutas-no-recife-5-1153x1536.jpeg 1153w, https:\/\/portalfloresnoar.com\/floresnoar\/wp-content\/uploads\/2025\/06\/aluguel-de-salas-para-terapeutas-no-recife-5.jpeg 1200w\" sizes=\"(max-width: 315px) 100vw, 315px\" \/>A subloca\u00e7\u00e3o inclui:<\/strong><\/em><br \/>\n\u2013 Encargos decorrentes (\u00e1gua, luz, telefone e g\u00e1s);<br \/>\n\u2013 Servi\u00e7os da secret\u00e1ria, de segunda a sexta-feira (recep\u00e7\u00e3o de clientes e agendamento de hor\u00e1rios, com exce\u00e7\u00e3o de atualiza\u00e7\u00e3o de agenda individual);<br \/>\n\u2013 Atividades do funcion\u00e1rio de servi\u00e7os gerais;<br \/>\n\u2013 N\u00famero do telefone para o recebimento de liga\u00e7\u00f5es e, restritamente, para a efetiva\u00e7\u00e3o de liga\u00e7\u00f5es referentes ao(s) trabalho(s) realizados no Gerar (exceto para celular).<\/p>\n<p><em><strong>Vantagens na ades\u00e3o:<\/strong><\/em><br \/>\n\u25cf O uso da logomarca do GERAR Arteterapia e Bem-Estar, desde que seja fornecida pelo grupo gestor;<br \/>\n\u25cf\u00a0A divulga\u00e7\u00e3o de todo trabalho desenvolvido no Gerar, nas m\u00eddias sociais do Gerar (Blog, Facebook e Instagram);<br \/>\n\u25cf Desconto na divulga\u00e7\u00e3o dos servi\u00e7os oferecidos no Portal Flores no Ar;<br \/>\n\u25cf Gratuidade no uso do data show e tel\u00e3o, a ser utilizado no Gerar, mediante agendamento;<br \/>\n\u25cf Gratuidade no uso da maca, a ser utilizada no Gerar, mediante agendamento;<br \/>\n\u25cf Desconto de 20% no valor da subloca\u00e7\u00e3o do sal\u00e3o\/recep\u00e7\u00e3o em hor\u00e1rio de expediente;<br \/>\n\u25cf Participa\u00e7\u00e3o, opcional, nos projetos do Gerar.<\/p>\n<p><em><strong>Benef\u00edcios da parceria:<\/strong><\/em><br \/>\n\u25cf Atra\u00e7\u00e3o de clientes para o parceiro;<br \/>\n\u25cf Divulga\u00e7\u00e3o do trabalho individual;<br \/>\n\u25cf Fortalecimento das suas a\u00e7\u00f5es a partir da parceria com Gerar;<br \/>\n\u25cf Maior alcance de p\u00fablico e mercado;<br \/>\n\u25cf Compartilhamento de conhecimentos e experi\u00eancias.<\/p>\n<p><strong><em>Caso haja interesse em conhecer o espa\u00e7o, voc\u00ea pode entrar em contato pelo telefone (81) 99760-6383, de segunda a sexta-feira, no hor\u00e1rio das 8h \u00e0s 12h e de 13h \u00e0s 20h, ou pelo e-mail: gerararte@gmail.com<\/em><\/strong><\/p>\n<p>ESPA\u00c7O GERAR &#8211; PSICOLOGIA, ARTETERAPIA E BEM-ESTAR<br \/>\n<strong>Endere\u00e7o:<\/strong> Rua Luiz Guimar\u00e3es, 253, Po\u00e7o da Panela, Recife\/PE<br \/>\n<em>(Mapa com a localiza\u00e7\u00e3o: <a href=\"https:\/\/maps.app.goo.gl\/kZCHrg1TKRm8Qhmv9\" target=\"_blank\" rel=\"noopener\">https:\/\/maps.app.goo.gl\/kZCHrg1TKRm8Qhmv9<\/a>)<\/em><br \/>\n<strong>Fone\/WhatsApp:<\/strong> (81) 99760.6383<\/p>\n","protected":false},"excerpt":{"rendered":"<p>O Espa\u00e7o Gerar &#8211; Psicologia, Arteterapia e Bem-Estar est\u00e1 disponibilizando, no bairro do Po\u00e7o da Panela, no Recife, a subloca\u00e7\u00e3o de salas para o desenvolvimento de atividades direcionadas \u00e0 sa\u00fade e ao bem-estar. As salas s\u00e3o climatizadas, decoradas e mobiliadas. As subloca\u00e7\u00f5es s\u00e3o feitas nas seguintes modalidades: * Turno &#8211; compreende o uso de uma [&hellip;]<\/p>\n","protected":false},"author":1,"featured_media":42288,"comment_status":"open","ping_status":"open","sticky":false,"template":"","format":"standard","meta":{"om_disable_all_campaigns":false,"_monsterinsights_skip_tracking":false,"_monsterinsights_sitenote_active":false,"_monsterinsights_sitenote_note":"","_monsterinsights_sitenote_category":0,"footnotes":""},"categories":[9],"tags":[243,1057,394,1148,41,356,127],"acf":[],"publishpress_future_action":{"enabled":false,"date":"1969-12-31 21:00:00","action":"","terms":[],"taxonomy":"","browser_timezone_offset":0},"_links":{"self":[{"href":"https:\/\/portalfloresnoar.com\/floresnoar\/wp-json\/wp\/v2\/posts\/42284"}],"collection":[{"href":"https:\/\/portalfloresnoar.com\/floresnoar\/wp-json\/wp\/v2\/posts"}],"about":[{"href":"https:\/\/portalfloresnoar.com\/floresnoar\/wp-json\/wp\/v2\/types\/post"}],"author":[{"embeddable":true,"href":"https:\/\/portalfloresnoar.com\/floresnoar\/wp-json\/wp\/v2\/users\/1"}],"replies":[{"embeddable":true,"href":"https:\/\/portalfloresnoar.com\/floresnoar\/wp-json\/wp\/v2\/comments?post=42284"}],"version-history":[{"count":8,"href":"https:\/\/portalfloresnoar.com\/floresnoar\/wp-json\/wp\/v2\/posts\/42284\/revisions"}],"predecessor-version":[{"id":45801,"href":"https:\/\/portalfloresnoar.com\/floresnoar\/wp-json\/wp\/v2\/posts\/42284\/revisions\/45801"}],"wp:featuredmedia":[{"embeddable":true,"href":"https:\/\/portalfloresnoar.com\/floresnoar\/wp-json\/wp\/v2\/media\/42288"}],"wp:attachment":[{"href":"https:\/\/portalfloresnoar.com\/floresnoar\/wp-json\/wp\/v2\/media?parent=42284"}],"wp:term":[{"taxonomy":"category","embeddable":true,"href":"https:\/\/portalfloresnoar.com\/floresnoar\/wp-json\/wp\/v2\/categories?post=42284"},{"taxonomy":"post_tag","embeddable":true,"href":"https:\/\/portalfloresnoar.com\/floresnoar\/wp-json\/wp\/v2\/tags?post=42284"}],"curies":[{"name":"wp","href":"https:\/\/api.w.org\/{rel}","templated":true}]}}