

{"id":42256,"date":"2022-09-08T12:17:54","date_gmt":"2022-09-08T15:17:54","guid":{"rendered":"http:\/\/portalfloresnoar.com\/floresnoar\/?p=42256"},"modified":"2022-09-08T12:17:55","modified_gmt":"2022-09-08T15:17:55","slug":"noticias-padres-se-manifestam-contra-o-atual-presidente-do-brasil","status":"publish","type":"post","link":"https:\/\/portalfloresnoar.com\/floresnoar\/noticias-padres-se-manifestam-contra-o-atual-presidente-do-brasil\/","title":{"rendered":"[NOT\u00cdCIAS] Padres se manifestam contra o atual presidente do Brasil"},"content":{"rendered":"<p>Em carta aberta, mais de 450 padres cat\u00f3licos se manifestam contra a reelei\u00e7\u00e3o do atual presidente da Rep\u00fablica. O grupo,\u00a0denominado Padres da Caminhada e Padres contra o fascismo, foi formado em 2018, quando come\u00e7aram a ver a democracia ser amea\u00e7ada no pa\u00eds. No documento, os religiosos elencam dez itens para registrar o porqu\u00ea de se oporem \u00e0 reelei\u00e7\u00e3o de Jair Bolsonaro nas pr\u00f3ximas elei\u00e7\u00f5es.<\/p>\n<p>Confira abaixo a carta na \u00edntegra!<\/p>\n<p><strong><em>Carta Aberta<\/em><\/strong><br \/>\n<em> Brasil, ao 07 de setembro de 2022<\/em><\/p>\n<p><em>Encontramo-nos, novamente, no per\u00edodo eleitoral. Em 2018 a popula\u00e7\u00e3o, enganada por fake news, desmotivada por crises econ\u00f4micas, esc\u00e2ndalos de corrup\u00e7\u00e3o e insuflada por discursos de \u00f3dio acabou por eleger para a presid\u00eancia da Rep\u00fablica Jair Messias Bolsonaro. Uma cat\u00e1strofe anunciada! Hoje, distante quatro anos daquele momento, n\u00f3s Padres, conscientes do nosso dever de pastores do povo de Deus, queremos alertar para o perigo de repetirmos o mesmo erro, que pode p\u00f4r o Brasil em uma crise humana muito profunda. Por isso, elencamos dez elementos pelos quais, claramente, opomos nossas consci\u00eancias \u00e0 reelei\u00e7\u00e3o do atual Presidente da Rep\u00fablica.<\/em><\/p>\n<p><em><strong>1 \u2013 Uso do nome de Deus:<\/strong> o atual presidente sempre manipulou o sentimento religioso da popula\u00e7\u00e3o brasileira, tentando convenc\u00ea-la de que \u00e9 um homem crist\u00e3o, religioso e, por isso, digno e bom. Trata-se apenas de uma estrat\u00e9gia de controle das consci\u00eancias, visto que todo o seu discurso e suas a\u00e7\u00f5es s\u00e3o uma total oposi\u00e7\u00e3o ao Evangelho de Jesus;<\/em><\/p>\n<p><em><strong>2 \u2013 Discurso de \u00f3dio:<\/strong> o atual presidente insufla \u00f3dio na popula\u00e7\u00e3o por aqueles que considera inimigos seus ou do pa\u00eds (ainda que inimigos imagin\u00e1rios como os \u201ccomunistas\u201d), tendo sempre um discurso ligado \u00e0 viol\u00eancia, ao apelo \u00e0s armas, a imposi\u00e7\u00e3o da maioria e submiss\u00e3o das minorias, e um tom de agressividade e de desprezo pelos pobres, pelas mulheres, comunidades tradicionais ind\u00edgenas e quilombolas, popula\u00e7\u00e3o de rua, comunidade LGBTQIA+, migrantes, etc;<\/em><\/p>\n<p><em><strong>3 \u2013 Fake news:<\/strong> toda a elei\u00e7\u00e3o de 2018 foi movida por not\u00edcias falsas e alarmistas, colocando em p\u00e2nico a popula\u00e7\u00e3o mais simples e vulner\u00e1vel. Not\u00edcias falsas circularam por grupos de WhatsApp e pelas demais redes socias, desinformando e manipulando a popula\u00e7\u00e3o. Durante todo o seu governo as not\u00edcias falsas e caluniosas permaneceram e o Presidente mente de forma compulsiva na TV e em seus diversos pronunciamentos;<\/em><\/p>\n<p><em><strong>4 \u2013 M\u00e1 gest\u00e3o da pandemia de COVID-19:<\/strong> o governo atual, capitaneado pelo Presidente Bolsonaro, geriu de forma desastrosa e desumana a pandemia de COVID-19. O Presidente fez propaganda de medicamentos comprovadamente ineficazes, atrasou propositalmente a compra de vacinas, criou dificuldades para o estabelecimento de pol\u00edticas de distanciamento social, demitiu ministros da sa\u00fade que contradiziam suas ideias infantis e, incrivelmente, ainda imitou pessoas morrendo sufocadas;<\/em><\/p>\n<p><em><strong>5 \u2013 Volta da pobreza:<\/strong> o pa\u00eds foi imerso na pobreza e 33 milh\u00f5es de pessoas passam fome no Brasil de hoje. N\u00f3s, que hav\u00edamos sa\u00eddo do mapa da fome em 2014, tornamos a ver a instabilidade alimentar em nosso meio. A infla\u00e7\u00e3o impede pessoas de comprarem alimentos b\u00e1sicos para a subsist\u00eancia. Nosso povo passa fome enquanto super ricos cercam o atual Presidente por medo de perderem privil\u00e9gios. Com tudo isso, o presidente ainda nega que existam pessoas com fome no Brasil;<\/em><\/p>\n<p><em><strong>6 \u2013 Aumento do desmatamento:<\/strong> O desmatamento ilegal, as pol\u00edticas que favorecem o agroneg\u00f3cio irrespons\u00e1vel, favorecimento do garimpo ilegal, sil\u00eancio e despreocupa\u00e7\u00e3o com as amea\u00e7as sofridas por ambientalistas e defensores da Amaz\u00f4nia, o uso de agrot\u00f3xicos proibidos em outras partes do mundo, o pisoteamento das comunidades ind\u00edgenas, o desaparelhamento dos \u00f3rg\u00e3os de controle ambiental e indigenista e a sistem\u00e1tica destrui\u00e7\u00e3o da Amaz\u00f4nia s\u00e3o esc\u00e2ndalos em n\u00edvel mundial. O atual governo coloca em risco toda a confiabilidade do pa\u00eds e o equil\u00edbrio ambiental atrav\u00e9s de suas pol\u00edticas ecocidas;<\/em><\/p>\n<p><em><strong>7 \u2013 Sinais claros de corrup\u00e7\u00e3o:<\/strong> eleito com discurso anticorrup\u00e7\u00e3o, o atual Presidente vive soterrado e soterrando os esc\u00e2ndalos de corrup\u00e7\u00e3o que o envolvem e envolvem sua fam\u00edlia. Esc\u00e2ndalos de corrup\u00e7\u00e3o na compra de vacinas, esc\u00e2ndalos no MEC, interfer\u00eancia na Pol\u00edcia Federal, desmonte das pol\u00edticas de transpar\u00eancia fundamentais no combate \u00e0 corrup\u00e7\u00e3o, compra do parlamento atrav\u00e9s do \u201cor\u00e7amento secreto\u201d, movimenta\u00e7\u00f5es financeiras milion\u00e1rias n\u00e3o esclarecidas (compra de 51 im\u00f3veis com dinheiro vivo), sigilo de 100 anos sobre a\u00e7\u00f5es pessoais sendo que somos uma Rep\u00fablica;<\/em><\/p>\n<p><em><strong>8 \u2013 Ataques ao Supremo Tribunal Federal (STF):<\/strong> o Presidente da Rep\u00fablica tem sistematicamente atacado o STF, que diz intervir indevidamente no governo. Frases amea\u00e7adoras contra ministros do STF s\u00e3o p\u00fablicas e est\u00e3o nas redes socias. A amea\u00e7a a um poder da Rep\u00fablica \u00e9 um ataque \u00e0 Constitui\u00e7\u00e3o Federal e um perigo ao Estado Democr\u00e1tico de Direito. Al\u00e9m disso sustenta um discurso antidemocr\u00e1tico militarista;<\/em><\/p>\n<p><em><strong>9 \u2013 Questionamento sobre o processo eleitoral:<\/strong> mesmo tendo sido eleito pelo atual sistema de urnas eletr\u00f4nicas, o Presidente da Rep\u00fablica questiona sistematicamente o sistema eleitoral brasileiro, afirmando que houve e que podem acontecer fraudes. Chegou mesmo a afirmar que existiam provas dessas fraudes, provas essas, que nunca pode demonstrar. O TSE j\u00e1 demonstrou que tudo n\u00e3o passa de ret\u00f3rica de mentira. Por\u00e9m, com esse discurso cria desconfian\u00e7a e instabilidade no sistema eleitoral do Brasil;<\/em><\/p>\n<p><em><strong>10 \u2013 Claros sinais de autoritarismo e fascismo:<\/strong> por fim, o lema do presidente Bolsonaro sempre foi: \u201cDeus acima de tudo, Brasil acima de todos\u201d, que se assemelha a propaganda nazista \u201cAlemanha acima de tudo\u201d, lema que deturpa patriotismo em perigoso nacionalismo. Em um Estado laico a \u00fanica realidade que est\u00e1 acima de tudo \u00e9 a Constitui\u00e7\u00e3o, que existe para garantir a liberdade e o bem estar de todos os cidad\u00e3os, n\u00e3o importando suas etnias, religi\u00f5es ou classes sociais. O Estado laico n\u00e3o \u00e9 Estado ateu. Estado laico \u00e9 a \u00fanica garantia de que todos os cidad\u00e3os poder\u00e3o viver e celebrar suas diversas cren\u00e7as de forma livre;<\/em><br \/>\n<em> Feitas essas considera\u00e7\u00f5es, como padres preocupados com o bem da nossa popula\u00e7\u00e3o, recordamos que Jesus veio para que tenhamos vida e vida em abund\u00e2ncia (Jo 10,10). Um disc\u00edpulo de Jesus consciente n\u00e3o pode reeleger um homem que com palavras e obras demonstra ser o oposto de tudo aquilo que Jesus \u00e9 e anuncia. Deus nos ilumine para sermos fi\u00e9is ao Senhor da vida!<\/em><\/p>\n<p><strong><em>Comprometem-se com essa carta mais de 450 padres cat\u00f3licos de diversas Dioceses, Ordens, Congrega\u00e7\u00f5es e Institutos de Vida Consagrada de todo o Brasil e fora dele, denominados Padres da Caminhada e Padres contra o fascismo, e que refletem e se unem desde 2018 em vista da democracia amea\u00e7ada no Brasil.<\/em><\/strong><\/p>\n","protected":false},"excerpt":{"rendered":"<p>Em carta aberta, mais de 450 padres cat\u00f3licos se manifestam contra a reelei\u00e7\u00e3o do atual presidente da Rep\u00fablica. O grupo,\u00a0denominado Padres da Caminhada e Padres contra o fascismo, foi formado em 2018, quando come\u00e7aram a ver a democracia ser amea\u00e7ada no pa\u00eds. No documento, os religiosos elencam dez itens para registrar o porqu\u00ea de se [&hellip;]<\/p>\n","protected":false},"author":1,"featured_media":42257,"comment_status":"open","ping_status":"open","sticky":false,"template":"","format":"standard","meta":{"om_disable_all_campaigns":false,"_monsterinsights_skip_tracking":false,"_monsterinsights_sitenote_active":false,"_monsterinsights_sitenote_note":"","_monsterinsights_sitenote_category":0,"footnotes":""},"categories":[9],"tags":[318,24,1229,154],"acf":[],"publishpress_future_action":{"enabled":false,"date":"1969-12-31 21:00:00","action":"","terms":[],"taxonomy":"","browser_timezone_offset":0},"_links":{"self":[{"href":"https:\/\/portalfloresnoar.com\/floresnoar\/wp-json\/wp\/v2\/posts\/42256"}],"collection":[{"href":"https:\/\/portalfloresnoar.com\/floresnoar\/wp-json\/wp\/v2\/posts"}],"about":[{"href":"https:\/\/portalfloresnoar.com\/floresnoar\/wp-json\/wp\/v2\/types\/post"}],"author":[{"embeddable":true,"href":"https:\/\/portalfloresnoar.com\/floresnoar\/wp-json\/wp\/v2\/users\/1"}],"replies":[{"embeddable":true,"href":"https:\/\/portalfloresnoar.com\/floresnoar\/wp-json\/wp\/v2\/comments?post=42256"}],"version-history":[{"count":0,"href":"https:\/\/portalfloresnoar.com\/floresnoar\/wp-json\/wp\/v2\/posts\/42256\/revisions"}],"wp:featuredmedia":[{"embeddable":true,"href":"https:\/\/portalfloresnoar.com\/floresnoar\/wp-json\/wp\/v2\/media\/42257"}],"wp:attachment":[{"href":"https:\/\/portalfloresnoar.com\/floresnoar\/wp-json\/wp\/v2\/media?parent=42256"}],"wp:term":[{"taxonomy":"category","embeddable":true,"href":"https:\/\/portalfloresnoar.com\/floresnoar\/wp-json\/wp\/v2\/categories?post=42256"},{"taxonomy":"post_tag","embeddable":true,"href":"https:\/\/portalfloresnoar.com\/floresnoar\/wp-json\/wp\/v2\/tags?post=42256"}],"curies":[{"name":"wp","href":"https:\/\/api.w.org\/{rel}","templated":true}]}}