

{"id":42242,"date":"2022-03-02T14:34:46","date_gmt":"2022-03-02T17:34:46","guid":{"rendered":"http:\/\/portalfloresnoar.com\/floresnoar\/?p=42242"},"modified":"2022-09-23T08:07:25","modified_gmt":"2022-09-23T11:07:25","slug":"agenda-circulo-on-line-de-estudo-e-arteterapia-com-o-livro-mulheres-que-correm-com-os-lobos-dia-0709","status":"publish","type":"post","link":"https:\/\/portalfloresnoar.com\/floresnoar\/agenda-circulo-on-line-de-estudo-e-arteterapia-com-o-livro-mulheres-que-correm-com-os-lobos-dia-0709\/","title":{"rendered":"[AGENDA] C\u00edrculo On-line de Estudo e Arteterapia com o livro \u2018Mulheres que correm com os lobos\u2019, dia 21\/09"},"content":{"rendered":"<p>&nbsp;<\/p>\n<p><img decoding=\"async\" loading=\"lazy\" class=\"aligncenter wp-image-42253 \" src=\"http:\/\/portalfloresnoar.com\/floresnoar\/wp-content\/uploads\/2022\/09\/mulheres-que-correm-com-os-lobos-online-2-1.jpg\" alt=\"\" width=\"615\" height=\"615\" srcset=\"https:\/\/portalfloresnoar.com\/floresnoar\/wp-content\/uploads\/2022\/09\/mulheres-que-correm-com-os-lobos-online-2-1.jpg 670w, https:\/\/portalfloresnoar.com\/floresnoar\/wp-content\/uploads\/2022\/09\/mulheres-que-correm-com-os-lobos-online-2-1-150x150.jpg 150w, https:\/\/portalfloresnoar.com\/floresnoar\/wp-content\/uploads\/2022\/09\/mulheres-que-correm-com-os-lobos-online-2-1-300x300.jpg 300w, https:\/\/portalfloresnoar.com\/floresnoar\/wp-content\/uploads\/2022\/09\/mulheres-que-correm-com-os-lobos-online-2-1-100x100.jpg 100w\" sizes=\"(max-width: 615px) 100vw, 615px\" \/><\/p>\n<p>As arteterapeutas Morgana Maria e Paula Acinete est\u00e3o conduzindo um \u2018C\u00edrculo de Estudo e Arteterapia com o livro Mulheres que correm com os lobos\u2019, da poeta e analista Junguiana Clarissa Pinkola Est\u00e9s. O pr\u00f3ximo encontro do c\u00edrculo ser\u00e1 no dia 21\/09 e se debru\u00e7ar\u00e1 sobre o cap\u00edtulo 5 do livro, que aborda o tema &#8216;A ca\u00e7ada: quando o cora\u00e7\u00e3o \u00e9 um ca\u00e7ador solit\u00e1rio&#8217;, a partir do conto &#8216;A mulher esqueleto&#8217;.<\/p>\n<p>Os encontros do grupo s\u00e3o on-line e acontecem quinzenalmente, nas quartas-feiras, das 20h \u00e0s 21h30. Pede-se uma contribui\u00e7\u00e3o consciente, por encontro.<\/p>\n<p>A proposta do C\u00edrculo de Estudos e Arteterapia \u00e9 que, al\u00e9m da leitura coletiva do livro, os conte\u00fados que forem surgindo para cada participante em seu processo, sejam acolhidos e expressos, atrav\u00e9s de recursos arteterap\u00eauticos. Funciona assim: a cada encontro, \u00e9 realizada a partilha em grupo do texto, e, em seguida, a facilita\u00e7\u00e3o da viv\u00eancia arteterap\u00eautica inspirada nos conte\u00fados do cap\u00edtulo lido.<\/p>\n<p>\u201cO livro \u2018Mulheres que correm com os lobos\u2019 prop\u00f5e um caminho entre mitos, lendas e hist\u00f3rias que trazem a for\u00e7a do arqu\u00e9tipo da mulher selvagem, que, segundo a autora, \u00e9 um poderoso caminho de reencontro e reconex\u00e3o com nossa ess\u00eancia feminina natural, podendo nos libertar de padr\u00f5es estabelecidos pela sociedade e seus diversos sistemas que geralmente oprimem a for\u00e7a da energia feminina criadora, geradora e instintiva, t\u00e3o preciosa e necess\u00e1ria para n\u00f3s\u201d, ressaltam as arteterapeutas.<\/p>\n<p>\u201cO objetivo da viv\u00eancia \u00e9 ampliar a experi\u00eancia da leitura por meio das produ\u00e7\u00f5es realizadas com os materiais expressivos* para irmos al\u00e9m da fala, e apurar a escuta, ouvindo o que nossas imagens interiores t\u00eam para nos revelar nesse percurso de volta \u00e0 Mulher Selvagem. No final do encontro, fazemos uma partilha da experi\u00eancia e das imagens produzidas. O c\u00edrculo \u00e9 um convite ao mergulho profundo para que possamos p\u00f4r em pr\u00e1tica com mais naturalidade as potencialidades da alma\u201d, explicam as facilitadoras.<\/p>\n<p>* Os materiais expressivos que ser\u00e3o utilizados na viv\u00eancia arteterap\u00eautica s\u00e3o indicados uma semana antes do encontro no grupo oficial do WhatsApp.<\/p>\n<p>FACILITADORAS<br \/>\n<strong>Morgana Maria<\/strong>\u00a0\u2013 Arte-Educadora, Arteterapeuta, Terapeuta Integrativa, aprendiz Herbalista e criadora da Flor da Mata Alquimias.<\/p>\n<p><strong>Paula Acinete<\/strong>\u00a0\u2013 Arteterapeuta, Terapeuta Hol\u00edstica, Facilitadora de C\u00edrculos femininos e Cuidadora de Almas femininas no Ateli\u00ea da Mente.<\/p>\n<p>SERVI\u00c7O<br \/>\n<strong>C\u00edrculo de Estudo e Arteterapia com o livro \u2018Mulheres que correm com os lobos\u2019- Cap\u00edtulo 5<\/strong><br \/>\n<strong>Pr\u00f3ximo encontro:<\/strong>\u00a021\/09\/2022 (quarta-feira)<br \/>\n<strong>Hora:<\/strong>\u00a0Das 20h \u00e0s 21h30<br \/>\n<strong>Local:<\/strong>\u00a0On-line, via Zoom<br \/>\n<strong>Valor:<\/strong>\u00a0Contribui\u00e7\u00e3o consciente<\/p>\n<p><strong>Link para inscri\u00e7\u00e3o:<\/strong>\u00a0<a href=\"https:\/\/forms.gle\/5MLKic2npL7Qe6P96\" target=\"_blank\" rel=\"noopener\">https:\/\/forms.gle\/5MLKic2npL7Qe6P96<\/a><\/p>\n<p><strong>INSCRI\u00c7\u00d5ES E MAIS INFORMA\u00c7\u00d5ES:<\/strong><br \/>\n(81) 998253988 (WhatsApp)<\/p>\n<div class=\"fb-like-wrp\"><\/div>\n","protected":false},"excerpt":{"rendered":"<p>&nbsp; As arteterapeutas Morgana Maria e Paula Acinete est\u00e3o conduzindo um \u2018C\u00edrculo de Estudo e Arteterapia com o livro Mulheres que correm com os lobos\u2019, da poeta e analista Junguiana Clarissa Pinkola Est\u00e9s. O pr\u00f3ximo encontro do c\u00edrculo ser\u00e1 no dia 21\/09 e se debru\u00e7ar\u00e1 sobre o cap\u00edtulo 5 do livro, que aborda o tema [&hellip;]<\/p>\n","protected":false},"author":1,"featured_media":42245,"comment_status":"open","ping_status":"open","sticky":false,"template":"","format":"standard","meta":{"om_disable_all_campaigns":false,"_monsterinsights_skip_tracking":false,"_monsterinsights_sitenote_active":false,"_monsterinsights_sitenote_note":"","_monsterinsights_sitenote_category":0,"footnotes":""},"categories":[8,214],"tags":[34,358,79,1211,477,304,971],"acf":[],"publishpress_future_action":{"enabled":false,"date":"1969-12-31 21:00:00","action":"","terms":[],"taxonomy":"","browser_timezone_offset":0},"_links":{"self":[{"href":"https:\/\/portalfloresnoar.com\/floresnoar\/wp-json\/wp\/v2\/posts\/42242"}],"collection":[{"href":"https:\/\/portalfloresnoar.com\/floresnoar\/wp-json\/wp\/v2\/posts"}],"about":[{"href":"https:\/\/portalfloresnoar.com\/floresnoar\/wp-json\/wp\/v2\/types\/post"}],"author":[{"embeddable":true,"href":"https:\/\/portalfloresnoar.com\/floresnoar\/wp-json\/wp\/v2\/users\/1"}],"replies":[{"embeddable":true,"href":"https:\/\/portalfloresnoar.com\/floresnoar\/wp-json\/wp\/v2\/comments?post=42242"}],"version-history":[{"count":0,"href":"https:\/\/portalfloresnoar.com\/floresnoar\/wp-json\/wp\/v2\/posts\/42242\/revisions"}],"wp:featuredmedia":[{"embeddable":true,"href":"https:\/\/portalfloresnoar.com\/floresnoar\/wp-json\/wp\/v2\/media\/42245"}],"wp:attachment":[{"href":"https:\/\/portalfloresnoar.com\/floresnoar\/wp-json\/wp\/v2\/media?parent=42242"}],"wp:term":[{"taxonomy":"category","embeddable":true,"href":"https:\/\/portalfloresnoar.com\/floresnoar\/wp-json\/wp\/v2\/categories?post=42242"},{"taxonomy":"post_tag","embeddable":true,"href":"https:\/\/portalfloresnoar.com\/floresnoar\/wp-json\/wp\/v2\/tags?post=42242"}],"curies":[{"name":"wp","href":"https:\/\/api.w.org\/{rel}","templated":true}]}}