

{"id":42238,"date":"2022-03-01T16:44:15","date_gmt":"2022-03-01T19:44:15","guid":{"rendered":"http:\/\/portalfloresnoar.com\/floresnoar\/?p=42238"},"modified":"2022-09-08T12:08:50","modified_gmt":"2022-09-08T15:08:50","slug":"agenda-grito-dos-excluidos-e-excluidas-volta-as-ruas-brasileiras-no-dia-7-de-setembro","status":"publish","type":"post","link":"https:\/\/portalfloresnoar.com\/floresnoar\/agenda-grito-dos-excluidos-e-excluidas-volta-as-ruas-brasileiras-no-dia-7-de-setembro\/","title":{"rendered":"[AGENDA] Grito dos Exclu\u00eddos e Exclu\u00eddas volta \u00e0s ruas brasileiras no dia 7 de setembro"},"content":{"rendered":"<p>&nbsp;<\/p>\n<p><img decoding=\"async\" loading=\"lazy\" class=\"aligncenter wp-image-42239 \" src=\"http:\/\/portalfloresnoar.com\/floresnoar\/wp-content\/uploads\/2022\/09\/grito-dos-excluidos-2022-700x700.png\" alt=\"\" width=\"590\" height=\"590\" srcset=\"https:\/\/portalfloresnoar.com\/floresnoar\/wp-content\/uploads\/2022\/09\/grito-dos-excluidos-2022-700x700.png 700w, https:\/\/portalfloresnoar.com\/floresnoar\/wp-content\/uploads\/2022\/09\/grito-dos-excluidos-2022-150x150.png 150w, https:\/\/portalfloresnoar.com\/floresnoar\/wp-content\/uploads\/2022\/09\/grito-dos-excluidos-2022-300x300.png 300w, https:\/\/portalfloresnoar.com\/floresnoar\/wp-content\/uploads\/2022\/09\/grito-dos-excluidos-2022-768x768.png 768w, https:\/\/portalfloresnoar.com\/floresnoar\/wp-content\/uploads\/2022\/09\/grito-dos-excluidos-2022-100x100.png 100w, https:\/\/portalfloresnoar.com\/floresnoar\/wp-content\/uploads\/2022\/09\/grito-dos-excluidos-2022.png 1080w\" sizes=\"(max-width: 590px) 100vw, 590px\" \/><\/p>\n<p>Neste bicenten\u00e1rio da &#8220;independ\u00eancia&#8221; do Brasil, o Grito dos Exclu\u00eddos e das Exclu\u00eddas volta \u00e0s ruas de todo o pa\u00eds, no pr\u00f3ximo dia 7 de setembro, para denunciar as desigualdades e injusti\u00e7as sociais.<\/p>\n<p>No Recife, o ato se inicia \u00e0s 8h da manh\u00e3, no Parque 13 de Maio. E, pela primeira vez, n\u00e3o contaremos com a presen\u00e7a f\u00edsica do Padre Reginaldo Veloso, que se encantou em maio passado. Que honremos o seu legado!<\/p>\n<p>Nesta edi\u00e7\u00e3o, a tradicional manifesta\u00e7\u00e3o, que re\u00fane movimentos populares de todo o pa\u00eds, traz o lema: &#8216;Vida em primeiro lugar, 200 anos de independ\u00eancia: Para quem?&#8217; O mote, escolhido pela Confedera\u00e7\u00e3o Nacional dos Bispos no Brasil (CNBB), faz refer\u00eancia \u00e0 situa\u00e7\u00e3o dos povos negros, LGBTQIA+, mulheres, das comunidades quilombolas e ind\u00edgenas, e das popula\u00e7\u00f5es rurais, perif\u00e9ricas e em situa\u00e7\u00e3o de rua. Setores da popula\u00e7\u00e3o que, ao longo de toda a hist\u00f3ria, foram deixados de lado pela pol\u00edticas p\u00fablicas.<\/p>\n<p>Segundo Frei Betto, os que querem governar a sociedade n\u00e3o suportam os que querem governar com a sociedade, abra\u00e7ados aos fundamentos da democracia. &#8220;Ferida em sua autoestima e com mais de 30 milh\u00f5es de famintos e quase 70 milh\u00f5es endividados, a p\u00e1tria navega a reboque do receitu\u00e1rio neoliberal, que dilata a viol\u00eancia, exalta as mil\u00edcias, o poder paralelo do narcotr\u00e1fico, a concentra\u00e7\u00e3o de renda.<\/p>\n<p>Para Frei Betto, neste bicenten\u00e1rio da &#8216;independ\u00eancia&#8217;, &#8220;o grito dos exclu\u00eddos ecoa na contram\u00e3o dos caminhos que restauram o passado, tra\u00e7ados por aqueles que ainda incensam a ditadura e refor\u00e7am o apartheid social. Ecoa indignado frente \u00e0 avalanche de corrup\u00e7\u00e3o que amea\u00e7a nossa fr\u00e1gil democracia. Ecoa do peito daqueles que exigem o direito dos pobres acima da gan\u00e2ncia dos credores. Ecoa do clamor por \u00e9tica na pol\u00edtica, transpar\u00eancia nos poderes da Rep\u00fablica e severa puni\u00e7\u00e3o aos que tra\u00edram os anseios do povo, inoculando-nos o medo de ter esperan\u00e7as.&#8221;<\/p>\n<p>MAIS INFORMA\u00c7\u00d5ES:<br \/>\n<a href=\"https:\/\/www.gritodosexcluidos.com\/\" target=\"_blank\" rel=\"noopener\">www.gritodosexcluidos.com<\/a><br \/>\n<a href=\"https:\/\/www.instagram.com\/grito.dos.excluidos\/\" target=\"_blank\" rel=\"noopener\">@grito.dos.excluidos<\/a><br \/>\n<a href=\"https:\/\/www.instagram.com\/gritorecife\/\" target=\"_blank\" rel=\"noopener\">@gritorecife<\/a><\/p>\n","protected":false},"excerpt":{"rendered":"<p>&nbsp; Neste bicenten\u00e1rio da &#8220;independ\u00eancia&#8221; do Brasil, o Grito dos Exclu\u00eddos e das Exclu\u00eddas volta \u00e0s ruas de todo o pa\u00eds, no pr\u00f3ximo dia 7 de setembro, para denunciar as desigualdades e injusti\u00e7as sociais. No Recife, o ato se inicia \u00e0s 8h da manh\u00e3, no Parque 13 de Maio. E, pela primeira vez, n\u00e3o contaremos [&hellip;]<\/p>\n","protected":false},"author":1,"featured_media":42240,"comment_status":"open","ping_status":"open","sticky":false,"template":"","format":"standard","meta":{"om_disable_all_campaigns":false,"_monsterinsights_skip_tracking":false,"_monsterinsights_sitenote_active":false,"_monsterinsights_sitenote_note":"","_monsterinsights_sitenote_category":0,"footnotes":""},"categories":[8,214],"tags":[318,24,154],"acf":[],"publishpress_future_action":{"enabled":false,"date":"1969-12-31 21:00:00","action":"","terms":[],"taxonomy":"","browser_timezone_offset":0},"_links":{"self":[{"href":"https:\/\/portalfloresnoar.com\/floresnoar\/wp-json\/wp\/v2\/posts\/42238"}],"collection":[{"href":"https:\/\/portalfloresnoar.com\/floresnoar\/wp-json\/wp\/v2\/posts"}],"about":[{"href":"https:\/\/portalfloresnoar.com\/floresnoar\/wp-json\/wp\/v2\/types\/post"}],"author":[{"embeddable":true,"href":"https:\/\/portalfloresnoar.com\/floresnoar\/wp-json\/wp\/v2\/users\/1"}],"replies":[{"embeddable":true,"href":"https:\/\/portalfloresnoar.com\/floresnoar\/wp-json\/wp\/v2\/comments?post=42238"}],"version-history":[{"count":0,"href":"https:\/\/portalfloresnoar.com\/floresnoar\/wp-json\/wp\/v2\/posts\/42238\/revisions"}],"wp:featuredmedia":[{"embeddable":true,"href":"https:\/\/portalfloresnoar.com\/floresnoar\/wp-json\/wp\/v2\/media\/42240"}],"wp:attachment":[{"href":"https:\/\/portalfloresnoar.com\/floresnoar\/wp-json\/wp\/v2\/media?parent=42238"}],"wp:term":[{"taxonomy":"category","embeddable":true,"href":"https:\/\/portalfloresnoar.com\/floresnoar\/wp-json\/wp\/v2\/categories?post=42238"},{"taxonomy":"post_tag","embeddable":true,"href":"https:\/\/portalfloresnoar.com\/floresnoar\/wp-json\/wp\/v2\/tags?post=42238"}],"curies":[{"name":"wp","href":"https:\/\/api.w.org\/{rel}","templated":true}]}}