

{"id":42217,"date":"2022-08-26T11:44:50","date_gmt":"2022-08-26T14:44:50","guid":{"rendered":"http:\/\/portalfloresnoar.com\/floresnoar\/?p=42217"},"modified":"2022-08-26T11:50:19","modified_gmt":"2022-08-26T14:50:19","slug":"noticias-desinformante-lanca-pagina-eleicoes-2022","status":"publish","type":"post","link":"https:\/\/portalfloresnoar.com\/floresnoar\/noticias-desinformante-lanca-pagina-eleicoes-2022\/","title":{"rendered":"[NOT\u00cdCIAS] *desinformante lan\u00e7a P\u00e1gina Elei\u00e7\u00f5es 2022"},"content":{"rendered":"<figure id=\"attachment_42220\" aria-describedby=\"caption-attachment-42220\" style=\"width: 508px\" class=\"wp-caption aligncenter\"><img decoding=\"async\" loading=\"lazy\" class=\"wp-image-42220 size-full\" src=\"http:\/\/portalfloresnoar.com\/floresnoar\/wp-content\/uploads\/2022\/08\/informacoes-sobre-eleicoes-2022.jpg\" alt=\"\" width=\"508\" height=\"284\" srcset=\"https:\/\/portalfloresnoar.com\/floresnoar\/wp-content\/uploads\/2022\/08\/informacoes-sobre-eleicoes-2022.jpg 508w, https:\/\/portalfloresnoar.com\/floresnoar\/wp-content\/uploads\/2022\/08\/informacoes-sobre-eleicoes-2022-300x168.jpg 300w\" sizes=\"(max-width: 508px) 100vw, 508px\" \/><figcaption id=\"caption-attachment-42220\" class=\"wp-caption-text\"><a href=\"https:\/\/www.instagram.com\/thiagoilustrado\/\" target=\"_blank\" rel=\"noopener\">@thiagoilustrado<\/a><\/figcaption><\/figure>\n<p>Est\u00e1 no ar a &#8216;<strong><a href=\"https:\/\/desinformante.com.br\/eleicoes2022\" target=\"_blank\" rel=\"noopener\">P\u00e1gina Elei\u00e7\u00f5es 2022<\/a><\/strong>&#8216;, um espa\u00e7o em que se concentram os esfor\u00e7os da equipe do<strong> <a href=\"https:\/\/desinformante.com.br\/\" target=\"_blank\" rel=\"noopener\">*desinformante\u00a0<\/a><\/strong>, at\u00e9 outubro, para oferecer conte\u00fado de qualidade e informa\u00e7\u00f5es sistematizadas sobre desinforma\u00e7\u00e3o no contexto eleitoral.<\/p>\n<p>\u201cO objetivo dessa p\u00e1gina \u00e9 ser um hub de informa\u00e7\u00f5es relevantes, atualizadas e organizadas sobre desinforma\u00e7\u00e3o e elei\u00e7\u00f5es. Reunimos aqui as principais not\u00edcias e tamb\u00e9m as promessas das plataformas, an\u00e1lises sobre o que elas realmente est\u00e3o fazendo, al\u00e9m de estudos e pesquisas sobre diversos aspectos da desinforma\u00e7\u00e3o em contexto de elei\u00e7\u00f5es. E, claro, reunimos links pra diversas institui\u00e7\u00f5es, iniciativas e projetos que, como n\u00f3s, est\u00e3o de olho no que t\u00e1 rolando, afinal o combate \u00e0 desinforma\u00e7\u00e3o \u00e9 um trabalho coletivo\u201d, afirma Nina Santos, coordenadora acad\u00eamica do *desinformante.<\/p>\n<p>O leitor vai encontrar as \u00faltimas not\u00edcias relacionadas \u00e0 desinforma\u00e7\u00e3o e elei\u00e7\u00f5es e quatro se\u00e7\u00f5es principais: A\u00e7\u00e3o das Plataformas, Olho nos Dados, Fa\u00e7a Sua Parte e Parceria com o TSE.<\/p>\n<p>&#8220;Em A\u00e7\u00e3o das Plataformas reunimos as medidas anunciadas pelas empresas de m\u00eddias sociais para proteger as elei\u00e7\u00f5es de outubro, tanto as firmadas em acordos com o Tribunal Superior Eleitoral (TSE) quanto as anunciadas em iniciativas pr\u00f3prias. Dividimos as medidas nos eixos Informar, Reagir (\u00e0 desinforma\u00e7\u00e3o) e acrescentamos um Vale Saber para que o leitor tenha mais informa\u00e7\u00f5es e possa avaliar a postura e responsabilidade das plataformas neste momento importante para a democracia brasileira.&#8221;<\/p>\n<p>Na se\u00e7\u00e3o Olho nos Dados s\u00e3o selecionadas as \u00faltimas pesquisas e monitoramentos feitos por pesquisadores e especialistas em torno de desinforma\u00e7\u00e3o e elei\u00e7\u00f5es. Al\u00e9m do link para os estudos, s\u00e3o coletados achados principais destes levantamentos. Uma ferramenta que pode ser proveitosa para jornalistas e interessados em acessar o assunto com maior profundidade.<\/p>\n<p>J\u00e1 em Fa\u00e7a Sua Parte, o leitor acompanha o passo a passo da den\u00fancia de fake news em cada uma das plataformas de m\u00eddias digitais, al\u00e9m de outras informa\u00e7\u00f5es \u00fateis sobre como reagir a not\u00edcias falsas, distorcidas ou discursos de \u00f3dio nas redes. Aqui s\u00e3o postadas tamb\u00e9m mat\u00e9rias did\u00e1ticas sobre como navegar com sagacidade neste dif\u00edcil terreno da desinforma\u00e7\u00e3o.<\/p>\n<p>O *desinformante \u00e9 uma das organiza\u00e7\u00f5es parceiras do TSE em seu Programa de Enfrentamento \u00e0 Desinforma\u00e7\u00e3o. Em Parceria com o TSE estar\u00e3o as informa\u00e7\u00f5es mais importantes relacionadas ao pleito destacadas pelo \u00f3rg\u00e3o oficial.<\/p>\n<p>O<a href=\"https:\/\/desinformante.com.br\/\" target=\"_blank\" rel=\"noopener\">\u00a0<strong>*desinformante<\/strong><\/a>\u00a0\u00e9 uma iniciativa da Ponteio Comunica\u00e7\u00e3o, Informa\u00e7\u00e3o e Cultura e do Instituto Cultura e Democracia. O instituto \u00e9 uma associa\u00e7\u00e3o sem fins lucrativos dedicada ao debate, \u00e0 produ\u00e7\u00e3o de conhecimento e \u00e0 forma\u00e7\u00e3o de redes no campo da cultura, pol\u00edtica e sociedade.<\/p>\n<p><strong>Acesse em<\/strong>: <a href=\"https:\/\/desinformante.com.br\/desinformante-lanca-pagina-eleicoes-2022\/\" target=\"_blank\" rel=\"noopener\">www.desinformante.com.br\/eleicoes2022<\/a><\/p>\n","protected":false},"excerpt":{"rendered":"<p>Est\u00e1 no ar a &#8216;P\u00e1gina Elei\u00e7\u00f5es 2022&#8216;, um espa\u00e7o em que se concentram os esfor\u00e7os da equipe do *desinformante\u00a0, at\u00e9 outubro, para oferecer conte\u00fado de qualidade e informa\u00e7\u00f5es sistematizadas sobre desinforma\u00e7\u00e3o no contexto eleitoral. \u201cO objetivo dessa p\u00e1gina \u00e9 ser um hub de informa\u00e7\u00f5es relevantes, atualizadas e organizadas sobre desinforma\u00e7\u00e3o e elei\u00e7\u00f5es. Reunimos aqui as [&hellip;]<\/p>\n","protected":false},"author":1,"featured_media":42219,"comment_status":"open","ping_status":"open","sticky":false,"template":"","format":"standard","meta":{"om_disable_all_campaigns":false,"_monsterinsights_skip_tracking":false,"_monsterinsights_sitenote_active":false,"_monsterinsights_sitenote_note":"","_monsterinsights_sitenote_category":0,"footnotes":""},"categories":[9],"tags":[49,653,154],"acf":[],"publishpress_future_action":{"enabled":false,"date":"1969-12-31 21:00:00","action":"","terms":[],"taxonomy":"","browser_timezone_offset":0},"_links":{"self":[{"href":"https:\/\/portalfloresnoar.com\/floresnoar\/wp-json\/wp\/v2\/posts\/42217"}],"collection":[{"href":"https:\/\/portalfloresnoar.com\/floresnoar\/wp-json\/wp\/v2\/posts"}],"about":[{"href":"https:\/\/portalfloresnoar.com\/floresnoar\/wp-json\/wp\/v2\/types\/post"}],"author":[{"embeddable":true,"href":"https:\/\/portalfloresnoar.com\/floresnoar\/wp-json\/wp\/v2\/users\/1"}],"replies":[{"embeddable":true,"href":"https:\/\/portalfloresnoar.com\/floresnoar\/wp-json\/wp\/v2\/comments?post=42217"}],"version-history":[{"count":0,"href":"https:\/\/portalfloresnoar.com\/floresnoar\/wp-json\/wp\/v2\/posts\/42217\/revisions"}],"wp:featuredmedia":[{"embeddable":true,"href":"https:\/\/portalfloresnoar.com\/floresnoar\/wp-json\/wp\/v2\/media\/42219"}],"wp:attachment":[{"href":"https:\/\/portalfloresnoar.com\/floresnoar\/wp-json\/wp\/v2\/media?parent=42217"}],"wp:term":[{"taxonomy":"category","embeddable":true,"href":"https:\/\/portalfloresnoar.com\/floresnoar\/wp-json\/wp\/v2\/categories?post=42217"},{"taxonomy":"post_tag","embeddable":true,"href":"https:\/\/portalfloresnoar.com\/floresnoar\/wp-json\/wp\/v2\/tags?post=42217"}],"curies":[{"name":"wp","href":"https:\/\/api.w.org\/{rel}","templated":true}]}}