

{"id":42169,"date":"2022-10-04T05:46:47","date_gmt":"2022-10-04T08:46:47","guid":{"rendered":"http:\/\/portalfloresnoar.com\/floresnoar\/?p=42169"},"modified":"2022-10-04T21:52:17","modified_gmt":"2022-10-05T00:52:17","slug":"chamamento-as-pessoas-que-estao-perdidas-na-escolha-do-presidente-do-brasil-nas-proximas-eleicoes","status":"publish","type":"post","link":"https:\/\/portalfloresnoar.com\/floresnoar\/chamamento-as-pessoas-que-estao-perdidas-na-escolha-do-presidente-do-brasil-nas-proximas-eleicoes\/","title":{"rendered":"Chamamento \u00e0s pessoas que est\u00e3o perdidas na escolha do presidente do Brasil nas pr\u00f3ximas elei\u00e7\u00f5es"},"content":{"rendered":"<p><img decoding=\"async\" loading=\"lazy\" class=\"aligncenter wp-image-42170 \" src=\"http:\/\/portalfloresnoar.com\/floresnoar\/wp-content\/uploads\/2022\/08\/elei\u00e7oes-presidente-brasil-2022-700x451.jpeg\" alt=\"\" width=\"629\" height=\"405\" srcset=\"https:\/\/portalfloresnoar.com\/floresnoar\/wp-content\/uploads\/2022\/08\/elei\u00e7oes-presidente-brasil-2022-700x451.jpeg 700w, https:\/\/portalfloresnoar.com\/floresnoar\/wp-content\/uploads\/2022\/08\/elei\u00e7oes-presidente-brasil-2022-300x193.jpeg 300w, https:\/\/portalfloresnoar.com\/floresnoar\/wp-content\/uploads\/2022\/08\/elei\u00e7oes-presidente-brasil-2022-768x494.jpeg 768w, https:\/\/portalfloresnoar.com\/floresnoar\/wp-content\/uploads\/2022\/08\/elei\u00e7oes-presidente-brasil-2022.jpeg 1280w\" sizes=\"(max-width: 629px) 100vw, 629px\" \/><\/p>\n<p>| <em>Por Lu Rabelo*<\/em> |<\/p>\n<p>Pe\u00e7o licen\u00e7a a voc\u00eas para enviar-lhes este chamamento.<\/p>\n<p>Salvem o Brasil!<br \/>\nSalvem as Florestas!<br \/>\nSalvem o Sistema \u00danico de Sa\u00fade (SUS)!<br \/>\nSaibam votar!<br \/>\nN\u00e3o deixem que a gan\u00e2ncia por dinheiro, a viol\u00eancia, o desrespeito, o desamor continuem a desgovernar o nosso Pa\u00eds.<\/p>\n<p>Reflitam:<br \/>\nComo pode um homem que se diz crist\u00e3o defender a tortura?<br \/>\nComo um homem que incita o \u00f3dio pode ser bom?<br \/>\nComo um homem que desrespeita as pessoas, a Natureza, pode governar uma na\u00e7\u00e3o?<\/p>\n<p>Ele mata florestas, gente e animais.<br \/>\nEle investe no envenenamento dos alimentos.<br \/>\nEle tolhe a liberdade de express\u00e3o.<br \/>\nEle ataca a Ci\u00eancia, a Arte, a Educa\u00e7\u00e3o.<br \/>\nEle n\u00e3o quer igualdade, nem justi\u00e7a social.<br \/>\nEle n\u00e3o quer paz.<\/p>\n<p>Todo mundo t\u00e1 vendo o crescimento do desemprego, o exorbitante aumento no pre\u00e7o dos alimentos, pessoas voltando a morar nas ruas, o retorno da fome. Percebam onde chegamos.<\/p>\n<p>Saibam que este homem que est\u00e1 hoje ocupando o cargo de presidente da Rep\u00fablica foi eleito por conta das <em>fake news<\/em> que voc\u00eas recebem o tempo todo em seus celulares. Ele foi eleito pela irresponsabilidade dos meios de comunica\u00e7\u00e3o de massa. Ele ganhou for\u00e7a pela irresponsabilidade de muitos deputados e senadores brasileiros, que compactuaram com o golpe que sofremos no Pa\u00eds. Ele foi eleito pela gan\u00e2ncia. Ele foi eleito pela injusti\u00e7a.<\/p>\n<p>A manipula\u00e7\u00e3o \u00e9 tanta que confunde.<br \/>\nSe desconfundam!<br \/>\nParem de ver e compartilhar <em>fake news<\/em>.<br \/>\nSejam respons\u00e1veis.<br \/>\nN\u00e3o podemos jamais reeleger esse homem.<\/p>\n<p>Se voc\u00ea faz parte de alguma institui\u00e7\u00e3o que defende a candidatura desse homem, saiba que h\u00e1 muito dinheiro envolvido para desinformar a popula\u00e7\u00e3o e continuar mantendo o povo sob controle, sem autonomia.<\/p>\n<p>Votem conscientes. Ao escolher um candidato, pensem, verdadeiramente, em suas filhas e filhos, netas e netos&#8230;Lembrem das lutas de seus antepassados. Sintam coer\u00eancia e dignidade no poderoso ato de votar. Defendam a democracia. Honrem os seus votos.<\/p>\n<p>22 de agosto 2022<\/p>\n<p><em>* Lu Rabelo\u00a0\u00e9\u00a0<a href=\"https:\/\/www.facebook.com\/cantadeiralu\" target=\"_blank\" rel=\"noopener\">cantadeira<\/a>,\u00a0<a href=\"https:\/\/www.instagram.com\/jardimarteterapeutico\/\" target=\"_blank\" rel=\"noopener\">arteterapeuta<\/a>, jornalista e editora do Portal Flores no Ar.<\/em><br \/>\n<a href=\"https:\/\/www.instagram.com\/canto.de.lu\/\" target=\"_blank\" rel=\"noopener\">@canto.de.lu<\/a><\/p>\n","protected":false},"excerpt":{"rendered":"<p>| Por Lu Rabelo* | Pe\u00e7o licen\u00e7a a voc\u00eas para enviar-lhes este chamamento. Salvem o Brasil! Salvem as Florestas! Salvem o Sistema \u00danico de Sa\u00fade (SUS)! Saibam votar! N\u00e3o deixem que a gan\u00e2ncia por dinheiro, a viol\u00eancia, o desrespeito, o desamor continuem a desgovernar o nosso Pa\u00eds. Reflitam: Como pode um homem que se diz [&hellip;]<\/p>\n","protected":false},"author":1,"featured_media":42170,"comment_status":"open","ping_status":"open","sticky":false,"template":"","format":"standard","meta":{"om_disable_all_campaigns":false,"_monsterinsights_skip_tracking":false,"_monsterinsights_sitenote_active":false,"_monsterinsights_sitenote_note":"","_monsterinsights_sitenote_category":0,"footnotes":""},"categories":[227,220],"tags":[361,318,24,154],"acf":[],"publishpress_future_action":{"enabled":false,"date":"1969-12-31 21:00:00","action":"","terms":[],"taxonomy":"","browser_timezone_offset":0},"_links":{"self":[{"href":"https:\/\/portalfloresnoar.com\/floresnoar\/wp-json\/wp\/v2\/posts\/42169"}],"collection":[{"href":"https:\/\/portalfloresnoar.com\/floresnoar\/wp-json\/wp\/v2\/posts"}],"about":[{"href":"https:\/\/portalfloresnoar.com\/floresnoar\/wp-json\/wp\/v2\/types\/post"}],"author":[{"embeddable":true,"href":"https:\/\/portalfloresnoar.com\/floresnoar\/wp-json\/wp\/v2\/users\/1"}],"replies":[{"embeddable":true,"href":"https:\/\/portalfloresnoar.com\/floresnoar\/wp-json\/wp\/v2\/comments?post=42169"}],"version-history":[{"count":0,"href":"https:\/\/portalfloresnoar.com\/floresnoar\/wp-json\/wp\/v2\/posts\/42169\/revisions"}],"wp:featuredmedia":[{"embeddable":true,"href":"https:\/\/portalfloresnoar.com\/floresnoar\/wp-json\/wp\/v2\/media\/42170"}],"wp:attachment":[{"href":"https:\/\/portalfloresnoar.com\/floresnoar\/wp-json\/wp\/v2\/media?parent=42169"}],"wp:term":[{"taxonomy":"category","embeddable":true,"href":"https:\/\/portalfloresnoar.com\/floresnoar\/wp-json\/wp\/v2\/categories?post=42169"},{"taxonomy":"post_tag","embeddable":true,"href":"https:\/\/portalfloresnoar.com\/floresnoar\/wp-json\/wp\/v2\/tags?post=42169"}],"curies":[{"name":"wp","href":"https:\/\/api.w.org\/{rel}","templated":true}]}}