

{"id":42162,"date":"2022-08-22T10:15:46","date_gmt":"2022-08-22T13:15:46","guid":{"rendered":"http:\/\/portalfloresnoar.com\/floresnoar\/?p=42162"},"modified":"2022-08-22T10:25:01","modified_gmt":"2022-08-22T13:25:01","slug":"canto-de-lu-encontro-com-as-mestras-marcia-baja-e-dea-trancoso","status":"publish","type":"post","link":"https:\/\/portalfloresnoar.com\/floresnoar\/canto-de-lu-encontro-com-as-mestras-marcia-baja-e-dea-trancoso\/","title":{"rendered":"[CANTO DE LU] Encontro com as mestras Marcia Baja e D\u00e9a Trancoso"},"content":{"rendered":"<p><img decoding=\"async\" loading=\"lazy\" class=\"aligncenter wp-image-42163 \" src=\"http:\/\/portalfloresnoar.com\/floresnoar\/wp-content\/uploads\/2022\/08\/intangivel-imanente-por-lu-rabelo-700x525.jpeg\" alt=\"\" width=\"631\" height=\"473\" srcset=\"https:\/\/portalfloresnoar.com\/floresnoar\/wp-content\/uploads\/2022\/08\/intangivel-imanente-por-lu-rabelo-700x525.jpeg 700w, https:\/\/portalfloresnoar.com\/floresnoar\/wp-content\/uploads\/2022\/08\/intangivel-imanente-por-lu-rabelo-300x225.jpeg 300w, https:\/\/portalfloresnoar.com\/floresnoar\/wp-content\/uploads\/2022\/08\/intangivel-imanente-por-lu-rabelo-768x576.jpeg 768w, https:\/\/portalfloresnoar.com\/floresnoar\/wp-content\/uploads\/2022\/08\/intangivel-imanente-por-lu-rabelo-160x120.jpeg 160w, https:\/\/portalfloresnoar.com\/floresnoar\/wp-content\/uploads\/2022\/08\/intangivel-imanente-por-lu-rabelo.jpeg 1080w\" sizes=\"(max-width: 631px) 100vw, 631px\" \/><\/p>\n<p>|<em> Por Lu Rabelo*<\/em> |<\/p>\n<p>Esses dias tive a gra\u00e7a de encontrar presencialmente duas mestras. Desses milagres que acontecem na vida, quando a gente come\u00e7a a entregar e confiar. De quando se sente o intang\u00edvel imanente.<\/p>\n<p>E mestra \u00e9 mestra. A Sabedoria manifesta! B\u00e1lsamos nas desilus\u00f5es! Lapada nos apegos! As mestras e mestres nos animam. Nos abrem os caminhos. Se n\u00e3o estivermos distra\u00eddas, reconhecemos chaves. E agradecemos, transformadas.<\/p>\n<figure id=\"attachment_42165\" aria-describedby=\"caption-attachment-42165\" style=\"width: 276px\" class=\"wp-caption alignleft\"><img decoding=\"async\" loading=\"lazy\" class=\"wp-image-42165\" src=\"http:\/\/portalfloresnoar.com\/floresnoar\/wp-content\/uploads\/2022\/08\/marcia-baja-no-recife-300x225.jpeg\" alt=\"\" width=\"276\" height=\"207\" srcset=\"https:\/\/portalfloresnoar.com\/floresnoar\/wp-content\/uploads\/2022\/08\/marcia-baja-no-recife-300x225.jpeg 300w, https:\/\/portalfloresnoar.com\/floresnoar\/wp-content\/uploads\/2022\/08\/marcia-baja-no-recife-700x525.jpeg 700w, https:\/\/portalfloresnoar.com\/floresnoar\/wp-content\/uploads\/2022\/08\/marcia-baja-no-recife-160x120.jpeg 160w, https:\/\/portalfloresnoar.com\/floresnoar\/wp-content\/uploads\/2022\/08\/marcia-baja-no-recife.jpeg 754w\" sizes=\"(max-width: 276px) 100vw, 276px\" \/><figcaption id=\"caption-attachment-42165\" class=\"wp-caption-text\">Encontro com Marcia Baja, no Condom\u00ednio Flor da Mata, em Aldeia<\/figcaption><\/figure>\n<p><a href=\"https:\/\/www.instagram.com\/marciabaja\/\" target=\"_blank\" rel=\"noopener\">Marcia Baja<\/a> me apareceu h\u00e1 uns 5 anos, pela Internet. Escut\u00e1-la durante todo esse tempo me salvou de desesperos. Ontem a encontrei pessoalmente e senti a alegria de cantar pra ela e pras mulheres que estavam conosco na mata do Flor da Mata, em Aldeia, <a href=\"https:\/\/www.youtube.com\/watch?v=wEUMwon5n1M&amp;t=25s\" target=\"_blank\" rel=\"noopener\">uma can\u00e7\u00e3o<\/a> que fiz em 2018 inspirada nos Ensinamentos dela. Senti-la, abra\u00e7\u00e1-la, olhar nos olhos dela, beij\u00e1-la, foi desses presentes encantados. Acho que foi uma oportunidade sagrada que a vida me trouxe para que eu pudesse agradec\u00ea-la por tanto bem.<\/p>\n<figure id=\"attachment_42164\" aria-describedby=\"caption-attachment-42164\" style=\"width: 254px\" class=\"wp-caption alignright\"><img decoding=\"async\" loading=\"lazy\" class=\"wp-image-42164\" src=\"http:\/\/portalfloresnoar.com\/floresnoar\/wp-content\/uploads\/2022\/08\/dea-trancoso-no-recife-300x255.jpeg\" alt=\"\" width=\"254\" height=\"216\" srcset=\"https:\/\/portalfloresnoar.com\/floresnoar\/wp-content\/uploads\/2022\/08\/dea-trancoso-no-recife-300x255.jpeg 300w, https:\/\/portalfloresnoar.com\/floresnoar\/wp-content\/uploads\/2022\/08\/dea-trancoso-no-recife.jpeg 599w\" sizes=\"(max-width: 254px) 100vw, 254px\" \/><figcaption id=\"caption-attachment-42164\" class=\"wp-caption-text\">Turma da oficina &#8216;Lembran\u00e7a de Si&#8217;, com D\u00e9a Trancoso, na <a href=\"https:\/\/www.instagram.com\/casa.astral\/\" target=\"_blank\" rel=\"noopener\">Casa Astral<\/a><\/figcaption><\/figure>\n<p>Recebi o convite de minha sobrinha <a href=\"https:\/\/www.instagram.com\/feecrabelo\/\" target=\"_blank\" rel=\"noopener\">Fernanda<\/a> pra esse encontro com Marcia, justo durante os dias profundos e reanimadores da oficina que eu tava vivenciando com <a href=\"https:\/\/www.instagram.com\/deatrancoso_oficial\/\" target=\"_blank\" rel=\"noopener\">D\u00e9a Trancoso<\/a>, esta semana, no Recife. Conhecia pouco D\u00e9a, tinha ouvido algumas can\u00e7\u00f5es. Quando vi a querida @gidalia.santana divulgando a oficina, mesmo sem saber exatamente oficina de que, soube que eu iria. E fui. <a href=\"https:\/\/www.instagram.com\/lunatxica\/\" target=\"_blank\" rel=\"noopener\">Lua<\/a>, minha filha, tamb\u00e9m foi. O Chamado j\u00e1 vinha chegando h\u00e1 um tempo pra n\u00f3s duas, em sonhos e sintonias. D\u00e9a reativou a Chama, \u2018fazendo Vento\u2019.<\/p>\n<p>A pot\u00eancia do encontro com esses dois seres vibra em mim num canto vivo. Meu corpo t\u00e1 pulsante e confortado. Me sinto mais forte. Marcia me acalma. D\u00e9a me ati\u00e7a. E vice-versa. Gratid\u00e3o, minhas fil\u00f3sofas prediletas!<\/p>\n<p>Salve as Guian\u00e7as!<\/p>\n<p><em>* Lu Rabelo\u00a0\u00e9\u00a0<a href=\"https:\/\/www.facebook.com\/cantadeiralu\" target=\"_blank\" rel=\"noopener\">cantadeira<\/a>,\u00a0<a href=\"https:\/\/www.instagram.com\/jardimarteterapeutico\/\" target=\"_blank\" rel=\"noopener\">arteterapeuta<\/a>, jornalista e editora do Portal Flores no Ar.<\/em><\/p>\n","protected":false},"excerpt":{"rendered":"<p>| Por Lu Rabelo* | Esses dias tive a gra\u00e7a de encontrar presencialmente duas mestras. Desses milagres que acontecem na vida, quando a gente come\u00e7a a entregar e confiar. De quando se sente o intang\u00edvel imanente. E mestra \u00e9 mestra. A Sabedoria manifesta! B\u00e1lsamos nas desilus\u00f5es! Lapada nos apegos! As mestras e mestres nos animam. [&hellip;]<\/p>\n","protected":false},"author":1,"featured_media":42163,"comment_status":"open","ping_status":"open","sticky":false,"template":"","format":"standard","meta":{"om_disable_all_campaigns":false,"_monsterinsights_skip_tracking":false,"_monsterinsights_sitenote_active":false,"_monsterinsights_sitenote_note":"","_monsterinsights_sitenote_category":0,"footnotes":""},"categories":[227,220],"tags":[1071,19,58],"acf":[],"publishpress_future_action":{"enabled":false,"date":"1969-12-31 21:00:00","action":"","terms":[],"taxonomy":"","browser_timezone_offset":0},"_links":{"self":[{"href":"https:\/\/portalfloresnoar.com\/floresnoar\/wp-json\/wp\/v2\/posts\/42162"}],"collection":[{"href":"https:\/\/portalfloresnoar.com\/floresnoar\/wp-json\/wp\/v2\/posts"}],"about":[{"href":"https:\/\/portalfloresnoar.com\/floresnoar\/wp-json\/wp\/v2\/types\/post"}],"author":[{"embeddable":true,"href":"https:\/\/portalfloresnoar.com\/floresnoar\/wp-json\/wp\/v2\/users\/1"}],"replies":[{"embeddable":true,"href":"https:\/\/portalfloresnoar.com\/floresnoar\/wp-json\/wp\/v2\/comments?post=42162"}],"version-history":[{"count":0,"href":"https:\/\/portalfloresnoar.com\/floresnoar\/wp-json\/wp\/v2\/posts\/42162\/revisions"}],"wp:featuredmedia":[{"embeddable":true,"href":"https:\/\/portalfloresnoar.com\/floresnoar\/wp-json\/wp\/v2\/media\/42163"}],"wp:attachment":[{"href":"https:\/\/portalfloresnoar.com\/floresnoar\/wp-json\/wp\/v2\/media?parent=42162"}],"wp:term":[{"taxonomy":"category","embeddable":true,"href":"https:\/\/portalfloresnoar.com\/floresnoar\/wp-json\/wp\/v2\/categories?post=42162"},{"taxonomy":"post_tag","embeddable":true,"href":"https:\/\/portalfloresnoar.com\/floresnoar\/wp-json\/wp\/v2\/tags?post=42162"}],"curies":[{"name":"wp","href":"https:\/\/api.w.org\/{rel}","templated":true}]}}