

{"id":42131,"date":"2023-08-16T05:31:34","date_gmt":"2023-08-16T08:31:34","guid":{"rendered":"http:\/\/portalfloresnoar.com\/floresnoar\/?p=42131"},"modified":"2023-08-25T19:41:56","modified_gmt":"2023-08-25T22:41:56","slug":"agenda-inscricoes-abertas-para-jornada-on-line-panorama-biografico-es-tudo","status":"publish","type":"post","link":"https:\/\/portalfloresnoar.com\/floresnoar\/agenda-inscricoes-abertas-para-jornada-on-line-panorama-biografico-es-tudo\/","title":{"rendered":"Inscri\u00e7\u00f5es abertas para Jornada on-line &#8216;Panorama Biogr\u00e1fico: \u00c9s Tudo!&#8217;"},"content":{"rendered":"<p><img decoding=\"async\" loading=\"lazy\" class=\"aligncenter wp-image-42203 \" src=\"http:\/\/portalfloresnoar.com\/floresnoar\/wp-content\/uploads\/2022\/08\/aconselhamento-biografico-1.jpg\" alt=\"\" width=\"545\" height=\"545\" srcset=\"https:\/\/portalfloresnoar.com\/floresnoar\/wp-content\/uploads\/2022\/08\/aconselhamento-biografico-1.jpg 600w, https:\/\/portalfloresnoar.com\/floresnoar\/wp-content\/uploads\/2022\/08\/aconselhamento-biografico-1-150x150.jpg 150w, https:\/\/portalfloresnoar.com\/floresnoar\/wp-content\/uploads\/2022\/08\/aconselhamento-biografico-1-300x300.jpg 300w, https:\/\/portalfloresnoar.com\/floresnoar\/wp-content\/uploads\/2022\/08\/aconselhamento-biografico-1-100x100.jpg 100w\" sizes=\"(max-width: 545px) 100vw, 545px\" \/><\/p>\n<p>Com o objetivo de incentivar o conhecimento da sua pr\u00f3pria hist\u00f3ria e possibilitar a oportunidade de ressignificar muitos dos acontecimentos vividos, se alinhando \u00e0 sua miss\u00e3o de vida, a aconselhadora Biogr\u00e1fica e psicoterapeuta Vera Henriques est\u00e1 oferecendo a Jornada on-line &#8216;Panorama Biogr\u00e1fico: \u00c9s Tudo!&#8217;\u00a0As inscri\u00e7\u00f5es j\u00e1 est\u00e3o dispon\u00edveis atrav\u00e9s <strong><a href=\"https:\/\/go.hotmart.com\/P73965996V\" target=\"_blank\" rel=\"noopener\">deste link<\/a><\/strong>!<\/p>\n<figure id=\"attachment_42198\" aria-describedby=\"caption-attachment-42198\" style=\"width: 225px\" class=\"wp-caption alignright\"><img decoding=\"async\" loading=\"lazy\" class=\"wp-image-42198 size-medium\" src=\"http:\/\/portalfloresnoar.com\/floresnoar\/wp-content\/uploads\/2022\/08\/vera-henriques-aconselhadora-biografica-225x300.jpg\" alt=\"\" width=\"225\" height=\"300\" srcset=\"https:\/\/portalfloresnoar.com\/floresnoar\/wp-content\/uploads\/2022\/08\/vera-henriques-aconselhadora-biografica-225x300.jpg 225w, https:\/\/portalfloresnoar.com\/floresnoar\/wp-content\/uploads\/2022\/08\/vera-henriques-aconselhadora-biografica-768x1024.jpg 768w, https:\/\/portalfloresnoar.com\/floresnoar\/wp-content\/uploads\/2022\/08\/vera-henriques-aconselhadora-biografica-525x700.jpg 525w, https:\/\/portalfloresnoar.com\/floresnoar\/wp-content\/uploads\/2022\/08\/vera-henriques-aconselhadora-biografica.jpg 960w\" sizes=\"(max-width: 225px) 100vw, 225px\" \/><figcaption id=\"caption-attachment-42198\" class=\"wp-caption-text\">Vera Henriques \u00e9 aconselhadora Biogr\u00e1fica e psicoterapeuta de base Anal\u00edtica.<\/figcaption><\/figure>\n<p>Baseada na metodologia Biogr\u00e1fica Antropos\u00f3fica, a jornada tem dura\u00e7\u00e3o de 12 horas, divididas em seis m\u00f3dulos gravados e uma imers\u00e3o ao vivo pelo Zoom, totalizando 25 aulas. Al\u00e9m da exposi\u00e7\u00e3o te\u00f3rica, da escrita da narrativa autobiogr\u00e1fica, e outros exerc\u00edcios, os encontros tamb\u00e9m incluem medita\u00e7\u00f5es e contos.<\/p>\n<p>Vera explica que o Panorama Biogr\u00e1fico: \u00c9s Tudo! \u00e9 uma jornada para recuperar a vitalidade e ter maior disposi\u00e7\u00e3o diante da vida e de seus desafios. &#8220;\u00c9 poss\u00edvel passar a vida reagindo e sobrevivendo. Mas seria lament\u00e1vel! Nosso maior compromisso \u00e9 com a vida que nos foi confiada e cuidar dessa chama \u00e9 uma tarefa sagrada&#8221;.<\/p>\n<p>&#8220;Nossa mem\u00f3ria (consciente ou inconsciente) est\u00e1 sendo constantemente ativada pelas experi\u00eancias do dia a dia. Ficamos inquietos, em p\u00e2nico, ansiosos, ou estressados e mal nos damos conta o que provocou determinada rea\u00e7\u00e3o. Entretanto, quando nos permitimos tomar a vida nas pr\u00f3prias m\u00e3os, isso tr\u00e1s sentido para as nossas sensa\u00e7\u00f5es e permite-nos recuperar o centro e protagonizar as respostas como a\u00e7\u00f5es e n\u00e3o mais rea\u00e7\u00f5es inconscientes. O programa \u00c9s.tudo vai ajudar o participante a arrega\u00e7ar as mangas e trabalhar seriamente na busca de si mesmo. Tome a vida nas pr\u00f3prias m\u00e3os e conduza com consci\u00eancia suas escolhas&#8221;, Vera.<\/p>\n<p>SOBRE VERA HENRIQUES<br \/>\n<strong>Vera Henriques<\/strong> \u00e9 aconselhadora Biogr\u00e1fica e psicoterapeuta de base Anal\u00edtica, com 30 anos de atendimento em consult\u00f3rio particular. \u00c9, ainda, assistente Social, terapeuta Morfoanalista e consteladora Familiar.<\/p>\n<p><strong>CONTE\u00daDO PROGRAM\u00c1TICO<\/strong><\/p>\n<p><strong>M\u00f3dulo 1 &#8211; A Ancestralidade<\/strong><br \/>\nIntrodu\u00e7\u00e3o a biografia de base antropos\u00f3fica<br \/>\nDesenvolvimento do ser humano<\/p>\n<p><strong>M\u00f3dulo 2 &#8211; A Primavera na Biografia<\/strong><br \/>\n0 aos 21 anos<br \/>\nTeoria, exerc\u00edcio de visualiza\u00e7\u00e3o, conto e orienta\u00e7\u00e3o para ordena\u00e7\u00e3o dos tr\u00eas primeiros set\u00eanios<\/p>\n<p><strong>M\u00f3dulo 3 &#8211; O Ver\u00e3o na Biografia<\/strong><br \/>\n21 aos 42 anos<br \/>\nTeoria, exerc\u00edcio de visualiza\u00e7\u00e3o, conto e orienta\u00e7\u00e3o para ordena\u00e7\u00e3o dos set\u00eanios do amadurecimento ps\u00edquico<\/p>\n<p><strong>M\u00f3dulo 4 &#8211; O Outono na Biografia<\/strong><br \/>\n42 aos 63 anos<br \/>\nTeoria, exerc\u00edcio de visualiza\u00e7\u00e3o, conto e orienta\u00e7\u00e3o para ordena\u00e7\u00e3o dos set\u00eanios do amadurecimento espiritual<\/p>\n<p><strong>M\u00f3dulo 5 &#8211; Met\u00e1fora e Metamorfose<\/strong><br \/>\nSua biografia \u00e9 uma grande met\u00e1fora e o poder dos contos de fada<br \/>\nMedita\u00e7\u00e3o: Prop\u00f3sito de Vida e orienta\u00e7\u00f5es para identific\u00e1-lo na sua biografia<\/p>\n<p><strong>M\u00f3dulo 6 &#8211; Pr\u00f3ximos passos<\/strong><br \/>\nO percurso biogr\u00e1fico, medita\u00e7\u00e3o e prepara\u00e7\u00e3o para Imers\u00e3o ao vivo<\/p>\n<p>SOBRE O ACESSO \u00c0S AULAS DO CURSO:<br \/>\nAs aulas podem ser acessadas na plataforma da Hotmart por 1 ano, a partir da data de aprova\u00e7\u00e3o da compra. Dentro desse per\u00edodo voc\u00ea poder\u00e1 rever as aulas quantas vezes desejar.<\/p>\n<p><strong>INSCRI\u00c7\u00d5ES PARA JORNADA, ATRAV\u00c9S DESTE LINK:<\/strong>\u00a0<a href=\"https:\/\/go.hotmart.com\/P73965996V\" target=\"_blank\" rel=\"noopener\">https:\/\/go.hotmart.com\/P73965996V<\/a><\/p>\n","protected":false},"excerpt":{"rendered":"<p>Com o objetivo de incentivar o conhecimento da sua pr\u00f3pria hist\u00f3ria e possibilitar a oportunidade de ressignificar muitos dos acontecimentos vividos, se alinhando \u00e0 sua miss\u00e3o de vida, a aconselhadora Biogr\u00e1fica e psicoterapeuta Vera Henriques est\u00e1 oferecendo a Jornada on-line &#8216;Panorama Biogr\u00e1fico: \u00c9s Tudo!&#8217;\u00a0As inscri\u00e7\u00f5es j\u00e1 est\u00e3o dispon\u00edveis atrav\u00e9s deste link! Baseada na metodologia Biogr\u00e1fica [&hellip;]<\/p>\n","protected":false},"author":1,"featured_media":43905,"comment_status":"open","ping_status":"open","sticky":false,"template":"","format":"standard","meta":{"om_disable_all_campaigns":false,"_monsterinsights_skip_tracking":false,"_monsterinsights_sitenote_active":false,"_monsterinsights_sitenote_note":"","_monsterinsights_sitenote_category":0,"footnotes":""},"categories":[8,9],"tags":[23,136,1223,1054,850],"acf":[],"publishpress_future_action":{"enabled":false,"date":"1969-12-31 21:00:00","action":"","terms":[],"taxonomy":"","browser_timezone_offset":0},"_links":{"self":[{"href":"https:\/\/portalfloresnoar.com\/floresnoar\/wp-json\/wp\/v2\/posts\/42131"}],"collection":[{"href":"https:\/\/portalfloresnoar.com\/floresnoar\/wp-json\/wp\/v2\/posts"}],"about":[{"href":"https:\/\/portalfloresnoar.com\/floresnoar\/wp-json\/wp\/v2\/types\/post"}],"author":[{"embeddable":true,"href":"https:\/\/portalfloresnoar.com\/floresnoar\/wp-json\/wp\/v2\/users\/1"}],"replies":[{"embeddable":true,"href":"https:\/\/portalfloresnoar.com\/floresnoar\/wp-json\/wp\/v2\/comments?post=42131"}],"version-history":[{"count":0,"href":"https:\/\/portalfloresnoar.com\/floresnoar\/wp-json\/wp\/v2\/posts\/42131\/revisions"}],"wp:featuredmedia":[{"embeddable":true,"href":"https:\/\/portalfloresnoar.com\/floresnoar\/wp-json\/wp\/v2\/media\/43905"}],"wp:attachment":[{"href":"https:\/\/portalfloresnoar.com\/floresnoar\/wp-json\/wp\/v2\/media?parent=42131"}],"wp:term":[{"taxonomy":"category","embeddable":true,"href":"https:\/\/portalfloresnoar.com\/floresnoar\/wp-json\/wp\/v2\/categories?post=42131"},{"taxonomy":"post_tag","embeddable":true,"href":"https:\/\/portalfloresnoar.com\/floresnoar\/wp-json\/wp\/v2\/tags?post=42131"}],"curies":[{"name":"wp","href":"https:\/\/api.w.org\/{rel}","templated":true}]}}