

{"id":42120,"date":"2022-02-18T10:42:13","date_gmt":"2022-02-18T13:42:13","guid":{"rendered":"http:\/\/portalfloresnoar.com\/floresnoar\/?p=42120"},"modified":"2022-10-05T18:42:47","modified_gmt":"2022-10-05T21:42:47","slug":"agenda-pe-formacao-em-nutricao-ayurveda-tem-inicio-no-dia-0309-no-recife","status":"publish","type":"post","link":"https:\/\/portalfloresnoar.com\/floresnoar\/agenda-pe-formacao-em-nutricao-ayurveda-tem-inicio-no-dia-0309-no-recife\/","title":{"rendered":"[AGENDA PE] Forma\u00e7\u00e3o em Nutri\u00e7\u00e3o Ayurveda tem in\u00edcio em outubro no Recife"},"content":{"rendered":"<p><img decoding=\"async\" loading=\"lazy\" class=\"wp-image-42122 aligncenter\" src=\"http:\/\/portalfloresnoar.com\/floresnoar\/wp-content\/uploads\/2022\/08\/formacao-ayurveda-700x389.jpeg\" alt=\"\" width=\"630\" height=\"350\" srcset=\"https:\/\/portalfloresnoar.com\/floresnoar\/wp-content\/uploads\/2022\/08\/formacao-ayurveda-700x389.jpeg 700w, https:\/\/portalfloresnoar.com\/floresnoar\/wp-content\/uploads\/2022\/08\/formacao-ayurveda-300x167.jpeg 300w, https:\/\/portalfloresnoar.com\/floresnoar\/wp-content\/uploads\/2022\/08\/formacao-ayurveda-768x427.jpeg 768w, https:\/\/portalfloresnoar.com\/floresnoar\/wp-content\/uploads\/2022\/08\/formacao-ayurveda-672x372.jpeg 672w, https:\/\/portalfloresnoar.com\/floresnoar\/wp-content\/uploads\/2022\/08\/formacao-ayurveda.jpeg 900w\" sizes=\"(max-width: 630px) 100vw, 630px\" \/><\/p>\n<p>Tem in\u00edcio nos dias 1 e 2 de outubro de 2022, no Recife, a &#8216;Forma\u00e7\u00e3o em Nutri\u00e7\u00e3o Ayurveda&#8217;, ministrada pelo terapeuta Ayurveda Fernando Sujan. O curso \u00e9 dividido em seis m\u00f3dulos, e as aulas acontecer\u00e3o mensalmente, sempre no primeiro final de semana do m\u00eas (s\u00e1bado e domingo), das 8h \u00e0s 17h,\u00a0 no Espa\u00e7o Circular, localizado no bairro de Casa Forte.<\/p>\n<p>O curso \u00e9\u00a0destinado tanto para quem j\u00e1 \u00e9 terapeuta e deseja agregar os princ\u00edpios da nutri\u00e7\u00e3o Ayurveda \u00e0 t\u00e9cnica j\u00e1 utilizada, quanto para quem deseja iniciar sua caminhada profissional como terapeuta, tendo como ponto de partida a Nutri\u00e7\u00e3o Ayurveda. As aulas tamb\u00e9m s\u00e3o voltadas\u00a0para o p\u00fablico em geral, que deseja fazer mudan\u00e7as de h\u00e1bitos, mas que n\u00e3o deseja atuar profissionalmente com a abordagem, apenas levar os aprendizados para sua vida e de sua fam\u00edlia e amigos.<\/p>\n<p>De acordo com Sujan, o conte\u00fado das aulas expande a perspectiva da Alimenta\u00e7\u00e3o Ayurveda, propondo uma abordagem mais profunda, que envolve quest\u00f5es terap\u00eauticas de diagn\u00f3stico e tratamento de dist\u00farbios, atrav\u00e9s da alimenta\u00e7\u00e3o e da mudan\u00e7a consciente de h\u00e1bitos. Segundo ele, o curso visa formar profissionais capacitados a atender com a nutri\u00e7\u00e3o em seu sentido mais amplo: ingest\u00e3o, digest\u00e3o, absor\u00e7\u00e3o, elimina\u00e7\u00e3o e tratamento, na vis\u00e3o milenar da Medicina Ayurveda.<\/p>\n<p>&#8220;Esta forma\u00e7\u00e3o agrega os conhecimentos orientais do Yoga e do Ayurveda aos conhecimentos da Anatomia e da Fisiologia ocidentais, trazendo uma extensa bagagem que prepara o aluno para ter uma olhar atento e cuidadoso para si e para os seus clientes.\u00a0Estudaremos e aprofundaremos o conhecimento acerca de conceitos, como: Prana (energia vital), Agni (fogo digestivo), Dhatus (tecidos do corpo), Srotas (canais de distribui\u00e7\u00e3o), fisiologia e digest\u00e3o, sa\u00fade e o processo da doen\u00e7a, Gunas (Satwa, Rajas e Tamas), compreendendo a rela\u00e7\u00e3o direta entre os alimentos, as emo\u00e7\u00f5es e os sentimentos na sa\u00fade e qualidade de vida.&#8221;<\/p>\n<p>Ao final do curso ser\u00e1 fornecido um certificado comprovando a realiza\u00e7\u00e3o do curso e habilitando o aluno a atender profissionalmente com Nutri\u00e7\u00e3o Ayurveda.<\/p>\n<p>SOBRE O FACILITADOR DA FORMA\u00c7\u00c3O<br \/>\n<img decoding=\"async\" loading=\"lazy\" class=\"size-medium wp-image-42123 alignleft\" src=\"http:\/\/portalfloresnoar.com\/floresnoar\/wp-content\/uploads\/2022\/08\/fernando-sujan-ayurveda-225x300.jpeg\" alt=\"\" width=\"225\" height=\"300\" srcset=\"https:\/\/portalfloresnoar.com\/floresnoar\/wp-content\/uploads\/2022\/08\/fernando-sujan-ayurveda-225x300.jpeg 225w, https:\/\/portalfloresnoar.com\/floresnoar\/wp-content\/uploads\/2022\/08\/fernando-sujan-ayurveda.jpeg 768w, https:\/\/portalfloresnoar.com\/floresnoar\/wp-content\/uploads\/2022\/08\/fernando-sujan-ayurveda-525x700.jpeg 525w\" sizes=\"(max-width: 225px) 100vw, 225px\" \/><strong>Fernando Sujan<\/strong> \u00e9 yogaterapeuta, terapeuta Ayurv\u00e9dico, professor de Hatha Yoga, com forma\u00e7\u00e3o na AVP Training Academy, Coimbatore, \u00cdndia, e especializa\u00e7\u00e3o em Herbologia Ayurv\u00e9dica pelo Ayurvedic Herbs &#8211; Hadassah Medical Center Churchill Blvd., Mt. Scopus, Jerusal\u00e9m, Israel.<\/p>\n<p>Iniciou seus estudos com Yoga e Ayurveda em 1990. Atua desde 1994 com atendimentos em consult\u00f3rio com Yogaterapia e Ayurveda, aulas particulares e em grupo de Hatha Yoga, condu\u00e7\u00e3o de cursos de forma\u00e7\u00e3o, retiros, oficinas e workshops. Foi idealizador do primeiro curso de extens\u00e3o em Yoga e Ayurveda, da Universidade Federal de Pernambuco (UFPE).<\/p>\n<p>Ao longo desta caminhada no universo das ci\u00eancias Indianas, pode pesquisar e observar com profundidade a import\u00e2ncia da nutri\u00e7\u00e3o na vida de seus clientes e alunos e como este aspecto impactava n\u00e3o apenas o corpo f\u00edsico, mas tamb\u00e9m as emo\u00e7\u00f5es e sentimentos daquelas pessoas. Reunindo seus 30 anos de experi\u00eancias pr\u00e1ticas, estudos e pesquisas relacionadas \u00e0 Nutri\u00e7\u00e3o na perspectiva do Ayurveda, montou a Forma\u00e7\u00e3o em Nutri\u00e7\u00e3o Ayurveda, uma abordagem que amplia o olhar sobre a alimenta\u00e7\u00e3o, trazendo uma perspectiva terap\u00eautica sobre a forma de se relacionar com os alimentos e as emo\u00e7\u00f5es.<\/p>\n<p>DATAS\/ HOR\u00c1RIO DAS AULAS<br \/>\n<strong>M\u00f3dulo 1<\/strong> &#8211;\u00a0 01 e 02 de outubro de 2022, das 8h \u00e0s 17h<br \/>\n<strong>M\u00f3dulo 2<\/strong> &#8211;\u00a005 e 06 de novembro de 2022, das 8h \u00e0s 17h<br \/>\n<strong>M\u00f3dulo 3<\/strong> &#8211;\u00a0 03 e 04 de dezembro de 2022, das 8h \u00e0s 17h<br \/>\n<strong>M\u00f3dulo 4<\/strong> &#8211;\u00a007 e 08 de janeiro de 2023, das 8h \u00e0s 17h<br \/>\n<strong>M\u00f3dulo 5<\/strong> &#8211;\u00a004 e 05 de fevereiro de 2023, das 8h \u00e0s 17h<br \/>\n<strong>M\u00f3dulo 6<\/strong> &#8211; 04 e 05 de mar\u00e7o de 2022, das 8h \u00e0s 17h<\/p>\n<p>LOCAL<br \/>\n<strong>Espa\u00e7o Circular<\/strong> &#8211; Rua Samuel de Farias, 95, Casa Forte, Recife\/PE.<\/p>\n<p>INVESTIMENTO<br \/>\n<strong>Por modulo:<\/strong> R$ 400,00\u00a0 (por m\u00f3dulo)<br \/>\n<strong>Todos os seis m\u00f3dulos:<\/strong> R$ 2.200,00 (\u00e0 vista, ou em at\u00e9 12x no cart\u00e3o de cr\u00e9dito)<\/p>\n<p>INSCRI\u00c7\u00d5ES<br \/>\n<strong>Atrav\u00e9s do formul\u00e1rio, neste link:<\/strong>\u00a0<a href=\"https:\/\/forms.gle\/tjgacv9bgJ4x3xfK6\" target=\"_blank\" rel=\"noopener\">https:\/\/forms.gle\/tjgacv9bgJ4x3xfK6<\/a><\/p>\n<p><strong>MAIS INFORMA\u00c7\u00d5ES<\/strong><br \/>\n(81) 99560.6448 &#8211; Fernando Sujan<br \/>\n(81) 99600.2362 &#8211; Larissa Botelho<\/p>\n","protected":false},"excerpt":{"rendered":"<p>Tem in\u00edcio nos dias 1 e 2 de outubro de 2022, no Recife, a &#8216;Forma\u00e7\u00e3o em Nutri\u00e7\u00e3o Ayurveda&#8217;, ministrada pelo terapeuta Ayurveda Fernando Sujan. O curso \u00e9 dividido em seis m\u00f3dulos, e as aulas acontecer\u00e3o mensalmente, sempre no primeiro final de semana do m\u00eas (s\u00e1bado e domingo), das 8h \u00e0s 17h,\u00a0 no Espa\u00e7o Circular, localizado [&hellip;]<\/p>\n","protected":false},"author":1,"featured_media":42122,"comment_status":"open","ping_status":"open","sticky":false,"template":"","format":"standard","meta":{"om_disable_all_campaigns":false,"_monsterinsights_skip_tracking":false,"_monsterinsights_sitenote_active":false,"_monsterinsights_sitenote_note":"","_monsterinsights_sitenote_category":0,"footnotes":""},"categories":[8,214],"tags":[114,167,890,377],"acf":[],"publishpress_future_action":{"enabled":false,"date":"1969-12-31 21:00:00","action":"","terms":[],"taxonomy":"","browser_timezone_offset":0},"_links":{"self":[{"href":"https:\/\/portalfloresnoar.com\/floresnoar\/wp-json\/wp\/v2\/posts\/42120"}],"collection":[{"href":"https:\/\/portalfloresnoar.com\/floresnoar\/wp-json\/wp\/v2\/posts"}],"about":[{"href":"https:\/\/portalfloresnoar.com\/floresnoar\/wp-json\/wp\/v2\/types\/post"}],"author":[{"embeddable":true,"href":"https:\/\/portalfloresnoar.com\/floresnoar\/wp-json\/wp\/v2\/users\/1"}],"replies":[{"embeddable":true,"href":"https:\/\/portalfloresnoar.com\/floresnoar\/wp-json\/wp\/v2\/comments?post=42120"}],"version-history":[{"count":0,"href":"https:\/\/portalfloresnoar.com\/floresnoar\/wp-json\/wp\/v2\/posts\/42120\/revisions"}],"wp:featuredmedia":[{"embeddable":true,"href":"https:\/\/portalfloresnoar.com\/floresnoar\/wp-json\/wp\/v2\/media\/42122"}],"wp:attachment":[{"href":"https:\/\/portalfloresnoar.com\/floresnoar\/wp-json\/wp\/v2\/media?parent=42120"}],"wp:term":[{"taxonomy":"category","embeddable":true,"href":"https:\/\/portalfloresnoar.com\/floresnoar\/wp-json\/wp\/v2\/categories?post=42120"},{"taxonomy":"post_tag","embeddable":true,"href":"https:\/\/portalfloresnoar.com\/floresnoar\/wp-json\/wp\/v2\/tags?post=42120"}],"curies":[{"name":"wp","href":"https:\/\/api.w.org\/{rel}","templated":true}]}}