

{"id":42108,"date":"2022-02-17T09:49:15","date_gmt":"2022-02-17T12:49:15","guid":{"rendered":"http:\/\/portalfloresnoar.com\/floresnoar\/?p=42108"},"modified":"2022-09-08T09:35:54","modified_gmt":"2022-09-08T12:35:54","slug":"agenda-mini-curso-on-line-de-tarot-cartas-da-corte-dia-1009-com-sabrina-carvalho","status":"publish","type":"post","link":"https:\/\/portalfloresnoar.com\/floresnoar\/agenda-mini-curso-on-line-de-tarot-cartas-da-corte-dia-1009-com-sabrina-carvalho\/","title":{"rendered":"[AGENDA] &#8216;Mini Curso On-line de Tarot &#8211; Cartas da C\u00f4rte&#8217;, dia 10\/09, com Sabrina Carvalho"},"content":{"rendered":"<p><img decoding=\"async\" loading=\"lazy\" class=\"aligncenter wp-image-42109\" src=\"http:\/\/portalfloresnoar.com\/floresnoar\/wp-content\/uploads\/2022\/08\/curso-cartas-da-corte-tarot-700x693.jpeg\" alt=\"\" width=\"601\" height=\"595\" srcset=\"https:\/\/portalfloresnoar.com\/floresnoar\/wp-content\/uploads\/2022\/08\/curso-cartas-da-corte-tarot-700x693.jpeg 700w, https:\/\/portalfloresnoar.com\/floresnoar\/wp-content\/uploads\/2022\/08\/curso-cartas-da-corte-tarot-150x150.jpeg 150w, https:\/\/portalfloresnoar.com\/floresnoar\/wp-content\/uploads\/2022\/08\/curso-cartas-da-corte-tarot-300x297.jpeg 300w, https:\/\/portalfloresnoar.com\/floresnoar\/wp-content\/uploads\/2022\/08\/curso-cartas-da-corte-tarot-768x761.jpeg 768w, https:\/\/portalfloresnoar.com\/floresnoar\/wp-content\/uploads\/2022\/08\/curso-cartas-da-corte-tarot-100x100.jpeg 100w, https:\/\/portalfloresnoar.com\/floresnoar\/wp-content\/uploads\/2022\/08\/curso-cartas-da-corte-tarot.jpeg 1600w\" sizes=\"(max-width: 601px) 100vw, 601px\" \/><\/p>\n<p>A <a href=\"https:\/\/www.instagram.com\/carcaratarot\/\" target=\"_blank\" rel=\"noopener\">Carcar\u00e1 Escola de Tarot<\/a>\u00a0promove no dia 10 de setembro de 2022 o Mini Curso Cartas da C\u00f4rte, com a tar\u00f3loga Sabrina Carvalho. O encontro, que ser\u00e1 das 15h \u00e0s 17h, de modo on-line, \u00e9 voltado para quem quer se aprofundar nos estudos dos Valetes, Cavaleiros, Rainhas e Reis do Tarot.<\/p>\n<p>\u201cNeste mini curso vamos estudar as energias potenciais dos Arcanos da C\u00f4rte, associando-os aos 4 Elementos, sendo uma \u00f3tima oportunidade de se aprofundar nos simbolismos dessas misteriosas Cartas\u201d, explica Sabrina.<\/p>\n<p>SERVI\u00c7O<br \/>\n<strong>Mini curso on-line de Tarot \u2018Cartas da C\u00f4rte\u2019<\/strong><br \/>\n<strong>Dias:<\/strong>\u00a010\/09\/2022 (S\u00e1bado)<br \/>\n<strong>Hora:<\/strong>\u00a015h \u00e0s 17h<br \/>\n<strong>Valor:<\/strong>\u00a0150,00<br \/>\n<strong>Local:<\/strong>\u00a0On-line<\/p>\n<p><em><strong>Obs.:<\/strong>\u00a0Confere certificado.<\/em><\/p>\n<p>INSCRI\u00c7\u00d5ES E MAIS INFORMA\u00c7\u00d5ES<br \/>\n<strong>Fone\/Zap:<\/strong>\u00a0(81) 99965 4458<br \/>\n<strong>Instagram:<\/strong>\u00a0<a href=\"https:\/\/www.instagram.com\/carcaratarot\/\" target=\"_blank\" rel=\"noopener\">@carcaratarot<\/a><\/p>\n<p>&nbsp;<\/p>\n","protected":false},"excerpt":{"rendered":"<p>A Carcar\u00e1 Escola de Tarot\u00a0promove no dia 10 de setembro de 2022 o Mini Curso Cartas da C\u00f4rte, com a tar\u00f3loga Sabrina Carvalho. O encontro, que ser\u00e1 das 15h \u00e0s 17h, de modo on-line, \u00e9 voltado para quem quer se aprofundar nos estudos dos Valetes, Cavaleiros, Rainhas e Reis do Tarot. \u201cNeste mini curso vamos [&hellip;]<\/p>\n","protected":false},"author":1,"featured_media":42110,"comment_status":"open","ping_status":"open","sticky":false,"template":"","format":"standard","meta":{"om_disable_all_campaigns":false,"_monsterinsights_skip_tracking":false,"_monsterinsights_sitenote_active":false,"_monsterinsights_sitenote_note":"","_monsterinsights_sitenote_category":0,"footnotes":""},"categories":[8,214],"tags":[573,167,1054,296,86],"acf":[],"publishpress_future_action":{"enabled":false,"date":"1969-12-31 21:00:00","action":"","terms":[],"taxonomy":"","browser_timezone_offset":0},"_links":{"self":[{"href":"https:\/\/portalfloresnoar.com\/floresnoar\/wp-json\/wp\/v2\/posts\/42108"}],"collection":[{"href":"https:\/\/portalfloresnoar.com\/floresnoar\/wp-json\/wp\/v2\/posts"}],"about":[{"href":"https:\/\/portalfloresnoar.com\/floresnoar\/wp-json\/wp\/v2\/types\/post"}],"author":[{"embeddable":true,"href":"https:\/\/portalfloresnoar.com\/floresnoar\/wp-json\/wp\/v2\/users\/1"}],"replies":[{"embeddable":true,"href":"https:\/\/portalfloresnoar.com\/floresnoar\/wp-json\/wp\/v2\/comments?post=42108"}],"version-history":[{"count":0,"href":"https:\/\/portalfloresnoar.com\/floresnoar\/wp-json\/wp\/v2\/posts\/42108\/revisions"}],"wp:featuredmedia":[{"embeddable":true,"href":"https:\/\/portalfloresnoar.com\/floresnoar\/wp-json\/wp\/v2\/media\/42110"}],"wp:attachment":[{"href":"https:\/\/portalfloresnoar.com\/floresnoar\/wp-json\/wp\/v2\/media?parent=42108"}],"wp:term":[{"taxonomy":"category","embeddable":true,"href":"https:\/\/portalfloresnoar.com\/floresnoar\/wp-json\/wp\/v2\/categories?post=42108"},{"taxonomy":"post_tag","embeddable":true,"href":"https:\/\/portalfloresnoar.com\/floresnoar\/wp-json\/wp\/v2\/tags?post=42108"}],"curies":[{"name":"wp","href":"https:\/\/api.w.org\/{rel}","templated":true}]}}