

{"id":42073,"date":"2022-02-11T10:42:24","date_gmt":"2022-02-11T13:42:24","guid":{"rendered":"http:\/\/portalfloresnoar.com\/floresnoar\/?p=42073"},"modified":"2022-08-22T09:21:38","modified_gmt":"2022-08-22T12:21:38","slug":"agenda-pe-dea-trancoso-realiza-show-e-oficina-no-recife-neste-mes-de-agosto","status":"publish","type":"post","link":"https:\/\/portalfloresnoar.com\/floresnoar\/agenda-pe-dea-trancoso-realiza-show-e-oficina-no-recife-neste-mes-de-agosto\/","title":{"rendered":"[AGENDA PE] D\u00e9a Trancoso realiza show e oficina no Recife neste m\u00eas de agosto"},"content":{"rendered":"<p><img decoding=\"async\" loading=\"lazy\" class=\"aligncenter wp-image-42074\" src=\"http:\/\/portalfloresnoar.com\/floresnoar\/wp-content\/uploads\/2022\/08\/show-dea-trancoso-recife-700x700.jpeg\" alt=\"\" width=\"601\" height=\"601\" srcset=\"https:\/\/portalfloresnoar.com\/floresnoar\/wp-content\/uploads\/2022\/08\/show-dea-trancoso-recife-700x700.jpeg 700w, https:\/\/portalfloresnoar.com\/floresnoar\/wp-content\/uploads\/2022\/08\/show-dea-trancoso-recife-150x150.jpeg 150w, https:\/\/portalfloresnoar.com\/floresnoar\/wp-content\/uploads\/2022\/08\/show-dea-trancoso-recife-300x300.jpeg 300w, https:\/\/portalfloresnoar.com\/floresnoar\/wp-content\/uploads\/2022\/08\/show-dea-trancoso-recife-768x768.jpeg 768w, https:\/\/portalfloresnoar.com\/floresnoar\/wp-content\/uploads\/2022\/08\/show-dea-trancoso-recife-100x100.jpeg 100w, https:\/\/portalfloresnoar.com\/floresnoar\/wp-content\/uploads\/2022\/08\/show-dea-trancoso-recife.jpeg 1080w\" sizes=\"(max-width: 601px) 100vw, 601px\" \/><\/p>\n<p>A cantora, compositora e pesquisadora D\u00e9a Trancoso faz neste m\u00eas de agosto sua gira nordestina, e traz para o Recife, na noite de 19\/08, o show &#8216;Cartas ao Vento&#8217;. D\u00e9a tamb\u00e9m aproveita a vinda ao Recife e conduz em terras pernambucanas a oficina &#8216;A lembran\u00e7a de si mesmo&#8217;, nos dias 16, 17 e 18\/08. Os dois eventos acontecer\u00e3o na Casa Astral, no bairro do Po\u00e7o da Panela. Os ingressos est\u00e3o dispon\u00edveis no <a href=\"https:\/\/www.sympla.com.br\/evento\/show-dea-trancoso-cartas-ao-vento-oficina-a-lembranca-de-si-mesmo\/1650366\" target=\"_blank\" rel=\"noopener\">Sympla<\/a>.<\/p>\n<p>O show &#8216;Cartas ao Vento&#8217; \u00e9 um concerto solo, onde D\u00e9a canta acompanhada do instrumento Cuatro. &#8220;Eu e esse instrumento ancestral do cora\u00e7\u00e3o da Violeta Parra, e de tantas mulheres compositoras da am\u00e9rica latina, conduzimos narrativas que fazem parte do projeto de qualifica\u00e7\u00e3o do meu doutorado em Educa\u00e7\u00e3o pela Unicamp: &#8216;A cria\u00e7\u00e3o e manuseio de can\u00e7\u00f5es como um m\u00e9todo de percurso para lavar palavras e apurar conceitos&#8217;. Gilles Deleuze dizia que queria fazer filosofia como Bob Dylan fazia can\u00e7\u00f5es. Ent\u00e3o, a filosofia \u00e9 tamb\u00e9m aquilo que se deita no colo da can\u00e7\u00e3o&#8221;, conta D\u00e9a.<\/p>\n<p>OFICINA &#8216;A LEMBRAN\u00c7A DE SI MESMO&#8217;<br \/>\nApostando no corpo como um territ\u00f3rio art\u00edstico para experi\u00eancias de liberdade, segundo D\u00e9a, a oficina, que acontece nos dias\u00a016, 17 e 18\/08, abre brechas nas quais esse corpo vai se tornando radicalmente vivo e aprendendo a gerar linhas emancipat\u00f3rias de resson\u00e2ncia entre arte, magia, ci\u00eancia, filosofia e literatura, a partir de cosmogonias tel\u00faricas ancestrais que ainda pulsam nas vitalidades singulares de gaia.<\/p>\n<p>&#8220;S\u00e3o experimentos que quebram barreiras de separa\u00e7\u00e3o e esvanecem limites vibracionais entre os mundos para que o corpo possa se movimentar livremente e propor outras ontologias e outras epistemologias. S\u00e3o experimentos que estimulam percep\u00e7\u00f5es e reativam capacidades de desativar bombas de mis\u00e9ria do capitalismo. S\u00e3o experimentos que modulam a aten\u00e7\u00e3o e produzem alegria. S\u00e3o experimentos para depurar, nutrir, regenerar e sustentar. Da respira\u00e7\u00e3o \u00e0 imagina\u00e7\u00e3o, a gratid\u00e3o \u00e9 plantada e cultivada como uma possibilidade de frui\u00e7\u00e3o, educa\u00e7\u00e3o, cl\u00ednica e cura dos corpos: o mundo vai e vem, mas a vida continua na b\u00e1sica presen\u00e7a cheia de gra\u00e7a do ar que entra e sai dos pulm\u00f5es.&#8221;<\/p>\n<figure id=\"attachment_42075\" aria-describedby=\"caption-attachment-42075\" style=\"width: 272px\" class=\"wp-caption alignleft\"><img decoding=\"async\" loading=\"lazy\" class=\"wp-image-42075\" src=\"http:\/\/portalfloresnoar.com\/floresnoar\/wp-content\/uploads\/2022\/08\/D\u00e9a-Trancoso-por-Mariana-Botelho-3-467x700.jpg\" alt=\"\" width=\"272\" height=\"408\" srcset=\"https:\/\/portalfloresnoar.com\/floresnoar\/wp-content\/uploads\/2022\/08\/D\u00e9a-Trancoso-por-Mariana-Botelho-3-467x700.jpg 467w, https:\/\/portalfloresnoar.com\/floresnoar\/wp-content\/uploads\/2022\/08\/D\u00e9a-Trancoso-por-Mariana-Botelho-3-200x300.jpg 200w, https:\/\/portalfloresnoar.com\/floresnoar\/wp-content\/uploads\/2022\/08\/D\u00e9a-Trancoso-por-Mariana-Botelho-3.jpg 700w\" sizes=\"(max-width: 272px) 100vw, 272px\" \/><figcaption id=\"caption-attachment-42075\" class=\"wp-caption-text\">Foto: Mariana Botelho\/ Divulga\u00e7\u00e3o<\/figcaption><\/figure>\n<p>&nbsp;<\/p>\n<p><strong>D\u00e9a Trancoso<\/strong> \u00e9 cantora, compositora e pesquisadora. Mestre em Estudos Rurais pela Universidade Federal dos Vales do Jequitinhonha e Mucuri (UFVJM) e doutoranda em Educa\u00e7\u00e3o pela UNICAMP. Navega pela arte, linguagem e educa\u00e7\u00e3o, advogando o direito \u00e0 experi\u00eancia como um direito inalien\u00e1vel dos corpos. Advoga, ainda, a frui\u00e7\u00e3o, a cl\u00ednica, a educa\u00e7\u00e3o e a cura como acontecimentos indissoci\u00e1veis.<\/p>\n<p>D\u00e9a lan\u00e7ou seu primeiro disco, o &#8216;Tum Tum Tum&#8217;, em 2006 e recebeu indica\u00e7\u00e3o para o Pr\u00eamio da M\u00fasica Brasileira em quatro categorias, sendo indicada novamente em 2013. Lan\u00e7ou mais quatro discos (&#8216;O Violeiro e a Cantora&#8217;, &#8216;Serendipity&#8217;, &#8216;Flor do Jequi&#8217; e &#8216;L\u00edricas breves para a Constru\u00e7\u00e3o de uma Alma&#8217;) e viajou por todo o Brasil e pa\u00edses da Europa. Tem parcerias com Badi Assad, Chico C\u00e9sar e Rog\u00e9rio Delayon e teve can\u00e7\u00f5es em seus discos gravadas por vozes como Na Ozzetti, M\u00f4nica Salmaso e o pernambucano Gonzaga Leal.<\/p>\n<p>&nbsp;<\/p>\n<p>SERVI\u00c7O<br \/>\n<strong>Show Cartas ao Vento<\/strong><br \/>\nDia: 19\/08 (sexta-feira)<br \/>\nHora: \u00e0s 21h<br \/>\nLocal: Casa Astral, Rua Joaquim Xavier de Andrade, 104 &#8211; Po\u00e7o da Panela, Recife\/PE<br \/>\nIngressos: Meia R$ 20 | Inteira R$ 40 | Elegante R$ 50<\/p>\n<p><strong>Oficina &#8216;A lembran\u00e7a de si mesmo&#8217;<\/strong><br \/>\nData: 16, 17 e 18\/08 (Ter\u00e7a, quarta e quinta)<br \/>\nHor\u00e1rio: Das 19h \u00e0s 21h<br \/>\nLocal:\u00a0Casa Astral, Rua Joaquim Xavier de Andrade, 104 &#8211; Po\u00e7o da Panela, Recife\/PE<br \/>\nInvestimento: At\u00e9 13\/08 R$120 | Ap\u00f3s 13\/08 R$ 140 | Elegante R$150<\/p>\n<p><strong>INGRESSOS PARA O SHOW E INSCRI\u00c7\u00d5ES PARA OFICINA<\/strong>, atrav\u00e9s deste link: <a href=\"https:\/\/www.sympla.com.br\/evento\/show-dea-trancoso-cartas-ao-vento-oficina-a-lembranca-de-si-mesmo\/1650366\" target=\"_blank\" rel=\"noopener\">https:\/\/www.sympla.com.br\/evento\/show-dea-trancoso-cartas-ao-vento-oficina-a-lembranca-de-si-mesmo\/1650366<\/a><\/p>\n<p><strong>Mais informa\u00e7\u00f5es:<\/strong> 81 99999 2590<\/p>\n","protected":false},"excerpt":{"rendered":"<p>A cantora, compositora e pesquisadora D\u00e9a Trancoso faz neste m\u00eas de agosto sua gira nordestina, e traz para o Recife, na noite de 19\/08, o show &#8216;Cartas ao Vento&#8217;. D\u00e9a tamb\u00e9m aproveita a vinda ao Recife e conduz em terras pernambucanas a oficina &#8216;A lembran\u00e7a de si mesmo&#8217;, nos dias 16, 17 e 18\/08. Os [&hellip;]<\/p>\n","protected":false},"author":1,"featured_media":42088,"comment_status":"open","ping_status":"open","sticky":false,"template":"","format":"standard","meta":{"om_disable_all_campaigns":false,"_monsterinsights_skip_tracking":false,"_monsterinsights_sitenote_active":false,"_monsterinsights_sitenote_note":"","_monsterinsights_sitenote_category":0,"footnotes":""},"categories":[8,214],"tags":[136,244,31,328,125],"acf":[],"publishpress_future_action":{"enabled":false,"date":"1969-12-31 21:00:00","action":"","terms":[],"taxonomy":"","browser_timezone_offset":0},"_links":{"self":[{"href":"https:\/\/portalfloresnoar.com\/floresnoar\/wp-json\/wp\/v2\/posts\/42073"}],"collection":[{"href":"https:\/\/portalfloresnoar.com\/floresnoar\/wp-json\/wp\/v2\/posts"}],"about":[{"href":"https:\/\/portalfloresnoar.com\/floresnoar\/wp-json\/wp\/v2\/types\/post"}],"author":[{"embeddable":true,"href":"https:\/\/portalfloresnoar.com\/floresnoar\/wp-json\/wp\/v2\/users\/1"}],"replies":[{"embeddable":true,"href":"https:\/\/portalfloresnoar.com\/floresnoar\/wp-json\/wp\/v2\/comments?post=42073"}],"version-history":[{"count":0,"href":"https:\/\/portalfloresnoar.com\/floresnoar\/wp-json\/wp\/v2\/posts\/42073\/revisions"}],"wp:featuredmedia":[{"embeddable":true,"href":"https:\/\/portalfloresnoar.com\/floresnoar\/wp-json\/wp\/v2\/media\/42088"}],"wp:attachment":[{"href":"https:\/\/portalfloresnoar.com\/floresnoar\/wp-json\/wp\/v2\/media?parent=42073"}],"wp:term":[{"taxonomy":"category","embeddable":true,"href":"https:\/\/portalfloresnoar.com\/floresnoar\/wp-json\/wp\/v2\/categories?post=42073"},{"taxonomy":"post_tag","embeddable":true,"href":"https:\/\/portalfloresnoar.com\/floresnoar\/wp-json\/wp\/v2\/tags?post=42073"}],"curies":[{"name":"wp","href":"https:\/\/api.w.org\/{rel}","templated":true}]}}