

{"id":42045,"date":"2022-02-23T06:24:11","date_gmt":"2022-02-23T09:24:11","guid":{"rendered":"http:\/\/portalfloresnoar.com\/floresnoar\/?p=42045"},"modified":"2022-08-27T14:16:06","modified_gmt":"2022-08-27T17:16:06","slug":"agenda-pe-retiro-presencial-de-silencio-yoga-e-meditacao-com-sandro-bosco-dias-26-27-e-28-de-agosto","status":"publish","type":"post","link":"https:\/\/portalfloresnoar.com\/floresnoar\/agenda-pe-retiro-presencial-de-silencio-yoga-e-meditacao-com-sandro-bosco-dias-26-27-e-28-de-agosto\/","title":{"rendered":"[AGENDA PE] Retiro presencial de Sil\u00eancio, Yoga e Medita\u00e7\u00e3o, com Sandro Bosco, dias 26, 27 e 28 de agosto"},"content":{"rendered":"<p><img decoding=\"async\" loading=\"lazy\" class=\"aligncenter wp-image-42047 \" src=\"http:\/\/portalfloresnoar.com\/floresnoar\/wp-content\/uploads\/2022\/08\/retiro-com-sandro-bosco-700x392.jpg\" alt=\"\" width=\"614\" height=\"344\" srcset=\"https:\/\/portalfloresnoar.com\/floresnoar\/wp-content\/uploads\/2022\/08\/retiro-com-sandro-bosco-700x392.jpg 700w, https:\/\/portalfloresnoar.com\/floresnoar\/wp-content\/uploads\/2022\/08\/retiro-com-sandro-bosco-300x168.jpg 300w, https:\/\/portalfloresnoar.com\/floresnoar\/wp-content\/uploads\/2022\/08\/retiro-com-sandro-bosco-768x430.jpg 768w, https:\/\/portalfloresnoar.com\/floresnoar\/wp-content\/uploads\/2022\/08\/retiro-com-sandro-bosco.jpg 946w\" sizes=\"(max-width: 614px) 100vw, 614px\" \/><\/p>\n<p>O professor de Yoga\u00a0<a href=\"https:\/\/www.instagram.com\/sandrobosco.yoga\/\" target=\"_blank\" rel=\"noopener\">Sandro Bosco<\/a> conduz nos dias 26, 27 e 28 de agosto de 2022,\u00a0 o &#8216;RETIRO SYM &#8211; um aprendizado para o Sil\u00eancio, Yoga e Medita\u00e7\u00e3o&#8217;. O encontro ser\u00e1 realizado no Hotel Campestre, em Aldeia (pr\u00f3ximo ao Recife).<\/p>\n<p>No\u00a0formato de imers\u00e3o de tr\u00eas dias, o retiro \u00e9 voltado tanto para\u00a0praticantes de yoga e medita\u00e7\u00e3o, como tamb\u00e9m para n\u00e3o praticantes . A programa\u00e7\u00e3o inclui\u00a0pr\u00e1ticas de medita\u00e7\u00e3o, yoga, respira\u00e7\u00e3o (pranayamas), palestras, mantras e alimenta\u00e7\u00e3o ovo-lacto-vegetariana, preparada especialmente para o encontro.<\/p>\n<p>&#8220;No atual momento que estamos vivendo, com mudan\u00e7as t\u00e3o repentinas, adoecimentos f\u00edsicos e mentais, o RETIRO SYM (SIL\u00caNCIO \u2013 YOGA \u2013 MEDITA\u00c7\u00c3O) ser\u00e1 uma oportunidade de pausa para o autocuidado e o autoconhecimento.\u00a0Participar do retiro, \u00e9: um SYM para os cuidados com sua mente e com seu corpo; um SYM para que voc\u00ea possa viver uma vida com mais sa\u00fade e bem-estar; um SYM para voc\u00ea mergulhar e desfrutar a experi\u00eancia, silenciando e\u00a0armazenando energia e entusiasmo&#8221;, informam as organizadoras do retiro.<\/p>\n<p><strong>SOBRE O FACILITADOR DO RETIRO<\/strong><br \/>\n<img decoding=\"async\" loading=\"lazy\" class=\"size-medium wp-image-42046 alignleft\" src=\"http:\/\/portalfloresnoar.com\/floresnoar\/wp-content\/uploads\/2022\/08\/sandro-bosco-professor-de-yoga-300x193.jpg\" alt=\"\" width=\"300\" height=\"193\" srcset=\"https:\/\/portalfloresnoar.com\/floresnoar\/wp-content\/uploads\/2022\/08\/sandro-bosco-professor-de-yoga-300x193.jpg 300w, https:\/\/portalfloresnoar.com\/floresnoar\/wp-content\/uploads\/2022\/08\/sandro-bosco-professor-de-yoga.jpg 669w\" sizes=\"(max-width: 300px) 100vw, 300px\" \/>Sandro Bosco \u00e9 autor de <a href=\"https:\/\/www.sandrobosco.com.br\/livros\/\" target=\"_blank\" rel=\"noopener\">quatro livros<\/a>, palestrante e j\u00e1 formou milhares de professores de yoga no Brasil e fora do pa\u00eds. Desde 1974 vem ensinando yoga no Brasil, EUA, Su\u00ed\u00e7a, Chile, \u00cdndia, Fran\u00e7a, Espanha, It\u00e1lia e Portugal. Sua did\u00e1tica \u00e9 \u00fanica e aborda os assuntos ligados \u00e0 sabedoria oriental com o intuito de simplificar e desmistificar, possibilitando\u00a0uma transforma\u00e7\u00e3o interna e profunda. Conduz retiros de yoga, medita\u00e7\u00e3o e pr\u00e1tica do sil\u00eancio desde 1979.<br \/>\nSite de Sandro Bosco:\u00a0<a href=\"https:\/\/www.sandrobosco.com.br\/\" target=\"_blank\" rel=\"noopener\">www.sandrobosco.com.br\u00a0<\/a><\/p>\n<p><strong>PROGRAMA\u00c7\u00c3O\u00a0<\/strong><br \/>\n\u25aa Medita\u00e7\u00e3o matinal e noturna, com posturas de yoga preparat\u00f3rias para sentar com estabilidade;<br \/>\n\u25aa Exerc\u00edcios de \u201cRespira\u00e7\u00e3o Yogue Consciente\u201d, com posturas de yoga preparat\u00f3rias;<br \/>\n\u25aa Pr\u00e1ticas de posturas de yoga para reduzir a ansiedade e o estresse;<br \/>\n\u25aa Mini-pausas meditativas para concentra\u00e7\u00e3o;<br \/>\n\u25aa Per\u00edodos de pr\u00e1tica de sil\u00eancio para desenvolver quietude interior e calma;<br \/>\n\u25aa Din\u00e2micas com o professor Sandro para o esclarecimento de d\u00favidas sobre a sa\u00fade do corpo, da mente e sobre a pr\u00e1tica do yoga e da medita\u00e7\u00e3o;<br \/>\n\u25aa Palestras sobre a filosofia e o modo de vida yogue;<br \/>\n\u25aa Refei\u00e7\u00f5es com alimenta\u00e7\u00e3o ovo-lacto-vegetariana.<\/p>\n<p><em><strong>Obs.:<\/strong> Livros de autoria do professor Sandro Bosco ser\u00e3o sorteados durante o retiro.<\/em><\/p>\n<p><strong>P\u00daBLICO-ALVO<\/strong><br \/>\nPraticantes, iniciantes, interessados e professores de yoga e medita\u00e7\u00e3o.<br \/>\nFaixa et\u00e1ria: 16 a 80 anos<\/p>\n<p><strong>LOCAL DO RETIRO<\/strong><br \/>\nO Hotel Campestre \u00e9 um local privilegiado em Pernambuco em meio \u00e0 Natureza. A energia do lugar \u00e9 prop\u00edcia para uma profunda e harmoniosa experi\u00eancia. \u00c9 localizado na Rua Jos\u00e9 Severino de Barros, 465 &#8211; Km 13 &#8211; Aldeia dos Camar\u00e1s, Camaragibe\/PE.<\/p>\n<p><strong>O QUE LEVAR<\/strong><br \/>\n&#8211; M\u00e1scaras<br \/>\n&#8211; Tapete de yoga<br \/>\n&#8211; Roupas leves e confort\u00e1veis<br \/>\n&#8211; Agasalhos e meias para as noites<br \/>\n&#8211; Garrafa de \u00e1gua<br \/>\n&#8211; Repelente e Protetor Solar<br \/>\n&#8211; T\u00eanis<br \/>\n&#8211; Roupa de banho<\/p>\n<p><strong>OBSERVA\u00c7\u00d5ES IMPORTANTES<\/strong><br \/>\n<em><strong>Obs.1<\/strong>: Como ser\u00e3o 3 dias de contato profundo com o corpo f\u00edsico, emocional e mental, \u00e9 sugerido que na semana que antecede o retiro seja feita uma alimenta\u00e7\u00e3o mais leve e natural, sem carnes e derivados de prote\u00edna animal, fumo, \u00e1lcool, e qualquer subst\u00e2ncia danosa ao organismo.<\/em><\/p>\n<p><em><strong>Obs.2<\/strong>: Durante o Retiro, diante do contato direto com uma energia muito sutil, \u00e9 sugerido que os participantes abstenham-se do uso do celular e de eletr\u00f4nicos, para que o mergulho possa acontecer de forma integral.<\/em><\/p>\n<p><strong>INVESTIMENTO<\/strong> (Inclusos: Hospedagem (3 dias e 2 noites), 6 Alimenta\u00e7\u00f5es Di\u00e1rias, Pr\u00e1ticas de Yoga, Medita\u00e7\u00e3o, Respira\u00e7\u00e3o e Palestras)<br \/>\n\u25cf Quarto individual: R$ 1.500,00<br \/>\n\u25cf Quarto duplo: R$ 1.200,00\/ pessoa<br \/>\n\u25cf Quarto triplo ou qu\u00e1druplo: R$ 900,00\/ pessoa<\/p>\n<p><strong>CONDI\u00c7\u00d5ES DE PAGAMENTO<\/strong><br \/>\n<strong>Op\u00e7\u00e3o 1:<\/strong> Cart\u00e3o de cr\u00e9dito em at\u00e9 6x ou boleto banc\u00e1rio em 2x<br \/>\n<strong>Op\u00e7\u00e3o2:<\/strong> PIX (CNPJ): 12991045000154: 5% DESCONTO<\/p>\n<p><strong>INSCRI\u00c7\u00d5ES E MAIS INFORMA\u00c7\u00d5ES<\/strong><br \/>\n<strong>WhatsApp:<\/strong> (81) 99848-1333 &#8211; Jamecy\/ (61) 98102.5922-\u00c2ngela<br \/>\n<strong>E-mail:<\/strong> crisklein_@hotmail.com<br \/>\n<strong>Instagram:<\/strong> <a href=\"https:\/\/www.instagram.com\/retirosym\/\" target=\"_blank\" rel=\"noopener\">@retirosym<\/a><\/p>\n","protected":false},"excerpt":{"rendered":"<p>O professor de Yoga\u00a0Sandro Bosco conduz nos dias 26, 27 e 28 de agosto de 2022,\u00a0 o &#8216;RETIRO SYM &#8211; um aprendizado para o Sil\u00eancio, Yoga e Medita\u00e7\u00e3o&#8217;. O encontro ser\u00e1 realizado no Hotel Campestre, em Aldeia (pr\u00f3ximo ao Recife). No\u00a0formato de imers\u00e3o de tr\u00eas dias, o retiro \u00e9 voltado tanto para\u00a0praticantes de yoga e [&hellip;]<\/p>\n","protected":false},"author":1,"featured_media":42049,"comment_status":"open","ping_status":"open","sticky":false,"template":"","format":"standard","meta":{"om_disable_all_campaigns":false,"_monsterinsights_skip_tracking":false,"_monsterinsights_sitenote_active":false,"_monsterinsights_sitenote_note":"","_monsterinsights_sitenote_category":0,"footnotes":""},"categories":[8,214],"tags":[605,298,43,551,396,21],"acf":[],"publishpress_future_action":{"enabled":false,"date":"1969-12-31 21:00:00","action":"","terms":[],"taxonomy":"","browser_timezone_offset":0},"_links":{"self":[{"href":"https:\/\/portalfloresnoar.com\/floresnoar\/wp-json\/wp\/v2\/posts\/42045"}],"collection":[{"href":"https:\/\/portalfloresnoar.com\/floresnoar\/wp-json\/wp\/v2\/posts"}],"about":[{"href":"https:\/\/portalfloresnoar.com\/floresnoar\/wp-json\/wp\/v2\/types\/post"}],"author":[{"embeddable":true,"href":"https:\/\/portalfloresnoar.com\/floresnoar\/wp-json\/wp\/v2\/users\/1"}],"replies":[{"embeddable":true,"href":"https:\/\/portalfloresnoar.com\/floresnoar\/wp-json\/wp\/v2\/comments?post=42045"}],"version-history":[{"count":0,"href":"https:\/\/portalfloresnoar.com\/floresnoar\/wp-json\/wp\/v2\/posts\/42045\/revisions"}],"wp:featuredmedia":[{"embeddable":true,"href":"https:\/\/portalfloresnoar.com\/floresnoar\/wp-json\/wp\/v2\/media\/42049"}],"wp:attachment":[{"href":"https:\/\/portalfloresnoar.com\/floresnoar\/wp-json\/wp\/v2\/media?parent=42045"}],"wp:term":[{"taxonomy":"category","embeddable":true,"href":"https:\/\/portalfloresnoar.com\/floresnoar\/wp-json\/wp\/v2\/categories?post=42045"},{"taxonomy":"post_tag","embeddable":true,"href":"https:\/\/portalfloresnoar.com\/floresnoar\/wp-json\/wp\/v2\/tags?post=42045"}],"curies":[{"name":"wp","href":"https:\/\/api.w.org\/{rel}","templated":true}]}}