

{"id":42001,"date":"2022-07-23T11:55:31","date_gmt":"2022-07-23T14:55:31","guid":{"rendered":"http:\/\/portalfloresnoar.com\/floresnoar\/?p=42001"},"modified":"2022-07-23T11:55:31","modified_gmt":"2022-07-23T14:55:31","slug":"noticias-conheca-o-dossie-fundacao-anti-indigena-um-retrato-da-funai-sob-o-governo-bolsonaro","status":"publish","type":"post","link":"https:\/\/portalfloresnoar.com\/floresnoar\/noticias-conheca-o-dossie-fundacao-anti-indigena-um-retrato-da-funai-sob-o-governo-bolsonaro\/","title":{"rendered":"[NOT\u00cdCIAS] Conhe\u00e7a o dossi\u00ea: &#8216;FUNDA\u00c7\u00c3O ANTI-IND\u00cdGENA: Um retrato da Funai sob o governo Bolsonaro&#8217;"},"content":{"rendered":"<p><img decoding=\"async\" loading=\"lazy\" class=\"wp-image-42002 alignleft\" src=\"http:\/\/portalfloresnoar.com\/floresnoar\/wp-content\/uploads\/2022\/07\/anti-funai-560x700.jpeg\" alt=\"\" width=\"333\" height=\"416\" srcset=\"https:\/\/portalfloresnoar.com\/floresnoar\/wp-content\/uploads\/2022\/07\/anti-funai-560x700.jpeg 560w, https:\/\/portalfloresnoar.com\/floresnoar\/wp-content\/uploads\/2022\/07\/anti-funai-240x300.jpeg 240w, https:\/\/portalfloresnoar.com\/floresnoar\/wp-content\/uploads\/2022\/07\/anti-funai.jpeg 707w\" sizes=\"(max-width: 333px) 100vw, 333px\" \/>O<a href=\"https:\/\/www.inesc.org.br\/\" target=\"_blank\" rel=\"noopener\"> INESC &#8211; Instituto de Estudos S\u00f3cioecon\u00f4micos<\/a>\u00a0est\u00e1 disponibilizando para download gratuito um dossi\u00ea que sistematiza os retrocessos causados pela gest\u00e3o Bolsonaro na Funai.<\/p>\n<p>O documento foi elaborado pelo INESC, em parceria com a <a href=\"https:\/\/indigenistasassociados.org.br\/\" target=\"_blank\" rel=\"noopener\">INA &#8211; Indigenistas Associados<\/a> (associa\u00e7\u00e3o de servidoras\/es da Funai ). Foram tr\u00eas anos de monitoramento conjunto, com an\u00e1lise de documentos oficiais e depoimentos de servidores colhidos em anonimato.<\/p>\n<p>Intitulado &#8216;FUNDA\u00c7\u00c3O ANTI-IND\u00cdGENA: Um retrato da Funai sob o governo Bolsonaro&#8217;, o dossi\u00ea mostra que, sob o governo Bolsonaro, a Funai tem implementado uma pol\u00edtica anti-indigenista, de n\u00e3o demarca\u00e7\u00e3o de TIs, persegui\u00e7\u00e3o aos funcion\u00e1rios e a lideran\u00e7as ind\u00edgenas e militariza\u00e7\u00e3o do \u00f3rg\u00e3o.<\/p>\n<p>Na avalia\u00e7\u00e3o das organiza\u00e7\u00f5es, o governo Bolsonaro se apodera das estruturas do Estado para desconstruir garantias conquistadas. &#8220;Como acontece tamb\u00e9m em outras \u00e1reas, o cen\u00e1rio atual \u00e9 enormemente desafiador para aquelas e aqueles que defendem os direitos ind\u00edgenas e um servi\u00e7o p\u00fablico de qualidade no Brasil&#8221;.<\/p>\n<p>O documento foi divulgado no dia 13 de junho passado, em meio \u00e0 indigna\u00e7\u00e3o a respeito do desaparecimento do indigenista e servidor licenciado da Funai Bruno Ara\u00fajo Pereira e do jornalista ingl\u00eas Dom Phillips.<\/p>\n<p><strong>O dossi\u00ea completo pode ser acessado neste link:<\/strong> <a href=\"https:\/\/www.inesc.org.br\/fundacao-anti-indigena-um-retrato-da-funai-sob-o-governo-bolsonaro\/\" target=\"_blank\" rel=\"noopener\">https:\/\/www.inesc.org.br\/fundacao-anti-indigena-um-retrato-da-funai-sob-o-governo-bolsonaro\/<\/a><\/p>\n","protected":false},"excerpt":{"rendered":"<p>O INESC &#8211; Instituto de Estudos S\u00f3cioecon\u00f4micos\u00a0est\u00e1 disponibilizando para download gratuito um dossi\u00ea que sistematiza os retrocessos causados pela gest\u00e3o Bolsonaro na Funai. O documento foi elaborado pelo INESC, em parceria com a INA &#8211; Indigenistas Associados (associa\u00e7\u00e3o de servidoras\/es da Funai ). Foram tr\u00eas anos de monitoramento conjunto, com an\u00e1lise de documentos oficiais e [&hellip;]<\/p>\n","protected":false},"author":1,"featured_media":42003,"comment_status":"open","ping_status":"open","sticky":false,"template":"","format":"standard","meta":{"om_disable_all_campaigns":false,"_monsterinsights_skip_tracking":false,"_monsterinsights_sitenote_active":false,"_monsterinsights_sitenote_note":"","_monsterinsights_sitenote_category":0,"footnotes":""},"categories":[9],"tags":[1216,1048],"acf":[],"publishpress_future_action":{"enabled":false,"date":"1969-12-31 21:00:00","action":"","terms":[],"taxonomy":"","browser_timezone_offset":0},"_links":{"self":[{"href":"https:\/\/portalfloresnoar.com\/floresnoar\/wp-json\/wp\/v2\/posts\/42001"}],"collection":[{"href":"https:\/\/portalfloresnoar.com\/floresnoar\/wp-json\/wp\/v2\/posts"}],"about":[{"href":"https:\/\/portalfloresnoar.com\/floresnoar\/wp-json\/wp\/v2\/types\/post"}],"author":[{"embeddable":true,"href":"https:\/\/portalfloresnoar.com\/floresnoar\/wp-json\/wp\/v2\/users\/1"}],"replies":[{"embeddable":true,"href":"https:\/\/portalfloresnoar.com\/floresnoar\/wp-json\/wp\/v2\/comments?post=42001"}],"version-history":[{"count":0,"href":"https:\/\/portalfloresnoar.com\/floresnoar\/wp-json\/wp\/v2\/posts\/42001\/revisions"}],"wp:featuredmedia":[{"embeddable":true,"href":"https:\/\/portalfloresnoar.com\/floresnoar\/wp-json\/wp\/v2\/media\/42003"}],"wp:attachment":[{"href":"https:\/\/portalfloresnoar.com\/floresnoar\/wp-json\/wp\/v2\/media?parent=42001"}],"wp:term":[{"taxonomy":"category","embeddable":true,"href":"https:\/\/portalfloresnoar.com\/floresnoar\/wp-json\/wp\/v2\/categories?post=42001"},{"taxonomy":"post_tag","embeddable":true,"href":"https:\/\/portalfloresnoar.com\/floresnoar\/wp-json\/wp\/v2\/tags?post=42001"}],"curies":[{"name":"wp","href":"https:\/\/api.w.org\/{rel}","templated":true}]}}