

{"id":41988,"date":"2022-08-01T06:29:57","date_gmt":"2022-08-01T09:29:57","guid":{"rendered":"http:\/\/portalfloresnoar.com\/floresnoar\/?p=41988"},"modified":"2022-08-05T10:42:25","modified_gmt":"2022-08-05T13:42:25","slug":"agenda-pe-psicoterapia-corporal-biodinamica-com-rafaela-abreu-no-recife","status":"publish","type":"post","link":"https:\/\/portalfloresnoar.com\/floresnoar\/agenda-pe-psicoterapia-corporal-biodinamica-com-rafaela-abreu-no-recife\/","title":{"rendered":"[AGENDA PE] Psicoterapia Corporal Biodin\u00e2mica, com Rafaela Abreu, no Recife"},"content":{"rendered":"<figure id=\"attachment_41989\" aria-describedby=\"caption-attachment-41989\" style=\"width: 310px\" class=\"wp-caption alignleft\"><img decoding=\"async\" loading=\"lazy\" class=\"wp-image-41989\" src=\"http:\/\/portalfloresnoar.com\/floresnoar\/wp-content\/uploads\/2022\/07\/psicoterapia-corporal-no-recife-467x700.jpeg\" alt=\"\" width=\"310\" height=\"465\" srcset=\"https:\/\/portalfloresnoar.com\/floresnoar\/wp-content\/uploads\/2022\/07\/psicoterapia-corporal-no-recife-467x700.jpeg 467w, https:\/\/portalfloresnoar.com\/floresnoar\/wp-content\/uploads\/2022\/07\/psicoterapia-corporal-no-recife-200x300.jpeg 200w, https:\/\/portalfloresnoar.com\/floresnoar\/wp-content\/uploads\/2022\/07\/psicoterapia-corporal-no-recife-768x1152.jpeg 768w, https:\/\/portalfloresnoar.com\/floresnoar\/wp-content\/uploads\/2022\/07\/psicoterapia-corporal-no-recife.jpeg 949w\" sizes=\"(max-width: 310px) 100vw, 310px\" \/><figcaption id=\"caption-attachment-41989\" class=\"wp-caption-text\">Rafaela Abreu oferece atendimentos em Psicoterapia Corporal Biodin\u00e2mica no Recife. Foto: Gabriela Ribeiro.<\/figcaption><\/figure>\n<p>A psicoterapeuta Corporal e psic\u00f3loga Rafaela Abreu est\u00e1 oferecendo, no Recife, sess\u00f5es de Psicoterapia Corporal Biodin\u00e2mica, uma linha de terapia Neorreichiana, que tem como caracter\u00edsticas principais a suavidade e a amorosidade.<\/p>\n<p>&#8220;A Psicoterapia Corporal Biodin\u00e2mica se prop\u00f5e a observar, atrav\u00e9s do discurso anal\u00edtico do sujeito, poss\u00edveis pontos de bloqueios localizados no corpo &#8211; as coura\u00e7as &#8211; e, a partir delas, busca promover interven\u00e7\u00f5es corporais, exerc\u00edcios bioenerg\u00e9ticos, respira\u00e7\u00e3o consciente e massagens para libera\u00e7\u00e3o da bioenergia, proporcionando al\u00edvio da ang\u00fastia original, contribuindo para o bem-estar f\u00edsico, emocional e psicol\u00f3gico&#8221;, explica Rafaela, acrescentando que a t\u00e9cnica \u00e9 bastante indicada para o acompanhamento de gestantes, pessoas em crise, e pessoas em processos de adoecimento f\u00edsico cr\u00f4nico.<\/p>\n<p><strong>Rafaela de Abreu A. C. Cris\u00f3stomo<\/strong> (CRP02\/ 24028) \u00e9 psic\u00f3loga Cl\u00ednica e psicoterapeuta corporal. Tem forma\u00e7\u00e3o em Massagem Biodin\u00e2mica (CEBRAFAPO) e em ACT (Terapia de Aceita\u00e7\u00e3o e Compromisso). \u00c9 especialista em Neuropsicologia e Psicologia Sexual.<\/p>\n<p><strong>Local dos atendimentos:<\/strong> Casa Lua \u2013 Rua Marqu\u00eas de Tamandar\u00e9, 203, Po\u00e7o da Panela \u2013 Recife PE<\/p>\n<p>AGENDAMENTOS E MAIS INFORMA\u00c7\u00d5ES<br \/>\n<strong>Telefone\/ WhatsApp:<\/strong>\u00a0\u00a0 (81) 98166-0717<br \/>\n<strong>Instagram:<\/strong>\u00a0<a href=\"https:\/\/www.instagram.com\/rafaeladeabreu.psi\/\" target=\"_blank\" rel=\"noreferrer noopener\">@rafaeladeabreu.psi<\/a><br \/>\n<strong>E-mail:<\/strong>\u00a0rafacrisostomo@gmail.com<br \/>\n<strong>Site:<\/strong>\u00a0<a href=\"https:\/\/rafaelaabreu.com.br\/\" target=\"_blank\" rel=\"noreferrer noopener\" data-type=\"URL\" data-id=\"https:\/\/rafaelaabreu.com.br\/\">www.rafaelaabreu.com.br<\/a><\/p>\n","protected":false},"excerpt":{"rendered":"<p>A psicoterapeuta Corporal e psic\u00f3loga Rafaela Abreu est\u00e1 oferecendo, no Recife, sess\u00f5es de Psicoterapia Corporal Biodin\u00e2mica, uma linha de terapia Neorreichiana, que tem como caracter\u00edsticas principais a suavidade e a amorosidade. &#8220;A Psicoterapia Corporal Biodin\u00e2mica se prop\u00f5e a observar, atrav\u00e9s do discurso anal\u00edtico do sujeito, poss\u00edveis pontos de bloqueios localizados no corpo &#8211; as coura\u00e7as [&hellip;]<\/p>\n","protected":false},"author":1,"featured_media":41990,"comment_status":"open","ping_status":"open","sticky":false,"template":"","format":"standard","meta":{"om_disable_all_campaigns":false,"_monsterinsights_skip_tracking":false,"_monsterinsights_sitenote_active":false,"_monsterinsights_sitenote_note":"","_monsterinsights_sitenote_category":0,"footnotes":""},"categories":[8,224,214],"tags":[325,81,148,1213,1148,1214],"acf":[],"publishpress_future_action":{"enabled":false,"date":"1969-12-31 21:00:00","action":"","terms":[],"taxonomy":"","browser_timezone_offset":0},"_links":{"self":[{"href":"https:\/\/portalfloresnoar.com\/floresnoar\/wp-json\/wp\/v2\/posts\/41988"}],"collection":[{"href":"https:\/\/portalfloresnoar.com\/floresnoar\/wp-json\/wp\/v2\/posts"}],"about":[{"href":"https:\/\/portalfloresnoar.com\/floresnoar\/wp-json\/wp\/v2\/types\/post"}],"author":[{"embeddable":true,"href":"https:\/\/portalfloresnoar.com\/floresnoar\/wp-json\/wp\/v2\/users\/1"}],"replies":[{"embeddable":true,"href":"https:\/\/portalfloresnoar.com\/floresnoar\/wp-json\/wp\/v2\/comments?post=41988"}],"version-history":[{"count":0,"href":"https:\/\/portalfloresnoar.com\/floresnoar\/wp-json\/wp\/v2\/posts\/41988\/revisions"}],"wp:featuredmedia":[{"embeddable":true,"href":"https:\/\/portalfloresnoar.com\/floresnoar\/wp-json\/wp\/v2\/media\/41990"}],"wp:attachment":[{"href":"https:\/\/portalfloresnoar.com\/floresnoar\/wp-json\/wp\/v2\/media?parent=41988"}],"wp:term":[{"taxonomy":"category","embeddable":true,"href":"https:\/\/portalfloresnoar.com\/floresnoar\/wp-json\/wp\/v2\/categories?post=41988"},{"taxonomy":"post_tag","embeddable":true,"href":"https:\/\/portalfloresnoar.com\/floresnoar\/wp-json\/wp\/v2\/tags?post=41988"}],"curies":[{"name":"wp","href":"https:\/\/api.w.org\/{rel}","templated":true}]}}